{"id":18520,"date":"2022-12-31T15:47:12","date_gmt":"2022-12-31T19:47:12","guid":{"rendered":"http:\/\/delamanodemaria.com\/?p=18520"},"modified":"2022-12-31T15:47:12","modified_gmt":"2022-12-31T19:47:12","slug":"reflexion-personal-en-torno-a-la-despedida-de-ano-2","status":"publish","type":"post","link":"http:\/\/delamanodemaria.com\/?p=18520","title":{"rendered":"REFLEXI\u00d3N PERSONAL EN TORNO A LA DESPEDIDA DE A\u00d1O"},"content":{"rendered":"\n<figure class=\"wp-block-image size-full\"><a href=\"http:\/\/delamanodemaria.com\/wp-content\/uploads\/2016\/12\/a\u00f1o-nuevo-2.jpg\"><img decoding=\"async\" loading=\"lazy\" width=\"600\" height=\"338\" src=\"http:\/\/delamanodemaria.com\/wp-content\/uploads\/2016\/12\/a\u00f1o-nuevo-2.jpg\" alt=\"\" class=\"wp-image-8282\" srcset=\"http:\/\/delamanodemaria.com\/wp-content\/uploads\/2016\/12\/a\u00f1o-nuevo-2.jpg 600w, http:\/\/delamanodemaria.com\/wp-content\/uploads\/2016\/12\/a\u00f1o-nuevo-2-300x169.jpg 300w, http:\/\/delamanodemaria.com\/wp-content\/uploads\/2016\/12\/a\u00f1o-nuevo-2-500x282.jpg 500w\" sizes=\"(max-width: 600px) 100vw, 600px\" \/><\/a><\/figure>\n\n\n\n<p>Revisando mis archivos me top\u00e9 con esta reflexi\u00f3n que escrib\u00ed hace una d\u00e9cada, y he decido compartirla con ustedes hoy:<\/p>\n\n\n\n<p><em>Nos encontramos\u00a0una vez m\u00e1s\u00a0a punto de pasar la p\u00e1gina del almanaque de la historia de la humanidad. Un cambio de fecha, un cambio de a\u00f1o cronol\u00f3gico que marca\u00a0el punto del tiempo lineal que nos ha tocado vivir en eso que llamamos eternidad. Y para poder encontrarle sentido a esa eternidad hemos decidido ordenar el tiempo en momentos medibles a los que podamos referirnos para construir eso que llamamos historia. Para ello, nos inventamos los segundos, los minutos, las horas, las semanas, los meses, los a\u00f1os, las d\u00e9cadas, los milenios\u2026<\/em><\/p>\n\n\n\n<p><em>Y en ese ejercicio tomamos como punto de referencia el acontecimiento m\u00e1s importante en toda la historia: El nacimiento del hijo de un artesano y una doncella de Nazaret. As\u00ed, el tiempo se mide en antes y despu\u00e9s del nacimiento Jes\u00fas el Cristo. Algunos, influenciados por el secularismo que promulgan unos seudo-intelectuales, prefieren utilizar los t\u00e9rminos \u201cantes de la era com\u00fan\u201d y \u201cera com\u00fan\u201d, como si con cambiarle el nombre pudieran borrar el punto de referencia: Jes\u00fas de Nazaret, el Verbo encarnado.<\/em><\/p>\n\n\n\n<p><em>Cuando se acerca el cambio de a\u00f1o calendario, rememoramos las buenas y malas experiencias del a\u00f1o que termina, hacemos resoluciones para enmendar o mejorar aquellas cosas que entendemos debemos mejorar, proyectos que debemos comenzar o terminar, etc. Festejamos, celebramos, lloramos, pedimos, y pedimos\u2026 Y ese ejercicio de convierte en un ritual de fin de a\u00f1o que se repite a\u00f1o tras a\u00f1o, con el mismo festejo, las mismas resoluciones, las mismas peticiones. La \u00fanica diferencia es el n\u00famero del \u201ca\u00f1o nuevo\u201d.<\/em><\/p>\n\n\n\n<p><em>Alguien ha dicho que \u201ctodo el a\u00f1o es Navidad\u201d. Igual podr\u00edamos decir que \u201ctodo el a\u00f1o es A\u00f1o Nuevo\u201d. Porque Jes\u00fas viene a nosotros todos los d\u00edas con la Buena Noticia del Reino. As\u00ed, todos los d\u00edas se nos plantea la posibilidad de comenzar una nueva etapa de nuestra historia personal que nos encamine a la salvaci\u00f3n, para poder un d\u00eda gozar de ese estado en el que el tiempo ser\u00e1 irrelevante. Cuando todo ser\u00e1 un eterno presente en el que veremos Su rostro y llevaremos Su nombre en la frente. Noche ya no habr\u00e1; no tendremos necesidad de luz de l\u00e1mpara ni de luz del sol, porque el Se\u00f1or Dios nos alumbrar\u00e1, y reinaremos por los siglos de los siglos (Cfr. Ap 22,3-5).<\/em><\/p>\n\n\n\n<p><em>Aparte de la celebraci\u00f3n folkl\u00f3rica de despedida de a\u00f1o, esta fecha nos brinda una magn\u00edfica oportunidad para reconocer la presencia de Dios en nuestras vidas y darle gracias por todos los dones que nos ha prodigado, fruto de su Amor infinito, comenzando con la vida misma. Y si abrimos nuestros corazones a ese Amor infinito, no existe experiencia negativa alguna que pueda privarnos de la alegr\u00eda que este nos provoca. Por eso tenemos que compartirlo con todo el que nos rodea, y podemos decir con san Juan que \u201chemos conocido el amor que Dios nos tiene, y hemos cre\u00eddo en \u00c9l. Dios es Amor y quien permanece en el amor permanece en Dios y Dios en \u00e9l\u201d (1 Jn 4,16).<\/em><\/p>\n\n\n\n<p><em>Y si permanecemos en el Amor, \u00bfqu\u00e9 mejor manera de corresponderle al Amado que comenzar el nuevo a\u00f1o acudiendo a su Casa a honrar a su Madre, participando de la solemnidad de Santa Mar\u00eda, Madre de Dios? \u00a0Averigua los horarios de las misas del 1ro de enero en la parroquia m\u00e1s cercana y participa de la verdadera celebraci\u00f3n. Entonces estar\u00e1s comenzando un \u201cfeliz a\u00f1o nuevo\u201d, no importa las circunstancias.<\/em><\/p>\n\n\n\n<p><em><strong>Aprovecho para desearles a todos un A\u00f1o 2023 lleno de la PAZ que solo el saberse amado por Dios puede brindarnos. \u00a1Feliz A\u00f1o Nuevo!<\/strong><\/em><\/p>\n<div style=\"padding-bottom:20px; padding-top:10px;\" class=\"hupso-share-buttons\"><!-- Hupso Share Buttons - https:\/\/www.hupso.com\/share\/ --><a class=\"hupso_toolbar\" href=\"https:\/\/www.hupso.com\/share\/\"><img src=\"http:\/\/static.hupso.com\/share\/buttons\/lang\/es\/share-medium.png\" style=\"border:0px; padding-top: 5px; float:left;\" alt=\"Share Button\"\/><\/a><script type=\"text\/javascript\">var hupso_services_t=new Array(\"Twitter\",\"Facebook\",\"Google Plus\",\"Pinterest\",\"Linkedin\",\"Email\",\"Print\");var hupso_background_t=\"#EAF4FF\";var hupso_border_t=\"#66CCFF\";var hupso_toolbar_size_t=\"medium\";var hupso_image_folder_url = \"\";var hupso_twitter_via=\"hectorops\";var hupso_url_t=\"\";var hupso_title_t=\"REFLEXI%C3%93N%20PERSONAL%20EN%20TORNO%20A%20LA%20DESPEDIDA%20DE%20A%C3%91O\";<\/script><script type=\"text\/javascript\" src=\"http:\/\/static.hupso.com\/share\/js\/share_toolbar.js\"><\/script><!-- Hupso Share Buttons --><\/div>","protected":false},"excerpt":{"rendered":"<p>Revisando mis archivos me top\u00e9 con esta reflexi\u00f3n que escrib\u00ed hace una d\u00e9cada, y he decido compartirla con ustedes hoy: Nos encontramos\u00a0una vez m\u00e1s\u00a0a punto de pasar la p\u00e1gina del almanaque de la historia de la humanidad. Un cambio de &hellip; <a href=\"http:\/\/delamanodemaria.com\/?p=18520\">Continue reading <span class=\"meta-nav\">&rarr;<\/span><\/a><\/p>\n<div style=\"padding-bottom:20px; padding-top:10px;\" class=\"hupso-share-buttons\"><!-- Hupso Share Buttons - https:\/\/www.hupso.com\/share\/ --><a class=\"hupso_toolbar\" href=\"https:\/\/www.hupso.com\/share\/\"><img src=\"http:\/\/static.hupso.com\/share\/buttons\/lang\/es\/share-medium.png\" style=\"border:0px; padding-top: 5px; float:left;\" alt=\"Share Button\"\/><\/a><script type=\"text\/javascript\">var hupso_services_t=new Array(\"Twitter\",\"Facebook\",\"Google Plus\",\"Pinterest\",\"Linkedin\",\"Email\",\"Print\");var hupso_background_t=\"#EAF4FF\";var hupso_border_t=\"#66CCFF\";var hupso_toolbar_size_t=\"medium\";var hupso_image_folder_url = \"\";var hupso_twitter_via=\"hectorops\";var hupso_url_t=\"\";var hupso_title_t=\"REFLEXI%C3%93N%20PERSONAL%20EN%20TORNO%20A%20LA%20DESPEDIDA%20DE%20A%C3%91O\";<\/script><script type=\"text\/javascript\" src=\"http:\/\/static.hupso.com\/share\/js\/share_toolbar.js\"><\/script><!-- Hupso Share Buttons --><\/div>","protected":false},"author":1,"featured_media":8282,"comment_status":"open","ping_status":"open","sticky":false,"template":"","format":"standard","meta":{"jetpack_post_was_ever_published":false,"_jetpack_newsletter_access":"","_jetpack_newsletter_tier_id":0,"jetpack_publicize_message":"","jetpack_is_tweetstorm":false,"jetpack_publicize_feature_enabled":true,"jetpack_social_post_already_shared":true,"jetpack_social_options":{"image_generator_settings":{"template":"highway","enabled":false}}},"categories":[1],"tags":[5299,534,409,1166,1814],"jetpack_publicize_connections":[],"jetpack_featured_media_url":"http:\/\/delamanodemaria.com\/wp-content\/uploads\/2016\/12\/a\u00f1o-nuevo-2.jpg","jetpack_shortlink":"https:\/\/wp.me\/p3bBgS-4OI","jetpack_sharing_enabled":true,"jetpack_likes_enabled":true,"_links":{"self":[{"href":"http:\/\/delamanodemaria.com\/index.php?rest_route=\/wp\/v2\/posts\/18520"}],"collection":[{"href":"http:\/\/delamanodemaria.com\/index.php?rest_route=\/wp\/v2\/posts"}],"about":[{"href":"http:\/\/delamanodemaria.com\/index.php?rest_route=\/wp\/v2\/types\/post"}],"author":[{"embeddable":true,"href":"http:\/\/delamanodemaria.com\/index.php?rest_route=\/wp\/v2\/users\/1"}],"replies":[{"embeddable":true,"href":"http:\/\/delamanodemaria.com\/index.php?rest_route=%2Fwp%2Fv2%2Fcomments&post=18520"}],"version-history":[{"count":1,"href":"http:\/\/delamanodemaria.com\/index.php?rest_route=\/wp\/v2\/posts\/18520\/revisions"}],"predecessor-version":[{"id":18521,"href":"http:\/\/delamanodemaria.com\/index.php?rest_route=\/wp\/v2\/posts\/18520\/revisions\/18521"}],"wp:featuredmedia":[{"embeddable":true,"href":"http:\/\/delamanodemaria.com\/index.php?rest_route=\/wp\/v2\/media\/8282"}],"wp:attachment":[{"href":"http:\/\/delamanodemaria.com\/index.php?rest_route=%2Fwp%2Fv2%2Fmedia&parent=18520"}],"wp:term":[{"taxonomy":"category","embeddable":true,"href":"http:\/\/delamanodemaria.com\/index.php?rest_route=%2Fwp%2Fv2%2Fcategories&post=18520"},{"taxonomy":"post_tag","embeddable":true,"href":"http:\/\/delamanodemaria.com\/index.php?rest_route=%2Fwp%2Fv2%2Ftags&post=18520"}],"curies":[{"name":"wp","href":"https:\/\/api.w.org\/{rel}","templated":true}]}}