{"id":18522,"date":"2023-01-03T12:11:54","date_gmt":"2023-01-03T16:11:54","guid":{"rendered":"http:\/\/delamanodemaria.com\/?p=18522"},"modified":"2023-01-03T12:11:54","modified_gmt":"2023-01-03T16:11:54","slug":"cambios-en-nuestra-pagina-a-partir-de-enero-de-2023","status":"publish","type":"post","link":"http:\/\/delamanodemaria.com\/?p=18522","title":{"rendered":"CAMBIOS EN NUESTRA P\u00c1GINA A PARTIR DE ENERO DE 2023"},"content":{"rendered":"\n<figure class=\"wp-block-image size-full\"><a href=\"http:\/\/delamanodemaria.com\/wp-content\/uploads\/2023\/01\/How-much-time-do-you-spend-daily-connected-to-the.jpg\"><img decoding=\"async\" loading=\"lazy\" width=\"600\" height=\"390\" src=\"http:\/\/delamanodemaria.com\/wp-content\/uploads\/2023\/01\/How-much-time-do-you-spend-daily-connected-to-the.jpg\" alt=\"\" class=\"wp-image-18523\" srcset=\"http:\/\/delamanodemaria.com\/wp-content\/uploads\/2023\/01\/How-much-time-do-you-spend-daily-connected-to-the.jpg 600w, http:\/\/delamanodemaria.com\/wp-content\/uploads\/2023\/01\/How-much-time-do-you-spend-daily-connected-to-the-300x195.jpg 300w, http:\/\/delamanodemaria.com\/wp-content\/uploads\/2023\/01\/How-much-time-do-you-spend-daily-connected-to-the-462x300.jpg 462w\" sizes=\"(max-width: 600px) 100vw, 600px\" \/><\/a><\/figure>\n\n\n\n<p>Queridos hermanos en Jes\u00fas y Mar\u00eda:<\/p>\n\n\n\n<p>Luego de un largo per\u00edodo de discernimiento hemos decidido hacer un cambio en el formato de nuestra p\u00e1gina web\/blog a partir de enero de 2023.<\/p>\n\n\n\n<p>Hace una d\u00e9cada, en enero de 2013, movidos por el esp\u00edritu, comenzamos a compartir con ustedes nuestras reflexiones diarias sobre las lecturas que nos ofrece la Liturgia para dada d\u00eda del a\u00f1o. <em>Durante ese tiempo hemos comentado en m\u00e1s de una ocasi\u00f3n las lecturas para los tres ciclos lit\u00fargicos, as\u00ed como los a\u00f1os pares e impares de la liturgia diaria, con m\u00e1s de dieciocho millones de vistas<\/em>.<\/p>\n\n\n\n<figure class=\"wp-block-image size-large\"><a href=\"http:\/\/delamanodemaria.com\/wp-content\/uploads\/2023\/01\/unnamed-1-1.jpg\"><img decoding=\"async\" loading=\"lazy\" width=\"1024\" height=\"467\" src=\"http:\/\/delamanodemaria.com\/wp-content\/uploads\/2023\/01\/unnamed-1-1-1024x467.jpg\" alt=\"\" class=\"wp-image-18525\" srcset=\"http:\/\/delamanodemaria.com\/wp-content\/uploads\/2023\/01\/unnamed-1-1-1024x467.jpg 1024w, http:\/\/delamanodemaria.com\/wp-content\/uploads\/2023\/01\/unnamed-1-1-300x137.jpg 300w, http:\/\/delamanodemaria.com\/wp-content\/uploads\/2023\/01\/unnamed-1-1-768x350.jpg 768w, http:\/\/delamanodemaria.com\/wp-content\/uploads\/2023\/01\/unnamed-1-1-500x228.jpg 500w, http:\/\/delamanodemaria.com\/wp-content\/uploads\/2023\/01\/unnamed-1-1.jpg 1125w\" sizes=\"(max-width: 1024px) 100vw, 1024px\" \/><\/a><\/figure>\n\n\n\n<p>Paralelamente, desde mayo de 2021 comenzamos a publicar nuestras \u201cc\u00e1psulas marianas\u201d y otros v\u00eddeos cortos de formaci\u00f3n mariana en nuestro canal de YouTube <em><a href=\"https:\/\/www.youtube.com\/@delamanodemariatv\/featured\" target=\"_blank\" rel=\"noreferrer noopener\">De la mano de Mar\u00eda TV<\/a><\/em>.<\/p>\n\n\n\n<p>Por ello, hemos tomado la decisi\u00f3n de descontinuar la publicaci\u00f3n de nuestras \u201creflexiones diarias\u201d en esta p\u00e1gina para dar paso a otros proyectos de evangelizaci\u00f3n que pr\u00f3ximamente compartiremos con ustedes, incluyendo el desarrollo de nuestro canal de YouTube mariano, a\u00f1adi\u00e9ndole el nuevo formato vertical de <em>shorts<\/em> de esa plataforma.<\/p>\n\n\n\n<p>Adem\u00e1s, reviviremos nuestro canal personal <em><a href=\"https:\/\/www.youtube.com\/@hectorlmarquezop\/featured\" target=\"_blank\" rel=\"noreferrer noopener\">H\u00e9ctor L. M\u00e1rquez, O.P<\/a><a href=\"https:\/\/www.youtube.com\/@hectorlmarquezop\/featured\">.<\/a><\/em>, que ha estado \u201cinvernando\u201d durante m\u00e1s de siete a\u00f1os, con la publicaci\u00f3n de reflexiones cortas en v\u00eddeo, aprovechando el nuevo formato de <em>shorts<\/em> que hemos mencionado.<\/p>\n\n\n\n<p>No obstante, peri\u00f3dicamente estaremos compartiendo en esta p\u00e1gina art\u00edculos de formaci\u00f3n y espiritualidad, as\u00ed como reflexiones para algunas solemnidades, fiestas, y memorias lit\u00fargicas especiales. Igualmente, estaremos compartiendo los enlaces para nuestros v\u00eddeos en YouTube.<\/p>\n\n\n\n<p>De paso, <strong><em>les invito a suscribirse a ambos canales<\/em><\/strong>, asegur\u00e1ndose de activar la campanita para recibir notificaciones cada vez que se publique un nuevo v\u00eddeo.<\/p>\n\n\n\n<p>\u00a1Bienvenidos a esta nueva etapa de evangelizaci\u00f3n en el continente digital!<\/p>\n\n\n\n<p>Bendiciones.<\/p>\n<div style=\"padding-bottom:20px; padding-top:10px;\" class=\"hupso-share-buttons\"><!-- Hupso Share Buttons - https:\/\/www.hupso.com\/share\/ --><a class=\"hupso_toolbar\" href=\"https:\/\/www.hupso.com\/share\/\"><img src=\"http:\/\/static.hupso.com\/share\/buttons\/lang\/es\/share-medium.png\" style=\"border:0px; padding-top: 5px; float:left;\" alt=\"Share Button\"\/><\/a><script type=\"text\/javascript\">var hupso_services_t=new Array(\"Twitter\",\"Facebook\",\"Google Plus\",\"Pinterest\",\"Linkedin\",\"Email\",\"Print\");var hupso_background_t=\"#EAF4FF\";var hupso_border_t=\"#66CCFF\";var hupso_toolbar_size_t=\"medium\";var hupso_image_folder_url = \"\";var hupso_twitter_via=\"hectorops\";var hupso_url_t=\"\";var hupso_title_t=\"CAMBIOS%20EN%20NUESTRA%20P%C3%81GINA%20A%20PARTIR%20DE%20ENERO%20DE%202023\";<\/script><script type=\"text\/javascript\" src=\"http:\/\/static.hupso.com\/share\/js\/share_toolbar.js\"><\/script><!-- Hupso Share Buttons --><\/div>","protected":false},"excerpt":{"rendered":"<p>Queridos hermanos en Jes\u00fas y Mar\u00eda: Luego de un largo per\u00edodo de discernimiento hemos decidido hacer un cambio en el formato de nuestra p\u00e1gina web\/blog a partir de enero de 2023. Hace una d\u00e9cada, en enero de 2013, movidos por &hellip; <a href=\"http:\/\/delamanodemaria.com\/?p=18522\">Continue reading <span class=\"meta-nav\">&rarr;<\/span><\/a><\/p>\n<div style=\"padding-bottom:20px; padding-top:10px;\" class=\"hupso-share-buttons\"><!-- Hupso Share Buttons - https:\/\/www.hupso.com\/share\/ --><a class=\"hupso_toolbar\" href=\"https:\/\/www.hupso.com\/share\/\"><img src=\"http:\/\/static.hupso.com\/share\/buttons\/lang\/es\/share-medium.png\" style=\"border:0px; padding-top: 5px; float:left;\" alt=\"Share Button\"\/><\/a><script type=\"text\/javascript\">var hupso_services_t=new Array(\"Twitter\",\"Facebook\",\"Google Plus\",\"Pinterest\",\"Linkedin\",\"Email\",\"Print\");var hupso_background_t=\"#EAF4FF\";var hupso_border_t=\"#66CCFF\";var hupso_toolbar_size_t=\"medium\";var hupso_image_folder_url = \"\";var hupso_twitter_via=\"hectorops\";var hupso_url_t=\"\";var hupso_title_t=\"CAMBIOS%20EN%20NUESTRA%20P%C3%81GINA%20A%20PARTIR%20DE%20ENERO%20DE%202023\";<\/script><script type=\"text\/javascript\" src=\"http:\/\/static.hupso.com\/share\/js\/share_toolbar.js\"><\/script><!-- Hupso Share Buttons --><\/div>","protected":false},"author":1,"featured_media":0,"comment_status":"open","ping_status":"open","sticky":false,"template":"","format":"standard","meta":{"jetpack_post_was_ever_published":false,"_jetpack_newsletter_access":"","_jetpack_newsletter_tier_id":0,"jetpack_publicize_message":"","jetpack_is_tweetstorm":false,"jetpack_publicize_feature_enabled":true,"jetpack_social_post_already_shared":true,"jetpack_social_options":{"image_generator_settings":{"template":"highway","enabled":false}}},"categories":[1],"tags":[],"jetpack_publicize_connections":[],"jetpack_featured_media_url":"","jetpack_shortlink":"https:\/\/wp.me\/p3bBgS-4OK","jetpack_sharing_enabled":true,"jetpack_likes_enabled":true,"_links":{"self":[{"href":"http:\/\/delamanodemaria.com\/index.php?rest_route=\/wp\/v2\/posts\/18522"}],"collection":[{"href":"http:\/\/delamanodemaria.com\/index.php?rest_route=\/wp\/v2\/posts"}],"about":[{"href":"http:\/\/delamanodemaria.com\/index.php?rest_route=\/wp\/v2\/types\/post"}],"author":[{"embeddable":true,"href":"http:\/\/delamanodemaria.com\/index.php?rest_route=\/wp\/v2\/users\/1"}],"replies":[{"embeddable":true,"href":"http:\/\/delamanodemaria.com\/index.php?rest_route=%2Fwp%2Fv2%2Fcomments&post=18522"}],"version-history":[{"count":1,"href":"http:\/\/delamanodemaria.com\/index.php?rest_route=\/wp\/v2\/posts\/18522\/revisions"}],"predecessor-version":[{"id":18526,"href":"http:\/\/delamanodemaria.com\/index.php?rest_route=\/wp\/v2\/posts\/18522\/revisions\/18526"}],"wp:attachment":[{"href":"http:\/\/delamanodemaria.com\/index.php?rest_route=%2Fwp%2Fv2%2Fmedia&parent=18522"}],"wp:term":[{"taxonomy":"category","embeddable":true,"href":"http:\/\/delamanodemaria.com\/index.php?rest_route=%2Fwp%2Fv2%2Fcategories&post=18522"},{"taxonomy":"post_tag","embeddable":true,"href":"http:\/\/delamanodemaria.com\/index.php?rest_route=%2Fwp%2Fv2%2Ftags&post=18522"}],"curies":[{"name":"wp","href":"https:\/\/api.w.org\/{rel}","templated":true}]}}