{"id":18603,"date":"2023-03-18T10:35:20","date_gmt":"2023-03-18T14:35:20","guid":{"rendered":"http:\/\/delamanodemaria.com\/?p=18603"},"modified":"2023-03-18T10:42:54","modified_gmt":"2023-03-18T14:42:54","slug":"luz-que-aparta-las-tinieblas-del-pecado-micro-reflexion-para-el-cuarto-domingo-de-cuaresma-laetare-ciclo-a","status":"publish","type":"post","link":"http:\/\/delamanodemaria.com\/?p=18603","title":{"rendered":"Luz que aparta las tinieblas del pecado: Micro-reflexi\u00f3n para el cuarto domingo de Cuaresma (Laetare) &#8211; Ciclo A"},"content":{"rendered":"\n<figure class=\"wp-block-embed is-type-video is-provider-youtube wp-block-embed-youtube wp-embed-aspect-16-9 wp-has-aspect-ratio\"><div class=\"wp-block-embed__wrapper\">\n<iframe loading=\"lazy\" title=\"Luz que aparta las tinieblas del pecado: Micro-reflexi\u00f3n para el 4to domingo de Cuaresma A\" width=\"584\" height=\"329\" src=\"https:\/\/www.youtube.com\/embed\/0J27mb72f2s?feature=oembed\" frameborder=\"0\" allow=\"accelerometer; autoplay; clipboard-write; encrypted-media; gyroscope; picture-in-picture; web-share\" allowfullscreen><\/iframe>\n<\/div><\/figure>\n\n\n\n<p>En este corto reflexionamos sobre las lecturas para el domingo <em>laetare<\/em>, que quiere decir &#8220;regoc\u00edjate&#8221;, en el que nos apartamos moment\u00e1neamente de la austeridad de la Cuaresma para dar paso a la alegr\u00eda en anticipaci\u00f3n de la Pascua de Jes\u00fas que pronto estaremos celebrando. Las lecturas nos presentan a Jes\u00fas como la luz que aparta las tinieblas del pecado y nos conduce a la Vida eterna.<\/p>\n\n\n\n<p>#evangeliodehoy #evangeliosegunsanjuan #cartaalosefesios #ef\u00e9sios #curacion #ciegodenacimiento #luztinieblas #vidamuerte #vida #muerte #luz #tinieblas #pascua #reconciliacion #laetare #regocijate #regocijo<\/p>\n<div style=\"padding-bottom:20px; padding-top:10px;\" class=\"hupso-share-buttons\"><!-- Hupso Share Buttons - https:\/\/www.hupso.com\/share\/ --><a class=\"hupso_toolbar\" href=\"https:\/\/www.hupso.com\/share\/\"><img src=\"http:\/\/static.hupso.com\/share\/buttons\/lang\/es\/share-medium.png\" style=\"border:0px; padding-top: 5px; float:left;\" alt=\"Share Button\"\/><\/a><script type=\"text\/javascript\">var hupso_services_t=new Array(\"Twitter\",\"Facebook\",\"Google Plus\",\"Pinterest\",\"Linkedin\",\"Email\",\"Print\");var hupso_background_t=\"#EAF4FF\";var hupso_border_t=\"#66CCFF\";var hupso_toolbar_size_t=\"medium\";var hupso_image_folder_url = \"\";var hupso_twitter_via=\"hectorops\";var hupso_url_t=\"\";var hupso_title_t=\"Luz%20que%20aparta%20las%20tinieblas%20del%20pecado%3A%20Micro-reflexi%C3%B3n%20para%20el%20cuarto%20domingo%20de%20Cuaresma%20%28Laetare%29%20-%20Ciclo%20A\";<\/script><script type=\"text\/javascript\" src=\"http:\/\/static.hupso.com\/share\/js\/share_toolbar.js\"><\/script><!-- Hupso Share Buttons --><\/div>","protected":false},"excerpt":{"rendered":"<p>En este corto reflexionamos sobre las lecturas para el domingo laetare, que quiere decir &#8220;regoc\u00edjate&#8221;, en el que nos apartamos moment\u00e1neamente de la austeridad de la Cuaresma para dar paso a la alegr\u00eda en anticipaci\u00f3n de la Pascua de Jes\u00fas &hellip; <a href=\"http:\/\/delamanodemaria.com\/?p=18603\">Continue reading <span class=\"meta-nav\">&rarr;<\/span><\/a><\/p>\n<div style=\"padding-bottom:20px; padding-top:10px;\" class=\"hupso-share-buttons\"><!-- Hupso Share Buttons - https:\/\/www.hupso.com\/share\/ --><a class=\"hupso_toolbar\" href=\"https:\/\/www.hupso.com\/share\/\"><img src=\"http:\/\/static.hupso.com\/share\/buttons\/lang\/es\/share-medium.png\" style=\"border:0px; padding-top: 5px; float:left;\" alt=\"Share Button\"\/><\/a><script type=\"text\/javascript\">var hupso_services_t=new Array(\"Twitter\",\"Facebook\",\"Google Plus\",\"Pinterest\",\"Linkedin\",\"Email\",\"Print\");var hupso_background_t=\"#EAF4FF\";var hupso_border_t=\"#66CCFF\";var hupso_toolbar_size_t=\"medium\";var hupso_image_folder_url = \"\";var hupso_twitter_via=\"hectorops\";var hupso_url_t=\"\";var hupso_title_t=\"Luz%20que%20aparta%20las%20tinieblas%20del%20pecado%3A%20Micro-reflexi%C3%B3n%20para%20el%20cuarto%20domingo%20de%20Cuaresma%20%28Laetare%29%20-%20Ciclo%20A\";<\/script><script type=\"text\/javascript\" src=\"http:\/\/static.hupso.com\/share\/js\/share_toolbar.js\"><\/script><!-- Hupso Share Buttons --><\/div>","protected":false},"author":1,"featured_media":0,"comment_status":"open","ping_status":"open","sticky":false,"template":"","format":"standard","meta":{"jetpack_post_was_ever_published":false,"_jetpack_newsletter_access":"","_jetpack_newsletter_tier_id":0,"jetpack_publicize_message":"","jetpack_is_tweetstorm":false,"jetpack_publicize_feature_enabled":true,"jetpack_social_post_already_shared":true,"jetpack_social_options":{"image_generator_settings":{"template":"highway","enabled":false}}},"categories":[1],"tags":[4,2241,3311,1228,160,5313,1870,86,1871,961,5301],"jetpack_publicize_connections":[],"jetpack_featured_media_url":"","jetpack_shortlink":"https:\/\/wp.me\/p3bBgS-4Q3","jetpack_sharing_enabled":true,"jetpack_likes_enabled":true,"_links":{"self":[{"href":"http:\/\/delamanodemaria.com\/index.php?rest_route=\/wp\/v2\/posts\/18603"}],"collection":[{"href":"http:\/\/delamanodemaria.com\/index.php?rest_route=\/wp\/v2\/posts"}],"about":[{"href":"http:\/\/delamanodemaria.com\/index.php?rest_route=\/wp\/v2\/types\/post"}],"author":[{"embeddable":true,"href":"http:\/\/delamanodemaria.com\/index.php?rest_route=\/wp\/v2\/users\/1"}],"replies":[{"embeddable":true,"href":"http:\/\/delamanodemaria.com\/index.php?rest_route=%2Fwp%2Fv2%2Fcomments&post=18603"}],"version-history":[{"count":2,"href":"http:\/\/delamanodemaria.com\/index.php?rest_route=\/wp\/v2\/posts\/18603\/revisions"}],"predecessor-version":[{"id":18605,"href":"http:\/\/delamanodemaria.com\/index.php?rest_route=\/wp\/v2\/posts\/18603\/revisions\/18605"}],"wp:attachment":[{"href":"http:\/\/delamanodemaria.com\/index.php?rest_route=%2Fwp%2Fv2%2Fmedia&parent=18603"}],"wp:term":[{"taxonomy":"category","embeddable":true,"href":"http:\/\/delamanodemaria.com\/index.php?rest_route=%2Fwp%2Fv2%2Fcategories&post=18603"},{"taxonomy":"post_tag","embeddable":true,"href":"http:\/\/delamanodemaria.com\/index.php?rest_route=%2Fwp%2Fv2%2Ftags&post=18603"}],"curies":[{"name":"wp","href":"https:\/\/api.w.org\/{rel}","templated":true}]}}