{"id":18683,"date":"2023-05-13T12:04:35","date_gmt":"2023-05-13T16:04:35","guid":{"rendered":"http:\/\/delamanodemaria.com\/?p=18683"},"modified":"2023-05-13T12:07:07","modified_gmt":"2023-05-13T16:07:07","slug":"micro-reflexion-para-el-sexto-domingo-de-pascua-a-el-espiritu-santo-dispensador-de-gracia","status":"publish","type":"post","link":"http:\/\/delamanodemaria.com\/?p=18683","title":{"rendered":"Micro-reflexi\u00f3n para el sexto domingo de Pascua (A): El Esp\u00edritu Santo dispensador de Gracia"},"content":{"rendered":"\n<figure class=\"wp-block-embed is-type-video is-provider-youtube wp-block-embed-youtube wp-embed-aspect-16-9 wp-has-aspect-ratio\"><div class=\"wp-block-embed__wrapper\">\n<iframe loading=\"lazy\" title=\"El Esp\u00edritu Santo dispensador de gracia: Micro-reflexi\u00f3n para el sexto domingo de Pascua\" width=\"584\" height=\"329\" src=\"https:\/\/www.youtube.com\/embed\/VALlYO79e98?feature=oembed\" frameborder=\"0\" allow=\"accelerometer; autoplay; clipboard-write; encrypted-media; gyroscope; picture-in-picture; web-share\" allowfullscreen><\/iframe>\n<\/div><\/figure>\n\n\n\n<p>En esta micro-reflexi\u00f3n vemos c\u00f3mo la Liturgia contin\u00faa prepar\u00e1ndonos para el gran evento de Pentecost\u00e9s mostrado la acci\u00f3n del Esp\u00edritu Santo en la Iglesia primitiva, en cumplimiento de la promesa de Jes\u00fas antes de ascender.<\/p>\n\n\n\n<p> #esp\u00edritusanto #pentecostes #hechosdelosap\u00f3stoles #evangeliosegunsanjuan #evangeliodehoy #felipe #sanpedro #sanjuanevangelista #sietedones #tresvirtudesteologales #virtudesteologales #donesdelesp\u00edritusanto #graciadivina #graciadedios<\/p>\n<div style=\"padding-bottom:20px; padding-top:10px;\" class=\"hupso-share-buttons\"><!-- Hupso Share Buttons - https:\/\/www.hupso.com\/share\/ --><a class=\"hupso_toolbar\" href=\"https:\/\/www.hupso.com\/share\/\"><img src=\"http:\/\/static.hupso.com\/share\/buttons\/lang\/es\/share-medium.png\" style=\"border:0px; padding-top: 5px; float:left;\" alt=\"Share Button\"\/><\/a><script type=\"text\/javascript\">var hupso_services_t=new Array(\"Twitter\",\"Facebook\",\"Google Plus\",\"Pinterest\",\"Linkedin\",\"Email\",\"Print\");var hupso_background_t=\"#EAF4FF\";var hupso_border_t=\"#66CCFF\";var hupso_toolbar_size_t=\"medium\";var hupso_image_folder_url = \"\";var hupso_twitter_via=\"hectorops\";var hupso_url_t=\"\";var hupso_title_t=\"Micro-reflexi%C3%B3n%20para%20el%20sexto%20domingo%20de%20Pascua%20%28A%29%3A%20El%20Esp%C3%ADritu%20Santo%20dispensador%20de%20Gracia\";<\/script><script type=\"text\/javascript\" src=\"http:\/\/static.hupso.com\/share\/js\/share_toolbar.js\"><\/script><!-- Hupso Share Buttons --><\/div>","protected":false},"excerpt":{"rendered":"<p>En esta micro-reflexi\u00f3n vemos c\u00f3mo la Liturgia contin\u00faa prepar\u00e1ndonos para el gran evento de Pentecost\u00e9s mostrado la acci\u00f3n del Esp\u00edritu Santo en la Iglesia primitiva, en cumplimiento de la promesa de Jes\u00fas antes de ascender. #esp\u00edritusanto #pentecostes #hechosdelosap\u00f3stoles #evangeliosegunsanjuan #evangeliodehoy &hellip; <a href=\"http:\/\/delamanodemaria.com\/?p=18683\">Continue reading <span class=\"meta-nav\">&rarr;<\/span><\/a><\/p>\n<div style=\"padding-bottom:20px; padding-top:10px;\" class=\"hupso-share-buttons\"><!-- Hupso Share Buttons - https:\/\/www.hupso.com\/share\/ --><a class=\"hupso_toolbar\" href=\"https:\/\/www.hupso.com\/share\/\"><img src=\"http:\/\/static.hupso.com\/share\/buttons\/lang\/es\/share-medium.png\" style=\"border:0px; padding-top: 5px; float:left;\" alt=\"Share Button\"\/><\/a><script type=\"text\/javascript\">var hupso_services_t=new Array(\"Twitter\",\"Facebook\",\"Google Plus\",\"Pinterest\",\"Linkedin\",\"Email\",\"Print\");var hupso_background_t=\"#EAF4FF\";var hupso_border_t=\"#66CCFF\";var hupso_toolbar_size_t=\"medium\";var hupso_image_folder_url = \"\";var hupso_twitter_via=\"hectorops\";var hupso_url_t=\"\";var hupso_title_t=\"Micro-reflexi%C3%B3n%20para%20el%20sexto%20domingo%20de%20Pascua%20%28A%29%3A%20El%20Esp%C3%ADritu%20Santo%20dispensador%20de%20Gracia\";<\/script><script type=\"text\/javascript\" src=\"http:\/\/static.hupso.com\/share\/js\/share_toolbar.js\"><\/script><!-- Hupso Share Buttons --><\/div>","protected":false},"author":1,"featured_media":0,"comment_status":"open","ping_status":"open","sticky":false,"template":"","format":"standard","meta":{"jetpack_post_was_ever_published":false,"_jetpack_newsletter_access":"","_jetpack_newsletter_tier_id":0,"jetpack_publicize_message":"","jetpack_is_tweetstorm":false,"jetpack_publicize_feature_enabled":true,"jetpack_social_post_already_shared":true,"jetpack_social_options":{"image_generator_settings":{"template":"highway","enabled":false}}},"categories":[1],"tags":[29,2241,529,2209,1138,137,3311,5313,140,71,883,3937,208,961,5301],"jetpack_publicize_connections":[],"jetpack_featured_media_url":"","jetpack_shortlink":"https:\/\/wp.me\/p3bBgS-4Rl","jetpack_sharing_enabled":true,"jetpack_likes_enabled":true,"_links":{"self":[{"href":"http:\/\/delamanodemaria.com\/index.php?rest_route=\/wp\/v2\/posts\/18683"}],"collection":[{"href":"http:\/\/delamanodemaria.com\/index.php?rest_route=\/wp\/v2\/posts"}],"about":[{"href":"http:\/\/delamanodemaria.com\/index.php?rest_route=\/wp\/v2\/types\/post"}],"author":[{"embeddable":true,"href":"http:\/\/delamanodemaria.com\/index.php?rest_route=\/wp\/v2\/users\/1"}],"replies":[{"embeddable":true,"href":"http:\/\/delamanodemaria.com\/index.php?rest_route=%2Fwp%2Fv2%2Fcomments&post=18683"}],"version-history":[{"count":1,"href":"http:\/\/delamanodemaria.com\/index.php?rest_route=\/wp\/v2\/posts\/18683\/revisions"}],"predecessor-version":[{"id":18684,"href":"http:\/\/delamanodemaria.com\/index.php?rest_route=\/wp\/v2\/posts\/18683\/revisions\/18684"}],"wp:attachment":[{"href":"http:\/\/delamanodemaria.com\/index.php?rest_route=%2Fwp%2Fv2%2Fmedia&parent=18683"}],"wp:term":[{"taxonomy":"category","embeddable":true,"href":"http:\/\/delamanodemaria.com\/index.php?rest_route=%2Fwp%2Fv2%2Fcategories&post=18683"},{"taxonomy":"post_tag","embeddable":true,"href":"http:\/\/delamanodemaria.com\/index.php?rest_route=%2Fwp%2Fv2%2Ftags&post=18683"}],"curies":[{"name":"wp","href":"https:\/\/api.w.org\/{rel}","templated":true}]}}