{"id":18807,"date":"2023-09-14T13:06:15","date_gmt":"2023-09-14T17:06:15","guid":{"rendered":"http:\/\/delamanodemaria.com\/?p=18807"},"modified":"2023-09-14T13:06:15","modified_gmt":"2023-09-14T17:06:15","slug":"nuevo-video-en-de-la-mano-de-maria-tv-youtube-martin-lutero-devoto-de-la-virgen-maria","status":"publish","type":"post","link":"http:\/\/delamanodemaria.com\/?p=18807","title":{"rendered":"Nuevo v\u00eddeo en De la mano de Mar\u00eda TV (YouTube): Mart\u00edn Lutero, devoto de la Virgen Mar\u00eda"},"content":{"rendered":"\n<figure class=\"wp-block-embed is-type-video is-provider-youtube wp-block-embed-youtube wp-embed-aspect-16-9 wp-has-aspect-ratio\"><div class=\"wp-block-embed__wrapper\">\n<iframe loading=\"lazy\" title=\"Mart\u00edn Lutero, devoto de la Virgen Mar\u00eda\" width=\"584\" height=\"329\" src=\"https:\/\/www.youtube.com\/embed\/IuZ2Bj_ryfM?feature=oembed\" frameborder=\"0\" allow=\"accelerometer; autoplay; clipboard-write; encrypted-media; gyroscope; picture-in-picture; web-share\" allowfullscreen><\/iframe>\n<\/div><\/figure>\n\n\n\n<p>En este corto, el primero de una serie, comentaremos el lugar tan especial que la Virgen Mar\u00eda ocup\u00f3 en la vida y teolog\u00eda de Mart\u00edn Lutero; cu\u00e1nto la veneraba, y con cu\u00e1nta ternura y devoci\u00f3n se refer\u00eda a ella en sus sermones y escritos. <\/p>\n\n\n\n<p>#martinlutero #virgenmar\u00eda #dogmasmarianos #reformaprotestante #comentarioalmagn\u00edicat <a href=\"https:\/\/studio.youtube.com\/channel\/UCizfN1PJM2ZkGluKvIQfj1A\">\u00a0@hectorlmarquezop\u00a0<\/a> #madrenuestra<\/p>\n<div style=\"padding-bottom:20px; padding-top:10px;\" class=\"hupso-share-buttons\"><!-- Hupso Share Buttons - https:\/\/www.hupso.com\/share\/ --><a class=\"hupso_toolbar\" href=\"https:\/\/www.hupso.com\/share\/\"><img src=\"http:\/\/static.hupso.com\/share\/buttons\/lang\/es\/share-medium.png\" style=\"border:0px; padding-top: 5px; float:left;\" alt=\"Share Button\"\/><\/a><script type=\"text\/javascript\">var hupso_services_t=new Array(\"Twitter\",\"Facebook\",\"Google Plus\",\"Pinterest\",\"Linkedin\",\"Email\",\"Print\");var hupso_background_t=\"#EAF4FF\";var hupso_border_t=\"#66CCFF\";var hupso_toolbar_size_t=\"medium\";var hupso_image_folder_url = \"\";var hupso_twitter_via=\"hectorops\";var hupso_url_t=\"\";var hupso_title_t=\"Nuevo%20v%C3%ADdeo%20en%20De%20la%20mano%20de%20Mar%C3%ADa%20TV%20%28YouTube%29%3A%20Mart%C3%ADn%20Lutero%2C%20devoto%20de%20la%20Virgen%20Mar%C3%ADa\";<\/script><script type=\"text\/javascript\" src=\"http:\/\/static.hupso.com\/share\/js\/share_toolbar.js\"><\/script><!-- Hupso Share Buttons --><\/div>","protected":false},"excerpt":{"rendered":"<p>En este corto, el primero de una serie, comentaremos el lugar tan especial que la Virgen Mar\u00eda ocup\u00f3 en la vida y teolog\u00eda de Mart\u00edn Lutero; cu\u00e1nto la veneraba, y con cu\u00e1nta ternura y devoci\u00f3n se refer\u00eda a ella en &hellip; <a href=\"http:\/\/delamanodemaria.com\/?p=18807\">Continue reading <span class=\"meta-nav\">&rarr;<\/span><\/a><\/p>\n<div style=\"padding-bottom:20px; padding-top:10px;\" class=\"hupso-share-buttons\"><!-- Hupso Share Buttons - https:\/\/www.hupso.com\/share\/ --><a class=\"hupso_toolbar\" href=\"https:\/\/www.hupso.com\/share\/\"><img src=\"http:\/\/static.hupso.com\/share\/buttons\/lang\/es\/share-medium.png\" style=\"border:0px; padding-top: 5px; float:left;\" alt=\"Share Button\"\/><\/a><script type=\"text\/javascript\">var hupso_services_t=new Array(\"Twitter\",\"Facebook\",\"Google Plus\",\"Pinterest\",\"Linkedin\",\"Email\",\"Print\");var hupso_background_t=\"#EAF4FF\";var hupso_border_t=\"#66CCFF\";var hupso_toolbar_size_t=\"medium\";var hupso_image_folder_url = \"\";var hupso_twitter_via=\"hectorops\";var hupso_url_t=\"\";var hupso_title_t=\"Nuevo%20v%C3%ADdeo%20en%20De%20la%20mano%20de%20Mar%C3%ADa%20TV%20%28YouTube%29%3A%20Mart%C3%ADn%20Lutero%2C%20devoto%20de%20la%20Virgen%20Mar%C3%ADa\";<\/script><script type=\"text\/javascript\" src=\"http:\/\/static.hupso.com\/share\/js\/share_toolbar.js\"><\/script><!-- Hupso Share Buttons --><\/div>","protected":false},"author":1,"featured_media":0,"comment_status":"open","ping_status":"open","sticky":false,"template":"","format":"standard","meta":{"jetpack_post_was_ever_published":false,"_jetpack_newsletter_access":"","_jetpack_newsletter_tier_id":0,"jetpack_publicize_message":"","jetpack_is_tweetstorm":false,"jetpack_publicize_feature_enabled":true,"jetpack_social_post_already_shared":true,"jetpack_social_options":{"image_generator_settings":{"template":"highway","enabled":false}}},"categories":[1],"tags":[5382,1705,5381,260,3311,5383,5337,4863,135,961,5301],"jetpack_publicize_connections":[],"jetpack_featured_media_url":"","jetpack_shortlink":"https:\/\/wp.me\/p3bBgS-4Tl","jetpack_sharing_enabled":true,"jetpack_likes_enabled":true,"_links":{"self":[{"href":"http:\/\/delamanodemaria.com\/index.php?rest_route=\/wp\/v2\/posts\/18807"}],"collection":[{"href":"http:\/\/delamanodemaria.com\/index.php?rest_route=\/wp\/v2\/posts"}],"about":[{"href":"http:\/\/delamanodemaria.com\/index.php?rest_route=\/wp\/v2\/types\/post"}],"author":[{"embeddable":true,"href":"http:\/\/delamanodemaria.com\/index.php?rest_route=\/wp\/v2\/users\/1"}],"replies":[{"embeddable":true,"href":"http:\/\/delamanodemaria.com\/index.php?rest_route=%2Fwp%2Fv2%2Fcomments&post=18807"}],"version-history":[{"count":1,"href":"http:\/\/delamanodemaria.com\/index.php?rest_route=\/wp\/v2\/posts\/18807\/revisions"}],"predecessor-version":[{"id":18808,"href":"http:\/\/delamanodemaria.com\/index.php?rest_route=\/wp\/v2\/posts\/18807\/revisions\/18808"}],"wp:attachment":[{"href":"http:\/\/delamanodemaria.com\/index.php?rest_route=%2Fwp%2Fv2%2Fmedia&parent=18807"}],"wp:term":[{"taxonomy":"category","embeddable":true,"href":"http:\/\/delamanodemaria.com\/index.php?rest_route=%2Fwp%2Fv2%2Fcategories&post=18807"},{"taxonomy":"post_tag","embeddable":true,"href":"http:\/\/delamanodemaria.com\/index.php?rest_route=%2Fwp%2Fv2%2Ftags&post=18807"}],"curies":[{"name":"wp","href":"https:\/\/api.w.org\/{rel}","templated":true}]}}