{"id":18811,"date":"2023-09-21T10:21:46","date_gmt":"2023-09-21T14:21:46","guid":{"rendered":"http:\/\/delamanodemaria.com\/?p=18811"},"modified":"2023-09-21T11:45:13","modified_gmt":"2023-09-21T15:45:13","slug":"nuevo-video-en-de-la-mano-de-maria-tv-youtube-la-maternidad-divina-segun-martin-lutero","status":"publish","type":"post","link":"http:\/\/delamanodemaria.com\/?p=18811","title":{"rendered":"Nuevo v\u00eddeo en De la mano de Mar\u00eda TV (YouTube): La Maternidad Divina de Mar\u00eda seg\u00fan Mart\u00edn Lutero"},"content":{"rendered":"\n<figure class=\"wp-block-embed is-type-video is-provider-youtube wp-block-embed-youtube wp-embed-aspect-16-9 wp-has-aspect-ratio\"><div class=\"wp-block-embed__wrapper\">\n<iframe loading=\"lazy\" title=\"La Maternidad Divina de Mar\u00eda seg\u00fan Mart\u00edn Lutero\" width=\"584\" height=\"329\" src=\"https:\/\/www.youtube.com\/embed\/SKRS07yTFec?feature=oembed\" frameborder=\"0\" allow=\"accelerometer; autoplay; clipboard-write; encrypted-media; gyroscope; picture-in-picture; web-share\" allowfullscreen><\/iframe>\n<\/div><\/figure>\n\n\n\n<p>En este corto te compartimos el pensamiento de Mart\u00edn Lutero, padre de la Reforma protestante, sobre el dogma de la Maternidad Divina de la Sant\u00edsima Virgen Mar\u00eda y c\u00f3mo la llama, no solo Madre de Dios, sino tambi\u00e9n Madre nuestra. #dogmasmarianos #maternidaddivina #virgenmar\u00eda #martinlutero #madrededios #madrenuestra #magnificat #comentarioalmagnificat #reformaprotestante<\/p>\n<div style=\"padding-bottom:20px; padding-top:10px;\" class=\"hupso-share-buttons\"><!-- Hupso Share Buttons - https:\/\/www.hupso.com\/share\/ --><a class=\"hupso_toolbar\" href=\"https:\/\/www.hupso.com\/share\/\"><img src=\"http:\/\/static.hupso.com\/share\/buttons\/lang\/es\/share-medium.png\" style=\"border:0px; padding-top: 5px; float:left;\" alt=\"Share Button\"\/><\/a><script type=\"text\/javascript\">var hupso_services_t=new Array(\"Twitter\",\"Facebook\",\"Google Plus\",\"Pinterest\",\"Linkedin\",\"Email\",\"Print\");var hupso_background_t=\"#EAF4FF\";var hupso_border_t=\"#66CCFF\";var hupso_toolbar_size_t=\"medium\";var hupso_image_folder_url = \"\";var hupso_twitter_via=\"hectorops\";var hupso_url_t=\"\";var hupso_title_t=\"Nuevo%20v%C3%ADdeo%20en%20De%20la%20mano%20de%20Mar%C3%ADa%20TV%20%28YouTube%29%3A%20La%20Maternidad%20Divina%20de%20Mar%C3%ADa%20seg%C3%BAn%20Mart%C3%ADn%20Lutero\";<\/script><script type=\"text\/javascript\" src=\"http:\/\/static.hupso.com\/share\/js\/share_toolbar.js\"><\/script><!-- Hupso Share Buttons --><\/div>","protected":false},"excerpt":{"rendered":"<p>En este corto te compartimos el pensamiento de Mart\u00edn Lutero, padre de la Reforma protestante, sobre el dogma de la Maternidad Divina de la Sant\u00edsima Virgen Mar\u00eda y c\u00f3mo la llama, no solo Madre de Dios, sino tambi\u00e9n Madre nuestra. &hellip; <a href=\"http:\/\/delamanodemaria.com\/?p=18811\">Continue reading <span class=\"meta-nav\">&rarr;<\/span><\/a><\/p>\n<div style=\"padding-bottom:20px; padding-top:10px;\" class=\"hupso-share-buttons\"><!-- Hupso Share Buttons - https:\/\/www.hupso.com\/share\/ --><a class=\"hupso_toolbar\" href=\"https:\/\/www.hupso.com\/share\/\"><img src=\"http:\/\/static.hupso.com\/share\/buttons\/lang\/es\/share-medium.png\" style=\"border:0px; padding-top: 5px; float:left;\" alt=\"Share Button\"\/><\/a><script type=\"text\/javascript\">var hupso_services_t=new Array(\"Twitter\",\"Facebook\",\"Google Plus\",\"Pinterest\",\"Linkedin\",\"Email\",\"Print\");var hupso_background_t=\"#EAF4FF\";var hupso_border_t=\"#66CCFF\";var hupso_toolbar_size_t=\"medium\";var hupso_image_folder_url = \"\";var hupso_twitter_via=\"hectorops\";var hupso_url_t=\"\";var hupso_title_t=\"Nuevo%20v%C3%ADdeo%20en%20De%20la%20mano%20de%20Mar%C3%ADa%20TV%20%28YouTube%29%3A%20La%20Maternidad%20Divina%20de%20Mar%C3%ADa%20seg%C3%BAn%20Mart%C3%ADn%20Lutero\";<\/script><script type=\"text\/javascript\" src=\"http:\/\/static.hupso.com\/share\/js\/share_toolbar.js\"><\/script><!-- Hupso Share Buttons --><\/div>","protected":false},"author":1,"featured_media":0,"comment_status":"open","ping_status":"open","sticky":false,"template":"","format":"standard","meta":{"jetpack_post_was_ever_published":false,"_jetpack_newsletter_access":"","_jetpack_newsletter_tier_id":0,"jetpack_publicize_message":"","jetpack_is_tweetstorm":false,"jetpack_publicize_feature_enabled":true,"jetpack_social_post_already_shared":true,"jetpack_social_options":{"image_generator_settings":{"template":"highway","enabled":false}}},"categories":[1],"tags":[5382,1705,260,3311,5383,1319,5337,4863,406,5384,961,5301],"jetpack_publicize_connections":[],"jetpack_featured_media_url":"","jetpack_shortlink":"https:\/\/wp.me\/p3bBgS-4Tp","jetpack_sharing_enabled":true,"jetpack_likes_enabled":true,"_links":{"self":[{"href":"http:\/\/delamanodemaria.com\/index.php?rest_route=\/wp\/v2\/posts\/18811"}],"collection":[{"href":"http:\/\/delamanodemaria.com\/index.php?rest_route=\/wp\/v2\/posts"}],"about":[{"href":"http:\/\/delamanodemaria.com\/index.php?rest_route=\/wp\/v2\/types\/post"}],"author":[{"embeddable":true,"href":"http:\/\/delamanodemaria.com\/index.php?rest_route=\/wp\/v2\/users\/1"}],"replies":[{"embeddable":true,"href":"http:\/\/delamanodemaria.com\/index.php?rest_route=%2Fwp%2Fv2%2Fcomments&post=18811"}],"version-history":[{"count":3,"href":"http:\/\/delamanodemaria.com\/index.php?rest_route=\/wp\/v2\/posts\/18811\/revisions"}],"predecessor-version":[{"id":18814,"href":"http:\/\/delamanodemaria.com\/index.php?rest_route=\/wp\/v2\/posts\/18811\/revisions\/18814"}],"wp:attachment":[{"href":"http:\/\/delamanodemaria.com\/index.php?rest_route=%2Fwp%2Fv2%2Fmedia&parent=18811"}],"wp:term":[{"taxonomy":"category","embeddable":true,"href":"http:\/\/delamanodemaria.com\/index.php?rest_route=%2Fwp%2Fv2%2Fcategories&post=18811"},{"taxonomy":"post_tag","embeddable":true,"href":"http:\/\/delamanodemaria.com\/index.php?rest_route=%2Fwp%2Fv2%2Ftags&post=18811"}],"curies":[{"name":"wp","href":"https:\/\/api.w.org\/{rel}","templated":true}]}}