{"id":1908,"date":"2013-09-17T21:08:01","date_gmt":"2013-09-18T01:08:01","guid":{"rendered":"http:\/\/delamanodemaria.com\/?p=1908"},"modified":"2013-09-17T21:08:42","modified_gmt":"2013-09-18T01:08:42","slug":"reflexion-para-el-miercoles-18-09-13","status":"publish","type":"post","link":"http:\/\/delamanodemaria.com\/?p=1908","title":{"rendered":"REFLEXI\u00d3N PARA EL MI\u00c9RCOLES 18-09-13"},"content":{"rendered":"<p><a href=\"http:\/\/delamanodemaria.com\/wp-content\/uploads\/2013\/03\/yo-soy-la-luz-del-mundo.jpg\"><img decoding=\"async\" loading=\"lazy\" class=\"size-full wp-image-623 aligncenter\" alt=\"yo-soy-la-luz-del-mundo\" src=\"http:\/\/delamanodemaria.com\/wp-content\/uploads\/2013\/03\/yo-soy-la-luz-del-mundo.jpg\" width=\"400\" height=\"241\" srcset=\"http:\/\/delamanodemaria.com\/wp-content\/uploads\/2013\/03\/yo-soy-la-luz-del-mundo.jpg 400w, http:\/\/delamanodemaria.com\/wp-content\/uploads\/2013\/03\/yo-soy-la-luz-del-mundo-300x180.jpg 300w\" sizes=\"(max-width: 400px) 100vw, 400px\" \/><\/a><\/p>\n<p><span style=\"color: #000000;\"><span style=\"font-size: large;\">\u201c\u00bfA qui\u00e9n se parecen los hombres de esta generaci\u00f3n? \u00bfA qui\u00e9n los compararemos? Se parecen a unos ni\u00f1os, sentados en la plaza, que gritan a otros: \u2018Tocamos la flauta y no bail\u00e1is, cantamos lamentaciones y no llor\u00e1is\u2019. Vino Juan el Bautista, que ni com\u00eda ni beb\u00eda, y dijisteis que ten\u00eda un demonio; viene el Hijo del hombre, que come y bebe, y dec\u00eds: \u2018Mirad qu\u00e9 comil\u00f3n y qu\u00e9 borracho, amigo de publicanos y pecadores\u2019. Sin embargo, los disc\u00edpulos de la sabidur\u00eda le han dado la raz\u00f3n\u201d. (Lc 7,31-35).<!--?xml:namespace prefix = \"o\" \/--><\/span><\/span><\/p>\n<p><span style=\"color: #000000;\"><span style=\"font-size: large;\">Esta corta lectura evang\u00e9lica es la que nos propone la liturgia para hoy mi\u00e9rcoles de la vigesimocuarta semana del tiempo ordinario. Con esta par\u00e1bola Jes\u00fas pone de manifiesto la actitud del pueblo que prefer\u00eda mantenerse como estaba, y no ten\u00eda intenci\u00f3n alguna de cambiar, de escuchar la palabra de Dios y ponerla en pr\u00e1ctica. No quer\u00edan \u201ccomprometerse\u201d. Jes\u00fas los compara con unos ni\u00f1os jugando en la plaza. Mientras unos quieren estar alegres, otros prefieren estar tristes; no se ponen de acuerdo. El problema es que cuando se refiere a los adultos del tiempo de Jes\u00fas, \u201cesta generaci\u00f3n\u201d (y los de la nuestra), no se trata de un juego, se trata de la vida eterna. Lo que ocurre es que cuando se trata de las cosas de Dios, del mensaje de Jes\u00fas, de su Evangelio, siempre hay una excusa. Es m\u00e1s f\u00e1cil decir \u201cno creo\u201d, que aceptarlo y enfrentar las consecuencias que esa fe implica.<\/span><\/span><\/p>\n<p><span style=\"color: #000000;\"><span style=\"font-size: large;\">Por eso cuando vino Juan el Bautista, que predicaba su mensaje de penitencia y austeridad, no le aceptaron. \u201cTiene un demonio\u201d dec\u00edan; \u201ces demasiado exigente\u201d, dec\u00edan otros. Esas mismas personas, cuando vino Jes\u00fas a predicar su mensaje de amor y fraternidad, y se juntaba con pecadores, y compart\u00eda con ellos la mesa y el vino, tambi\u00e9n lo rechazaron. \u201cEs un comil\u00f3n y borracho\u201d. Hoy d\u00eda no es diferente. Preferimos estar dentro de nuestra \u201czona de confort\u201d. Que no venga nadie a decirme c\u00f3mo tengo que actuar; no quiero comprometerme, no me interesa cambiar.<\/span><\/span><\/p>\n<p><span style=\"color: #000000;\"><span style=\"font-size: large;\">Cuando nos enfrentamos a la Palabra viva y eficaz de la Sagrada Escritura, Palabra que es adem\u00e1s \u201cm\u00e1s cortante que cualquier espada de doble filo: ella penetra hasta la ra\u00edz del alma y del esp\u00edritu, de las articulaciones y de la m\u00e9dula, y discierne los pensamientos y las intenciones del coraz\u00f3n\u201d (Hb 4,12), \u00bfasumimos la actitud de que si \u201cnos tocan la flauta\u201d nos negamos a bailar y si nos \u201ccantan lamentaciones\u201d nos negamos a llorar?<\/span><\/span><\/p>\n<p><span style=\"color: #000000;\"><span style=\"font-size: large;\">No hay duda. Resulta m\u00e1s c\u00f3modo hacerme el desentendido (me siento bien como estoy), porque si tomo en serio a Cristo y a su mensaje, me voy a \u201cponer en evidencia\u201d y tendr\u00e9 que decidir entre lo que me ofrece Cristo y lo que me ofrece el mundo. Esto trae a mi mente a un predicador a quien escuch\u00e9 decir: \u201c\u00bfCu\u00e1l es el mayor problema del cristianismo? Jesucristo\u201d.<\/span><\/span><\/p>\n<p><span style=\"color: #000000;\"><span style=\"font-size: large;\">La Palabra nos invita a dejar que Jes\u00fas entre en nuestras vidas, en nuestros corazones, con todas las consecuencias que ello implica; lo que yo llamo la \u201cletra chica\u201d que est\u00e1 impl\u00edcita en el seguimiento del Evangelio. Pidamos al Se\u00f1or que nos ayude a comprender que el momento de cambiar y comprometernos es \u201cahora\u201d. Solo as\u00ed seremos acreedores del Reino.<\/span><\/span><\/p>\n<p><span style=\"color: #000000;\"><span style=\"font-size: large;\">Una vez m\u00e1s agradezco las oraciones de todos. A\u00fan no he sido dado de alta por mi m\u00e9dico, pero el llamado de esta misi\u00f3n es m\u00e1s fuerte y, adem\u00e1s, gracias a la tecnolog\u00eda inal\u00e1mbrica, puedo hacerlo desde mi cama. \u00a1A evangelizar el continente digital!<\/span><\/span><\/p>\n<div style=\"padding-bottom:20px; padding-top:10px;\" class=\"hupso-share-buttons\"><!-- Hupso Share Buttons - https:\/\/www.hupso.com\/share\/ --><a class=\"hupso_toolbar\" href=\"https:\/\/www.hupso.com\/share\/\"><img src=\"http:\/\/static.hupso.com\/share\/buttons\/lang\/es\/share-medium.png\" style=\"border:0px; padding-top: 5px; float:left;\" alt=\"Share Button\"\/><\/a><script type=\"text\/javascript\">var hupso_services_t=new Array(\"Twitter\",\"Facebook\",\"Google Plus\",\"Pinterest\",\"Linkedin\",\"Email\",\"Print\");var hupso_background_t=\"#EAF4FF\";var hupso_border_t=\"#66CCFF\";var hupso_toolbar_size_t=\"medium\";var hupso_image_folder_url = \"\";var hupso_twitter_via=\"hectorops\";var hupso_url_t=\"\";var hupso_title_t=\"REFLEXI%C3%93N%20PARA%20EL%20MI%C3%89RCOLES%2018-09-13\";<\/script><script type=\"text\/javascript\" src=\"http:\/\/static.hupso.com\/share\/js\/share_toolbar.js\"><\/script><!-- Hupso Share Buttons --><\/div>","protected":false},"excerpt":{"rendered":"<p>\u201c\u00bfA qui\u00e9n se parecen los hombres de esta generaci\u00f3n? \u00bfA qui\u00e9n los compararemos? Se parecen a unos ni\u00f1os, sentados en la plaza, que gritan a otros: \u2018Tocamos la flauta y no bail\u00e1is, cantamos lamentaciones y no llor\u00e1is\u2019. Vino Juan el &hellip; <a href=\"http:\/\/delamanodemaria.com\/?p=1908\">Continue reading <span class=\"meta-nav\">&rarr;<\/span><\/a><\/p>\n<div style=\"padding-bottom:20px; padding-top:10px;\" class=\"hupso-share-buttons\"><!-- Hupso Share Buttons - https:\/\/www.hupso.com\/share\/ --><a class=\"hupso_toolbar\" href=\"https:\/\/www.hupso.com\/share\/\"><img src=\"http:\/\/static.hupso.com\/share\/buttons\/lang\/es\/share-medium.png\" style=\"border:0px; padding-top: 5px; float:left;\" alt=\"Share Button\"\/><\/a><script type=\"text\/javascript\">var hupso_services_t=new Array(\"Twitter\",\"Facebook\",\"Google Plus\",\"Pinterest\",\"Linkedin\",\"Email\",\"Print\");var hupso_background_t=\"#EAF4FF\";var hupso_border_t=\"#66CCFF\";var hupso_toolbar_size_t=\"medium\";var hupso_image_folder_url = \"\";var hupso_twitter_via=\"hectorops\";var hupso_url_t=\"\";var hupso_title_t=\"REFLEXI%C3%93N%20PARA%20EL%20MI%C3%89RCOLES%2018-09-13\";<\/script><script type=\"text\/javascript\" src=\"http:\/\/static.hupso.com\/share\/js\/share_toolbar.js\"><\/script><!-- Hupso Share Buttons --><\/div>","protected":false},"author":1,"featured_media":0,"comment_status":"open","ping_status":"open","sticky":false,"template":"","format":"standard","meta":{"jetpack_post_was_ever_published":false,"_jetpack_newsletter_access":"","_jetpack_newsletter_tier_id":0,"jetpack_publicize_message":"","jetpack_is_tweetstorm":false,"jetpack_publicize_feature_enabled":true,"jetpack_social_post_already_shared":true,"jetpack_social_options":{"image_generator_settings":{"template":"highway","enabled":false}}},"categories":[1],"tags":[3,12,96,163,2,144],"jetpack_publicize_connections":[],"jetpack_featured_media_url":"","jetpack_shortlink":"https:\/\/wp.me\/p3bBgS-uM","jetpack_sharing_enabled":true,"jetpack_likes_enabled":true,"_links":{"self":[{"href":"http:\/\/delamanodemaria.com\/index.php?rest_route=\/wp\/v2\/posts\/1908"}],"collection":[{"href":"http:\/\/delamanodemaria.com\/index.php?rest_route=\/wp\/v2\/posts"}],"about":[{"href":"http:\/\/delamanodemaria.com\/index.php?rest_route=\/wp\/v2\/types\/post"}],"author":[{"embeddable":true,"href":"http:\/\/delamanodemaria.com\/index.php?rest_route=\/wp\/v2\/users\/1"}],"replies":[{"embeddable":true,"href":"http:\/\/delamanodemaria.com\/index.php?rest_route=%2Fwp%2Fv2%2Fcomments&post=1908"}],"version-history":[{"count":3,"href":"http:\/\/delamanodemaria.com\/index.php?rest_route=\/wp\/v2\/posts\/1908\/revisions"}],"predecessor-version":[{"id":1910,"href":"http:\/\/delamanodemaria.com\/index.php?rest_route=\/wp\/v2\/posts\/1908\/revisions\/1910"}],"wp:attachment":[{"href":"http:\/\/delamanodemaria.com\/index.php?rest_route=%2Fwp%2Fv2%2Fmedia&parent=1908"}],"wp:term":[{"taxonomy":"category","embeddable":true,"href":"http:\/\/delamanodemaria.com\/index.php?rest_route=%2Fwp%2Fv2%2Fcategories&post=1908"},{"taxonomy":"post_tag","embeddable":true,"href":"http:\/\/delamanodemaria.com\/index.php?rest_route=%2Fwp%2Fv2%2Ftags&post=1908"}],"curies":[{"name":"wp","href":"https:\/\/api.w.org\/{rel}","templated":true}]}}