{"id":1912,"date":"2013-09-18T20:13:03","date_gmt":"2013-09-19T00:13:03","guid":{"rendered":"http:\/\/delamanodemaria.com\/?p=1912"},"modified":"2013-09-18T20:13:03","modified_gmt":"2013-09-19T00:13:03","slug":"reflexion-para-el-jueves-19-09-13","status":"publish","type":"post","link":"http:\/\/delamanodemaria.com\/?p=1912","title":{"rendered":"REFLEXI\u00d3N PARA EL JUEVES 19-09-13"},"content":{"rendered":"<p><a href=\"http:\/\/delamanodemaria.com\/wp-content\/uploads\/2013\/06\/pecadora-perdonada.jpg\"><img decoding=\"async\" loading=\"lazy\" class=\"size-full wp-image-1251 aligncenter\" alt=\"pecadora perdonada\" src=\"http:\/\/delamanodemaria.com\/wp-content\/uploads\/2013\/06\/pecadora-perdonada.jpg\" width=\"720\" height=\"540\" srcset=\"http:\/\/delamanodemaria.com\/wp-content\/uploads\/2013\/06\/pecadora-perdonada.jpg 720w, http:\/\/delamanodemaria.com\/wp-content\/uploads\/2013\/06\/pecadora-perdonada-300x225.jpg 300w, http:\/\/delamanodemaria.com\/wp-content\/uploads\/2013\/06\/pecadora-perdonada-400x300.jpg 400w\" sizes=\"(max-width: 720px) 100vw, 720px\" \/><\/a><\/p>\n<p><span style=\"color: #000000;\"><span style=\"font-size: large;\">La lectura evang\u00e9lica que nos ofrece la liturgia para hoy (Lc 7,36-8,3) nos presenta el pasaje de \u201cla pecadora perdonada\u201d.<!--?xml:namespace prefix = \"o\" \/--><\/span><\/span><\/p>\n<p><span style=\"color: #000000;\"><span style=\"font-size: large;\">El Antiguo Testamento nos hab\u00eda presentado la misericordia de Dios. Los relatos evang\u00e9licos nos muestran un Jes\u00fas que se atribuye a s\u00ed mismo el poder de perdonar los pecados, poder que solo le pertenece a Dios. Jes\u00fas no se limita a ense\u00f1arnos que el Padre est\u00e1 dispuesto a perdonarnos nuestros pecados, sino que \u00c9l mismo perdona los pecados. La explicaci\u00f3n a esta actitud de Jes\u00fas nos la da \u00c9l mismo: \u201cYo y el Padre somos una sola cosa\u201d (Jn 10,30).<\/span><\/span><\/p>\n<p><span style=\"color: #000000;\"><span style=\"font-size: large;\">Desde el comienzo de su misi\u00f3n mesi\u00e1nica Jes\u00fas deja claro que \u00c9l tiene poder para perdonar los pecados: \u201cEl Hijo del hombre tiene poder en la tierra para perdonar los pecados\u201d (Cfr. Mc 2,10). Vemos c\u00f3mo \u00c9l mismo repite reiteradamente en los relatos evang\u00e9licos: \u201ctus pecados te son perdonados\u201d, o frases similares que resultaban blasfemas para los escribas y fariseos quienes no reconoc\u00edan la divinidad de Jes\u00fas.<\/span><\/span><\/p>\n<p><span style=\"color: #000000;\"><span style=\"font-size: large;\">En el pasaje de hoy encontramos a una pecadora que se postra ante Jes\u00fas, lava sus pies con sus l\u00e1grimas, los unge con perfume y los besa. Esa mujer arrepentida nos proporciona la clave para obtener el perd\u00f3n de los pecados (siempre volvemos a lo mismo, \u00bfno?): el Amor. \u201c\u2018Sus muchos pecados est\u00e1n perdonados, porque tiene mucho amor; pero al que poco se le perdona, poco ama\u2019. Y a ella le dijo: \u2018Tus pecados est\u00e1n perdonados\u2019\u201d. Es el amor lo que nos lleva al arrepentimiento y a buscar la reconciliaci\u00f3n. Aquella pecadora conoci\u00f3 el amor de Jes\u00fas y le reciproc\u00f3 con la misma intensidad de sus pecados. Y en ese amor conoci\u00f3 el perd\u00f3n, que es fruto del Amor.<\/span><\/span><\/p>\n<p><span style=\"color: #000000;\"><span style=\"font-size: large;\">A veces se nos olvida que todav\u00eda estamos celebrando el a\u00f1o de la fe, y la frase que Jes\u00fas le dirige a aquella pecadora al final del pasaje nos lo recuerda: \u201cTu fe te ha salvado, vete en paz\u201d. La pecadora del relato no solo crey\u00f3 en Jes\u00fas y en su poder sanador de cuerpo y alma, sino que convirti\u00f3 su creencia en acci\u00f3n. Y esa acci\u00f3n le vali\u00f3 el perd\u00f3n de sus pecados y la Vida Eterna.<\/span><\/span><\/p>\n<p><span style=\"color: #000000;\"><span style=\"font-size: large;\">M\u00e1s tarde, luego de su Resurrecci\u00f3n, Jes\u00fas confiar\u00eda ese \u201cministerio\u201d del perd\u00f3n de los pecados a los ap\u00f3stoles y a sus sucesores, quienes conferir\u00edan el perd\u00f3n, no por s\u00ed mismos, sino por el poder del Dios a trav\u00e9s de la acci\u00f3n del Esp\u00edritu Santo que les infundi\u00f3: \u201cAl decirles esto, sopl\u00f3 sobre ellos y a\u00f1adi\u00f3: \u2018Reciban el Esp\u00edritu Santo. Los pecados ser\u00e1n perdonados a los que ustedes se los perdonen, y ser\u00e1n retenidos a los que ustedes se los retengan\u2019\u201d (Jn 20,22-23). La misma sensaci\u00f3n de paz que sinti\u00f3 aquella pecadora la podemos sentir nosotros al escuchar las palabras absolutorias en el sacramento de la reconciliaci\u00f3n.<\/span><\/span><\/p>\n<p><span style=\"color: #000000;\"><span style=\"font-size: large;\">La lectura de hoy nos recuerda que mientras m\u00e1s grande sean nuestros pecados, m\u00e1s grande es el Amor que recibiremos de \u00c9l si nos acercamos con un coraz\u00f3n genuinamente arrepentido. \u201cUn coraz\u00f3n quebrantado y humillado, t\u00fa no lo desprecias\u201d (Sal 50).<\/span><\/span><\/p>\n<p><span style=\"color: #000000;\"><span style=\"font-size: large;\">Hoy es un buen d\u00eda para reconciliarte con el Se\u00f1or. \u00a1Aprovecha ese regalo tan hermoso que Jes\u00fas te dej\u00f3!<\/span><\/span><\/p>\n<div style=\"padding-bottom:20px; padding-top:10px;\" class=\"hupso-share-buttons\"><!-- Hupso Share Buttons - https:\/\/www.hupso.com\/share\/ --><a class=\"hupso_toolbar\" href=\"https:\/\/www.hupso.com\/share\/\"><img src=\"http:\/\/static.hupso.com\/share\/buttons\/lang\/es\/share-medium.png\" style=\"border:0px; padding-top: 5px; float:left;\" alt=\"Share Button\"\/><\/a><script type=\"text\/javascript\">var hupso_services_t=new Array(\"Twitter\",\"Facebook\",\"Google Plus\",\"Pinterest\",\"Linkedin\",\"Email\",\"Print\");var hupso_background_t=\"#EAF4FF\";var hupso_border_t=\"#66CCFF\";var hupso_toolbar_size_t=\"medium\";var hupso_image_folder_url = \"\";var hupso_twitter_via=\"hectorops\";var hupso_url_t=\"\";var hupso_title_t=\"REFLEXI%C3%93N%20PARA%20EL%20JUEVES%2019-09-13\";<\/script><script type=\"text\/javascript\" src=\"http:\/\/static.hupso.com\/share\/js\/share_toolbar.js\"><\/script><!-- Hupso Share Buttons --><\/div>","protected":false},"excerpt":{"rendered":"<p>La lectura evang\u00e9lica que nos ofrece la liturgia para hoy (Lc 7,36-8,3) nos presenta el pasaje de \u201cla pecadora perdonada\u201d. El Antiguo Testamento nos hab\u00eda presentado la misericordia de Dios. Los relatos evang\u00e9licos nos muestran un Jes\u00fas que se atribuye &hellip; <a href=\"http:\/\/delamanodemaria.com\/?p=1912\">Continue reading <span class=\"meta-nav\">&rarr;<\/span><\/a><\/p>\n<div style=\"padding-bottom:20px; padding-top:10px;\" class=\"hupso-share-buttons\"><!-- Hupso Share Buttons - https:\/\/www.hupso.com\/share\/ --><a class=\"hupso_toolbar\" href=\"https:\/\/www.hupso.com\/share\/\"><img src=\"http:\/\/static.hupso.com\/share\/buttons\/lang\/es\/share-medium.png\" style=\"border:0px; padding-top: 5px; float:left;\" alt=\"Share Button\"\/><\/a><script type=\"text\/javascript\">var hupso_services_t=new Array(\"Twitter\",\"Facebook\",\"Google Plus\",\"Pinterest\",\"Linkedin\",\"Email\",\"Print\");var hupso_background_t=\"#EAF4FF\";var hupso_border_t=\"#66CCFF\";var hupso_toolbar_size_t=\"medium\";var hupso_image_folder_url = \"\";var hupso_twitter_via=\"hectorops\";var hupso_url_t=\"\";var hupso_title_t=\"REFLEXI%C3%93N%20PARA%20EL%20JUEVES%2019-09-13\";<\/script><script type=\"text\/javascript\" src=\"http:\/\/static.hupso.com\/share\/js\/share_toolbar.js\"><\/script><!-- Hupso Share Buttons --><\/div>","protected":false},"author":1,"featured_media":0,"comment_status":"open","ping_status":"open","sticky":false,"template":"","format":"standard","meta":{"jetpack_post_was_ever_published":false,"_jetpack_newsletter_access":"","_jetpack_newsletter_tier_id":0,"jetpack_publicize_message":"","jetpack_is_tweetstorm":false,"jetpack_publicize_feature_enabled":true,"jetpack_social_post_already_shared":true,"jetpack_social_options":{"image_generator_settings":{"template":"highway","enabled":false}}},"categories":[1],"tags":[30,76,3,29,22,67,15,26,2,82],"jetpack_publicize_connections":[],"jetpack_featured_media_url":"","jetpack_shortlink":"https:\/\/wp.me\/p3bBgS-uQ","jetpack_sharing_enabled":true,"jetpack_likes_enabled":true,"_links":{"self":[{"href":"http:\/\/delamanodemaria.com\/index.php?rest_route=\/wp\/v2\/posts\/1912"}],"collection":[{"href":"http:\/\/delamanodemaria.com\/index.php?rest_route=\/wp\/v2\/posts"}],"about":[{"href":"http:\/\/delamanodemaria.com\/index.php?rest_route=\/wp\/v2\/types\/post"}],"author":[{"embeddable":true,"href":"http:\/\/delamanodemaria.com\/index.php?rest_route=\/wp\/v2\/users\/1"}],"replies":[{"embeddable":true,"href":"http:\/\/delamanodemaria.com\/index.php?rest_route=%2Fwp%2Fv2%2Fcomments&post=1912"}],"version-history":[{"count":1,"href":"http:\/\/delamanodemaria.com\/index.php?rest_route=\/wp\/v2\/posts\/1912\/revisions"}],"predecessor-version":[{"id":1913,"href":"http:\/\/delamanodemaria.com\/index.php?rest_route=\/wp\/v2\/posts\/1912\/revisions\/1913"}],"wp:attachment":[{"href":"http:\/\/delamanodemaria.com\/index.php?rest_route=%2Fwp%2Fv2%2Fmedia&parent=1912"}],"wp:term":[{"taxonomy":"category","embeddable":true,"href":"http:\/\/delamanodemaria.com\/index.php?rest_route=%2Fwp%2Fv2%2Fcategories&post=1912"},{"taxonomy":"post_tag","embeddable":true,"href":"http:\/\/delamanodemaria.com\/index.php?rest_route=%2Fwp%2Fv2%2Ftags&post=1912"}],"curies":[{"name":"wp","href":"https:\/\/api.w.org\/{rel}","templated":true}]}}