{"id":1914,"date":"2013-09-19T20:01:45","date_gmt":"2013-09-20T00:01:45","guid":{"rendered":"http:\/\/delamanodemaria.com\/?p=1914"},"modified":"2013-09-19T20:03:34","modified_gmt":"2013-09-20T00:03:34","slug":"reflexion-para-el-viernes-20-09-13","status":"publish","type":"post","link":"http:\/\/delamanodemaria.com\/?p=1914","title":{"rendered":"REFLEXI\u00d3N PARA EL VIERNES 20-09-13"},"content":{"rendered":"<p><a href=\"http:\/\/delamanodemaria.com\/wp-content\/uploads\/2013\/09\/proclamando-la-Buena-Nueva.jpg\"><img decoding=\"async\" loading=\"lazy\" class=\"size-full wp-image-1915 aligncenter\" alt=\"proclamando-la-Buena-Nueva\" src=\"http:\/\/delamanodemaria.com\/wp-content\/uploads\/2013\/09\/proclamando-la-Buena-Nueva.jpg\" width=\"500\" height=\"267\" srcset=\"http:\/\/delamanodemaria.com\/wp-content\/uploads\/2013\/09\/proclamando-la-Buena-Nueva.jpg 500w, http:\/\/delamanodemaria.com\/wp-content\/uploads\/2013\/09\/proclamando-la-Buena-Nueva-300x160.jpg 300w\" sizes=\"(max-width: 500px) 100vw, 500px\" \/><\/a><\/p>\n<p><span style=\"color: #000000;\"><span style=\"font-size: large;\">Como primera lectura, la liturgia para hoy contin\u00faa brind\u00e1ndonos la primera carta a Timoteo, que hemos estado leyendo desde el pasado viernes. En aquella ocasi\u00f3n dijimos que Pablo hab\u00eda dejado a Timoteo a cargo de la comunidad de \u00c9feso cuando parti\u00f3 para Macedonia. En esta carta, una de las tres \u201ccartas pastorales\u201d de Pablo, este instruye a su disc\u00edpulo sobre la sana administraci\u00f3n y manejo de su comunidad eclesial.<!--?xml:namespace prefix = \"o\" \/--><\/span><\/span><\/p>\n<p><span style=\"color: #000000;\"><span style=\"font-size: large;\">En el pasaje de hoy le advierte sobre la importancia de mantener la sana doctrina de Jes\u00fas que \u00e9l mismo le ha instruido (\u201cSi alguno ense\u00f1a otra cosa distinta, sin atenerse a las sanas palabras de nuestro Se\u00f1or Jesucristo y a la doctrina que armoniza con la piedad, es un orgulloso y un ignorante, que padece la enfermedad de plantear cuestiones in\u00fatiles y discutir atendiendo s\u00f3lo a las palabras\u201d), y le previene contra la tentaci\u00f3n de lucrarse de su gesti\u00f3n, advirti\u00e9ndole de las consecuencias de esa conducta (\u201clos que buscan riquezas caen en tentaciones, trampas y mil afanes absurdos y nocivos, que hunden a los hombres en la perdici\u00f3n y la ruina. Porque la codicia es la ra\u00edz de todos los males, y muchos, arrastrados por ella, se han apartado de la fe y se han acarreado muchos sufrimientos\u201d).<\/span><\/span><\/p>\n<p><span style=\"color: #000000;\"><span style=\"font-size: large;\">Tal parece que Pablo estuviese describiendo el ambiente religioso de nuestro tiempo, en donde hay una secta para cada gusto y unos \u201cpastores\u201d que se lucran de su predicaci\u00f3n, convirtiendo su \u201ciglesia\u201d en un negocio personal, predicando lo que sus feligreses quieren escuchar. Y es que la sociedad y la civilizaci\u00f3n han evolucionado, pero la naturaleza humana y la corrupci\u00f3n han permanecido constantes. No estamos generalizando, pues hay hombres de Dios que viven el ideal evang\u00e9lico, teniendo claro que \u201cla piedad es una ganancia, cuando uno se contenta con poco. Sin nada vinimos al mundo, y sin nada nos iremos de \u00e9l. Teniendo qu\u00e9 comer y qu\u00e9 vestir nos basta\u201d.<\/span><\/span><\/p>\n<p><span style=\"color: #000000;\"><span style=\"font-size: large;\">Del mismo modo que el apego al dinero y los bienes materiales se convierten para nosotros en obst\u00e1culo para seguir a Jes\u00fas, para aquellos encargados de predicar su Palabra tienen el efecto de tergiversar el mensaje de Jes\u00fas y deformar su doctrina. O se concentran en llevar el mensaje, o en recaudar dinero. No se puede servir a dos se\u00f1ores a la vez (Mt 6,24).<\/span><\/span><\/p>\n<p><span style=\"color: #000000;\"><span style=\"font-size: large;\">La lectura evang\u00e9lica de hoy (Lc 8,1-3) nos muestra c\u00f3mo Jes\u00fas \u201ciba caminando de ciudad en ciudad y de pueblo en pueblo, predicando el Evangelio del Reino de Dios\u201d. Esa era su \u00fanica preocupaci\u00f3n (Lc 4,43), y toda su vida gir\u00f3 en torno a esa misi\u00f3n. Naci\u00f3 pobre y as\u00ed mismo muri\u00f3. Le bastaba con tener qu\u00e9 comer y qu\u00e9 vestir, pues el verdadero misionero depende de la Divina Providencia (Cfr. Mt 6,26).<\/span><\/span><\/p>\n<p><span style=\"color: #000000;\"><span style=\"font-size: large;\">As\u00ed, vemos c\u00f3mo a Jes\u00fas y a los Doce les acompa\u00f1aban un grupo de mujeres \u201cque le ayudaban con sus bienes\u201d. Al igual que aquellas mujeres, todos los cristianos tenemos la obligaci\u00f3n de contribuir, en la medida de nuestros medios, al sostenimiento de nuestra Iglesia, para que nuestros pastores puedan concentrarse en su misi\u00f3n de ense\u00f1ar. Pero, \u00a1ojo!, que esa Palabra sea c\u00f3nsona con el mensaje de Cristo.<\/span><\/span><\/p>\n<div style=\"padding-bottom:20px; padding-top:10px;\" class=\"hupso-share-buttons\"><!-- Hupso Share Buttons - https:\/\/www.hupso.com\/share\/ --><a class=\"hupso_toolbar\" href=\"https:\/\/www.hupso.com\/share\/\"><img src=\"http:\/\/static.hupso.com\/share\/buttons\/lang\/es\/share-medium.png\" style=\"border:0px; padding-top: 5px; float:left;\" alt=\"Share Button\"\/><\/a><script type=\"text\/javascript\">var hupso_services_t=new Array(\"Twitter\",\"Facebook\",\"Google Plus\",\"Pinterest\",\"Linkedin\",\"Email\",\"Print\");var hupso_background_t=\"#EAF4FF\";var hupso_border_t=\"#66CCFF\";var hupso_toolbar_size_t=\"medium\";var hupso_image_folder_url = \"\";var hupso_twitter_via=\"hectorops\";var hupso_url_t=\"\";var hupso_title_t=\"REFLEXI%C3%93N%20PARA%20EL%20VIERNES%2020-09-13\";<\/script><script type=\"text\/javascript\" src=\"http:\/\/static.hupso.com\/share\/js\/share_toolbar.js\"><\/script><!-- Hupso Share Buttons --><\/div>","protected":false},"excerpt":{"rendered":"<p>Como primera lectura, la liturgia para hoy contin\u00faa brind\u00e1ndonos la primera carta a Timoteo, que hemos estado leyendo desde el pasado viernes. En aquella ocasi\u00f3n dijimos que Pablo hab\u00eda dejado a Timoteo a cargo de la comunidad de \u00c9feso cuando &hellip; <a href=\"http:\/\/delamanodemaria.com\/?p=1914\">Continue reading <span class=\"meta-nav\">&rarr;<\/span><\/a><\/p>\n<div style=\"padding-bottom:20px; padding-top:10px;\" class=\"hupso-share-buttons\"><!-- Hupso Share Buttons - https:\/\/www.hupso.com\/share\/ --><a class=\"hupso_toolbar\" href=\"https:\/\/www.hupso.com\/share\/\"><img src=\"http:\/\/static.hupso.com\/share\/buttons\/lang\/es\/share-medium.png\" style=\"border:0px; padding-top: 5px; float:left;\" alt=\"Share Button\"\/><\/a><script type=\"text\/javascript\">var hupso_services_t=new Array(\"Twitter\",\"Facebook\",\"Google Plus\",\"Pinterest\",\"Linkedin\",\"Email\",\"Print\");var hupso_background_t=\"#EAF4FF\";var hupso_border_t=\"#66CCFF\";var hupso_toolbar_size_t=\"medium\";var hupso_image_folder_url = \"\";var hupso_twitter_via=\"hectorops\";var hupso_url_t=\"\";var hupso_title_t=\"REFLEXI%C3%93N%20PARA%20EL%20VIERNES%2020-09-13\";<\/script><script type=\"text\/javascript\" src=\"http:\/\/static.hupso.com\/share\/js\/share_toolbar.js\"><\/script><!-- Hupso Share Buttons --><\/div>","protected":false},"author":1,"featured_media":0,"comment_status":"open","ping_status":"open","sticky":false,"template":"","format":"standard","meta":{"jetpack_post_was_ever_published":false,"_jetpack_newsletter_access":"","_jetpack_newsletter_tier_id":0,"jetpack_publicize_message":"","jetpack_is_tweetstorm":false,"jetpack_publicize_feature_enabled":true,"jetpack_social_post_already_shared":true,"jetpack_social_options":{"image_generator_settings":{"template":"highway","enabled":false}}},"categories":[1],"tags":[3,289,155,200,111,2,97],"jetpack_publicize_connections":[],"jetpack_featured_media_url":"","jetpack_shortlink":"https:\/\/wp.me\/p3bBgS-uS","jetpack_sharing_enabled":true,"jetpack_likes_enabled":true,"_links":{"self":[{"href":"http:\/\/delamanodemaria.com\/index.php?rest_route=\/wp\/v2\/posts\/1914"}],"collection":[{"href":"http:\/\/delamanodemaria.com\/index.php?rest_route=\/wp\/v2\/posts"}],"about":[{"href":"http:\/\/delamanodemaria.com\/index.php?rest_route=\/wp\/v2\/types\/post"}],"author":[{"embeddable":true,"href":"http:\/\/delamanodemaria.com\/index.php?rest_route=\/wp\/v2\/users\/1"}],"replies":[{"embeddable":true,"href":"http:\/\/delamanodemaria.com\/index.php?rest_route=%2Fwp%2Fv2%2Fcomments&post=1914"}],"version-history":[{"count":3,"href":"http:\/\/delamanodemaria.com\/index.php?rest_route=\/wp\/v2\/posts\/1914\/revisions"}],"predecessor-version":[{"id":1918,"href":"http:\/\/delamanodemaria.com\/index.php?rest_route=\/wp\/v2\/posts\/1914\/revisions\/1918"}],"wp:attachment":[{"href":"http:\/\/delamanodemaria.com\/index.php?rest_route=%2Fwp%2Fv2%2Fmedia&parent=1914"}],"wp:term":[{"taxonomy":"category","embeddable":true,"href":"http:\/\/delamanodemaria.com\/index.php?rest_route=%2Fwp%2Fv2%2Fcategories&post=1914"},{"taxonomy":"post_tag","embeddable":true,"href":"http:\/\/delamanodemaria.com\/index.php?rest_route=%2Fwp%2Fv2%2Ftags&post=1914"}],"curies":[{"name":"wp","href":"https:\/\/api.w.org\/{rel}","templated":true}]}}