{"id":1944,"date":"2013-09-25T22:42:45","date_gmt":"2013-09-26T02:42:45","guid":{"rendered":"http:\/\/delamanodemaria.com\/?p=1944"},"modified":"2013-09-25T22:42:45","modified_gmt":"2013-09-26T02:42:45","slug":"reflexion-para-el-jueves-26-09-13","status":"publish","type":"post","link":"http:\/\/delamanodemaria.com\/?p=1944","title":{"rendered":"REFLEXI\u00d3N PARA EL JUEVES 26-09-13"},"content":{"rendered":"<p><a href=\"http:\/\/delamanodemaria.com\/wp-content\/uploads\/2013\/09\/amaos-no-temas.jpg\"><img decoding=\"async\" loading=\"lazy\" class=\"size-full wp-image-1945 aligncenter\" alt=\"amaos no temas\" src=\"http:\/\/delamanodemaria.com\/wp-content\/uploads\/2013\/09\/amaos-no-temas.jpg\" width=\"550\" height=\"420\" srcset=\"http:\/\/delamanodemaria.com\/wp-content\/uploads\/2013\/09\/amaos-no-temas.jpg 550w, http:\/\/delamanodemaria.com\/wp-content\/uploads\/2013\/09\/amaos-no-temas-300x229.jpg 300w, http:\/\/delamanodemaria.com\/wp-content\/uploads\/2013\/09\/amaos-no-temas-392x300.jpg 392w\" sizes=\"(max-width: 550px) 100vw, 550px\" \/><\/a><\/p>\n<p><span style=\"color: #000000;\"><span style=\"font-size: large;\">El Evangelio que nos presenta la liturgia de hoy (Lc 9,7-9) es uno de esos que tenemos que leer dentro del contexto en que se suscita la escena. Jes\u00fas acaba de enviar a los \u201cdoce\u201d, y el revuelo que causan despierta la curiosidad de Herodes Antipas, el que hab\u00eda hecho decapitar a Juan el Bautista, e hijo de Herodes el Grande, responsable de la matanza de los ni\u00f1os inocentes que hizo huir a Egipto a la Sagrada Familia.<!--?xml:namespace prefix = \"o\" \/--><\/span><\/span><\/p>\n<p><span style=\"color: #000000;\"><span style=\"font-size: large;\">Herodes escucha el nombre de Jes\u00fas de Nazaret como responsable de ese barullo y quiere saber qui\u00e9n es. La Escritura nos dice que \u201cHerodes se enter\u00f3 de lo que pasaba y no sab\u00eda a qu\u00e9 atenerse, porque unos dec\u00edan que Juan hab\u00eda resucitado, otros que hab\u00eda aparecido El\u00edas, y otros que hab\u00eda vuelto a la vida uno de los antiguos profetas\u201d.<\/span><\/span><\/p>\n<p><span style=\"color: #000000;\"><span style=\"font-size: large;\">Herodes hab\u00eda o\u00eddo hablar de los milagros de Jes\u00fas, de c\u00f3mo \u00c9l y sus disc\u00edpulos echaban demonios. En el relato paralelo de Mateo, esta \u201cfama\u201d de Jes\u00fas, adem\u00e1s de evocarle la muerte del Bautista, le despierta el remordimiento que sent\u00eda por la muerte de este, a quien se vio obligado a matar por culpa de Herod\u00edas (Mt 14,1-12).<\/span><\/span><\/p>\n<p><span style=\"color: #000000;\"><span style=\"font-size: large;\">Termina el pasaje diciendo que Herodes \u201cten\u00eda ganas de ver a Jes\u00fas\u201d. Muchas veces la curiosidad se convierte en la chispa que enciende la fe. Herodes tuvo la oportunidad de su vida: la posibilidad de tener un encuentro personal con Jes\u00fas. Ir\u00f3nicamente eso no ocurrir\u00eda hasta que Herodes jugara un papel importante en el misterio pascual de Jes\u00fas, espec\u00edficamente en su pasi\u00f3n y muerte.<\/span><\/span><\/p>\n<p><span style=\"color: #000000;\"><span style=\"font-size: large;\">Cuando Pilato envi\u00f3 a Jes\u00fas ante Herodes (Lc 23,7-11) este se puso contento, pues ten\u00eda deseos de conocerle (Lucas es el \u00fanico evangelista que narra este pasaje). Ah\u00ed se pone de manifiesto que la \u201ccuriosidad\u201d de Herodes no estaba motivada por la fe; era realmente para ver si Jes\u00fas pod\u00eda divertirle haciendo un par de milagros. Es decir, estaba interesado en verle hacer un par de \u201ctrucos\u201d, lo trat\u00f3 como si fuera un buf\u00f3n de la corte. Esa curiosidad malsana le impidi\u00f3 reconocer al verdadero Jes\u00fas y termin\u00f3 burl\u00e1ndose de \u00c9l y devolvi\u00e9ndoselo a Pilato.<\/span><\/span><\/p>\n<p><span style=\"color: #000000;\"><span style=\"font-size: large;\">\u00a1Cu\u00e1ntas veces durante nuestras vidas nos encontramos con Jes\u00fas, le tenemos enfrente y no le reconocemos! Cada vez que nos topamos con una persona sin hogar, o con alguna deformidad o enfermedad aparente, o una necesidad apremiante, puede que esa persona despierte nuestra \u201ccuriosidad\u201d. Pero como no podemos reconocer en ella el rostro de Jes\u00fas, y lejos de divertirnos nos causa temor, o repulsi\u00f3n, o indiferencia, le devolvemos al mundo para que se este encargue de ella.<\/span><\/span><\/p>\n<p><span style=\"color: #000000;\"><span style=\"font-size: large;\">No nos percatamos que acabamos de dejar pasar la oportunidad de nuestras vidas: tener un encuentro personal con Jes\u00fas (Cfr. Mt 25,45).<\/span><\/span><\/p>\n<p><span style=\"color: #000000;\"><span style=\"font-size: large;\">Hoy, pidamos al Se\u00f1or que nos conceda el don de reconocer su rostro en nuestros hermanos, especialmente los m\u00e1s necesitados, para que sirvi\u00e9ndoles a ellos le sirvamos a \u00c9l.<\/span><\/span><\/p>\n<div style=\"padding-bottom:20px; padding-top:10px;\" class=\"hupso-share-buttons\"><!-- Hupso Share Buttons - https:\/\/www.hupso.com\/share\/ --><a class=\"hupso_toolbar\" href=\"https:\/\/www.hupso.com\/share\/\"><img src=\"http:\/\/static.hupso.com\/share\/buttons\/lang\/es\/share-medium.png\" style=\"border:0px; padding-top: 5px; float:left;\" alt=\"Share Button\"\/><\/a><script type=\"text\/javascript\">var hupso_services_t=new Array(\"Twitter\",\"Facebook\",\"Google Plus\",\"Pinterest\",\"Linkedin\",\"Email\",\"Print\");var hupso_background_t=\"#EAF4FF\";var hupso_border_t=\"#66CCFF\";var hupso_toolbar_size_t=\"medium\";var hupso_image_folder_url = \"\";var hupso_twitter_via=\"hectorops\";var hupso_url_t=\"\";var hupso_title_t=\"REFLEXI%C3%93N%20PARA%20EL%20JUEVES%2026-09-13\";<\/script><script type=\"text\/javascript\" src=\"http:\/\/static.hupso.com\/share\/js\/share_toolbar.js\"><\/script><!-- Hupso Share Buttons --><\/div>","protected":false},"excerpt":{"rendered":"<p>El Evangelio que nos presenta la liturgia de hoy (Lc 9,7-9) es uno de esos que tenemos que leer dentro del contexto en que se suscita la escena. Jes\u00fas acaba de enviar a los \u201cdoce\u201d, y el revuelo que causan &hellip; <a href=\"http:\/\/delamanodemaria.com\/?p=1944\">Continue reading <span class=\"meta-nav\">&rarr;<\/span><\/a><\/p>\n<div style=\"padding-bottom:20px; padding-top:10px;\" class=\"hupso-share-buttons\"><!-- Hupso Share Buttons - https:\/\/www.hupso.com\/share\/ --><a class=\"hupso_toolbar\" href=\"https:\/\/www.hupso.com\/share\/\"><img src=\"http:\/\/static.hupso.com\/share\/buttons\/lang\/es\/share-medium.png\" style=\"border:0px; padding-top: 5px; float:left;\" alt=\"Share Button\"\/><\/a><script type=\"text\/javascript\">var hupso_services_t=new Array(\"Twitter\",\"Facebook\",\"Google Plus\",\"Pinterest\",\"Linkedin\",\"Email\",\"Print\");var hupso_background_t=\"#EAF4FF\";var hupso_border_t=\"#66CCFF\";var hupso_toolbar_size_t=\"medium\";var hupso_image_folder_url = \"\";var hupso_twitter_via=\"hectorops\";var hupso_url_t=\"\";var hupso_title_t=\"REFLEXI%C3%93N%20PARA%20EL%20JUEVES%2026-09-13\";<\/script><script type=\"text\/javascript\" src=\"http:\/\/static.hupso.com\/share\/js\/share_toolbar.js\"><\/script><!-- Hupso Share Buttons --><\/div>","protected":false},"author":1,"featured_media":0,"comment_status":"open","ping_status":"open","sticky":false,"template":"","format":"standard","meta":{"jetpack_post_was_ever_published":false,"_jetpack_newsletter_access":"","_jetpack_newsletter_tier_id":0,"jetpack_publicize_message":"","jetpack_is_tweetstorm":false,"jetpack_publicize_feature_enabled":true,"jetpack_social_post_already_shared":true,"jetpack_social_options":{"image_generator_settings":{"template":"highway","enabled":false}}},"categories":[1],"tags":[3,214,22,163,27,202,2],"jetpack_publicize_connections":[],"jetpack_featured_media_url":"","jetpack_shortlink":"https:\/\/wp.me\/p3bBgS-vm","jetpack_sharing_enabled":true,"jetpack_likes_enabled":true,"_links":{"self":[{"href":"http:\/\/delamanodemaria.com\/index.php?rest_route=\/wp\/v2\/posts\/1944"}],"collection":[{"href":"http:\/\/delamanodemaria.com\/index.php?rest_route=\/wp\/v2\/posts"}],"about":[{"href":"http:\/\/delamanodemaria.com\/index.php?rest_route=\/wp\/v2\/types\/post"}],"author":[{"embeddable":true,"href":"http:\/\/delamanodemaria.com\/index.php?rest_route=\/wp\/v2\/users\/1"}],"replies":[{"embeddable":true,"href":"http:\/\/delamanodemaria.com\/index.php?rest_route=%2Fwp%2Fv2%2Fcomments&post=1944"}],"version-history":[{"count":2,"href":"http:\/\/delamanodemaria.com\/index.php?rest_route=\/wp\/v2\/posts\/1944\/revisions"}],"predecessor-version":[{"id":1947,"href":"http:\/\/delamanodemaria.com\/index.php?rest_route=\/wp\/v2\/posts\/1944\/revisions\/1947"}],"wp:attachment":[{"href":"http:\/\/delamanodemaria.com\/index.php?rest_route=%2Fwp%2Fv2%2Fmedia&parent=1944"}],"wp:term":[{"taxonomy":"category","embeddable":true,"href":"http:\/\/delamanodemaria.com\/index.php?rest_route=%2Fwp%2Fv2%2Fcategories&post=1944"},{"taxonomy":"post_tag","embeddable":true,"href":"http:\/\/delamanodemaria.com\/index.php?rest_route=%2Fwp%2Fv2%2Ftags&post=1944"}],"curies":[{"name":"wp","href":"https:\/\/api.w.org\/{rel}","templated":true}]}}