{"id":1992,"date":"2013-10-04T17:35:26","date_gmt":"2013-10-04T21:35:26","guid":{"rendered":"http:\/\/delamanodemaria.com\/?p=1992"},"modified":"2013-10-04T17:35:26","modified_gmt":"2013-10-04T21:35:26","slug":"reflexion-para-el-sabado-05-10-13","status":"publish","type":"post","link":"http:\/\/delamanodemaria.com\/?p=1992","title":{"rendered":"REFLEXI\u00d3N PARA EL S\u00c1BADO 05-10-13"},"content":{"rendered":"<p><a href=\"http:\/\/delamanodemaria.com\/wp-content\/uploads\/2013\/10\/GRACIAS-PADRE.jpg\"><img decoding=\"async\" loading=\"lazy\" class=\"alignnone size-full wp-image-1993\" alt=\"GRACIAS PADRE\" src=\"http:\/\/delamanodemaria.com\/wp-content\/uploads\/2013\/10\/GRACIAS-PADRE.jpg\" width=\"618\" height=\"800\" srcset=\"http:\/\/delamanodemaria.com\/wp-content\/uploads\/2013\/10\/GRACIAS-PADRE.jpg 618w, http:\/\/delamanodemaria.com\/wp-content\/uploads\/2013\/10\/GRACIAS-PADRE-231x300.jpg 231w\" sizes=\"(max-width: 618px) 100vw, 618px\" \/><\/a><\/p>\n<p><span style=\"color: #000000;\"><span style=\"font-size: large;\">La lectura evang\u00e9lica que nos ofrece la liturgia de hoy (Lc 10,17-24) nos presenta a los \u201csetenta y dos\u201d regresando de su primera misi\u00f3n llenos de alegr\u00eda, contando a su Maestro todos los prodigios que hab\u00edan realizado en Su nombre: \u201cSe\u00f1or, hasta los demonios se nos someten en tu nombre\u201d.<!--?xml:namespace prefix = \"o\" \/--><\/span><\/span><\/p>\n<p><span style=\"color: #000000;\"><span style=\"font-size: large;\">Jes\u00fas comparte la alegr\u00eda de sus disc\u00edpulos y les exhorta a no dejarse cegar por el \u00e9xito de su misi\u00f3n, record\u00e1ndoles que su verdadera recompensa est\u00e1 en la vida eterna: \u201cno est\u00e9is alegres porque se os someten los esp\u00edritus; estad alegres porque vuestros nombres est\u00e1n inscritos en el cielo\u201d (Cfr. Fil 4,3). Entonces Jes\u00fas \u201clleno de la alegr\u00eda del Esp\u00edritu\u201d, pronuncia una mis frases favoritas: \u201cTe doy gracias, Padre, Se\u00f1or del cielo y de la tierra, porque has escondido estas cosas a los sabios y a los entendidos, y las has revelado a la gente sencilla. S\u00ed, Padre, porque as\u00ed te ha parecido bien\u201d.<\/span><\/span><\/p>\n<p><span style=\"color: #000000;\"><span style=\"font-size: large;\">Jes\u00fas parece referirse a los \u201csabios\u201d y \u201centendidos\u201d de su tiempo (los escribas, fariseos, sacerdotes, doctores de la ley), quienes cegados por su conocimiento de la Ley cre\u00edan saberlo todo. Por eso eran incapaces de asimilar el mensaje sencillo pero profundo de Jes\u00fas. \u201cYo les aseguro: el que no reciba el Reino de Dios como ni\u00f1o, no entrar\u00e1 en \u00e9l\u201d (Mc 10,13). <\/span><\/span><\/p>\n<p><span style=\"color: #000000;\"><span style=\"font-size: large;\">Jes\u00fas nos pide que nos hagamos como ni\u00f1os, para que podamos conocer y reconocer al \u201cAbba\u201d que \u00c9l nos presenta: \u201cnadie conoce qui\u00e9n es el Hijo, sino el Padre; ni qui\u00e9n es el Padre, sino el Hijo, y aquel a quien el Hijo se lo quiere revelar\u201d. Por eso escogi\u00f3 sus disc\u00edpulos de entre la gente sencilla, creyentes que no estaban \u201ccontaminados\u201d por el ritualismo y legalismo excesivo de los sacerdotes y fariseos. Escogi\u00f3 la tierra buena sobre a la que estaba llena de abrojos (Mt 13,1-9; Mc 4,1-9; Lc 8,4-8).<\/span><\/span><\/p>\n<p><span style=\"color: #000000;\"><span style=\"font-size: large;\">Dios no es f\u00e1cil de alcanzar, nadie lo ha visto nunca. Por eso nos envi\u00f3 a su Hijo, quien s\u00ed le conoce, para que \u00c9l nos de a conocer al Padre. Para conocer al Padre tenemos que reconocer nuestra incapacidad de conocerlo por nosotros mismos. Jes\u00fas nos ofrece la oportunidad de conocerle a \u00c9l para que a trav\u00e9s de \u00c9l podamos conocer al Padre. Parece un trabalenguas, pero el mensaje es sencillo, como aquellos a quienes va dirigido: \u00c9l es el \u201cCamino\u201d que nos conduce al Padre; y quien le conoce a \u00c9l conoce al Padre (Jn 14,6-7).<\/span><\/span><\/p>\n<p><span style=\"color: #000000;\"><span style=\"font-size: large;\">Jes\u00fas nos ha llamado a cada cual por nuestro nombre y nos ha encomendado una misi\u00f3n que ten\u00eda pensada para cada uno de nosotros desde antes que fu\u00e9semos concebidos. Si nos apartamos del bullicio y el ruido del mundo podremos escuchar la voz de Dios que nos llama por nuestro nombre. Lo \u00fanico que tenemos que decir es: \u201cAqu\u00ed estoy\u201d, como lo hizo Mois\u00e9s; o como Samuel: \u201cHabla, Se\u00f1or, que tu siervo escucha\u201d (1 Sam 3,10).<\/span><\/span><\/p>\n<p><span style=\"color: #000000;\"><span style=\"font-size: large;\">Y t\u00fa, \u00bfqu\u00e9 le vas a contestar? Anda, \u00a1atr\u00e9vete!<\/span><\/span><\/p>\n<p><span style=\"font-size: large;\">\u00a0<\/span><\/p>\n<div style=\"padding-bottom:20px; padding-top:10px;\" class=\"hupso-share-buttons\"><!-- Hupso Share Buttons - https:\/\/www.hupso.com\/share\/ --><a class=\"hupso_toolbar\" href=\"https:\/\/www.hupso.com\/share\/\"><img src=\"http:\/\/static.hupso.com\/share\/buttons\/lang\/es\/share-medium.png\" style=\"border:0px; padding-top: 5px; float:left;\" alt=\"Share Button\"\/><\/a><script type=\"text\/javascript\">var hupso_services_t=new Array(\"Twitter\",\"Facebook\",\"Google Plus\",\"Pinterest\",\"Linkedin\",\"Email\",\"Print\");var hupso_background_t=\"#EAF4FF\";var hupso_border_t=\"#66CCFF\";var hupso_toolbar_size_t=\"medium\";var hupso_image_folder_url = \"\";var hupso_twitter_via=\"hectorops\";var hupso_url_t=\"\";var hupso_title_t=\"REFLEXI%C3%93N%20PARA%20EL%20S%C3%81BADO%2005-10-13\";<\/script><script type=\"text\/javascript\" src=\"http:\/\/static.hupso.com\/share\/js\/share_toolbar.js\"><\/script><!-- Hupso Share Buttons --><\/div>","protected":false},"excerpt":{"rendered":"<p>La lectura evang\u00e9lica que nos ofrece la liturgia de hoy (Lc 10,17-24) nos presenta a los \u201csetenta y dos\u201d regresando de su primera misi\u00f3n llenos de alegr\u00eda, contando a su Maestro todos los prodigios que hab\u00edan realizado en Su nombre: &hellip; <a href=\"http:\/\/delamanodemaria.com\/?p=1992\">Continue reading <span class=\"meta-nav\">&rarr;<\/span><\/a><\/p>\n<div style=\"padding-bottom:20px; padding-top:10px;\" class=\"hupso-share-buttons\"><!-- Hupso Share Buttons - https:\/\/www.hupso.com\/share\/ --><a class=\"hupso_toolbar\" href=\"https:\/\/www.hupso.com\/share\/\"><img src=\"http:\/\/static.hupso.com\/share\/buttons\/lang\/es\/share-medium.png\" style=\"border:0px; padding-top: 5px; float:left;\" alt=\"Share Button\"\/><\/a><script type=\"text\/javascript\">var hupso_services_t=new Array(\"Twitter\",\"Facebook\",\"Google Plus\",\"Pinterest\",\"Linkedin\",\"Email\",\"Print\");var hupso_background_t=\"#EAF4FF\";var hupso_border_t=\"#66CCFF\";var hupso_toolbar_size_t=\"medium\";var hupso_image_folder_url = \"\";var hupso_twitter_via=\"hectorops\";var hupso_url_t=\"\";var hupso_title_t=\"REFLEXI%C3%93N%20PARA%20EL%20S%C3%81BADO%2005-10-13\";<\/script><script type=\"text\/javascript\" src=\"http:\/\/static.hupso.com\/share\/js\/share_toolbar.js\"><\/script><!-- Hupso Share Buttons --><\/div>","protected":false},"author":1,"featured_media":0,"comment_status":"open","ping_status":"open","sticky":false,"template":"","format":"standard","meta":{"jetpack_post_was_ever_published":false,"_jetpack_newsletter_access":"","_jetpack_newsletter_tier_id":0,"jetpack_publicize_message":"","jetpack_is_tweetstorm":false,"jetpack_publicize_feature_enabled":true,"jetpack_social_post_already_shared":true,"jetpack_social_options":{"image_generator_settings":{"template":"highway","enabled":false}}},"categories":[1],"tags":[3,70,214,267,96,227,112,254,2],"jetpack_publicize_connections":[],"jetpack_featured_media_url":"","jetpack_shortlink":"https:\/\/wp.me\/p3bBgS-w8","jetpack_sharing_enabled":true,"jetpack_likes_enabled":true,"_links":{"self":[{"href":"http:\/\/delamanodemaria.com\/index.php?rest_route=\/wp\/v2\/posts\/1992"}],"collection":[{"href":"http:\/\/delamanodemaria.com\/index.php?rest_route=\/wp\/v2\/posts"}],"about":[{"href":"http:\/\/delamanodemaria.com\/index.php?rest_route=\/wp\/v2\/types\/post"}],"author":[{"embeddable":true,"href":"http:\/\/delamanodemaria.com\/index.php?rest_route=\/wp\/v2\/users\/1"}],"replies":[{"embeddable":true,"href":"http:\/\/delamanodemaria.com\/index.php?rest_route=%2Fwp%2Fv2%2Fcomments&post=1992"}],"version-history":[{"count":4,"href":"http:\/\/delamanodemaria.com\/index.php?rest_route=\/wp\/v2\/posts\/1992\/revisions"}],"predecessor-version":[{"id":1998,"href":"http:\/\/delamanodemaria.com\/index.php?rest_route=\/wp\/v2\/posts\/1992\/revisions\/1998"}],"wp:attachment":[{"href":"http:\/\/delamanodemaria.com\/index.php?rest_route=%2Fwp%2Fv2%2Fmedia&parent=1992"}],"wp:term":[{"taxonomy":"category","embeddable":true,"href":"http:\/\/delamanodemaria.com\/index.php?rest_route=%2Fwp%2Fv2%2Fcategories&post=1992"},{"taxonomy":"post_tag","embeddable":true,"href":"http:\/\/delamanodemaria.com\/index.php?rest_route=%2Fwp%2Fv2%2Ftags&post=1992"}],"curies":[{"name":"wp","href":"https:\/\/api.w.org\/{rel}","templated":true}]}}