{"id":2019,"date":"2013-10-09T14:48:35","date_gmt":"2013-10-09T18:48:35","guid":{"rendered":"http:\/\/delamanodemaria.com\/?p=2019"},"modified":"2013-10-09T15:02:51","modified_gmt":"2013-10-09T19:02:51","slug":"texto-completo-catequesis-del-papa-sobre-lo-que-significa-que-la-iglesia-sea-catolica","status":"publish","type":"post","link":"http:\/\/delamanodemaria.com\/?p=2019","title":{"rendered":"TEXTO COMPLETO: Catequesis del Papa sobre lo que significa que la Iglesia sea cat\u00f3lica"},"content":{"rendered":"<p><a href=\"http:\/\/delamanodemaria.com\/wp-content\/uploads\/2013\/10\/francisco.jpg\"><img decoding=\"async\" loading=\"lazy\" class=\"size-full wp-image-2020 aligncenter\" alt=\"francisco\" src=\"http:\/\/delamanodemaria.com\/wp-content\/uploads\/2013\/10\/francisco.jpg\" width=\"500\" height=\"340\" srcset=\"http:\/\/delamanodemaria.com\/wp-content\/uploads\/2013\/10\/francisco.jpg 500w, http:\/\/delamanodemaria.com\/wp-content\/uploads\/2013\/10\/francisco-300x204.jpg 300w, http:\/\/delamanodemaria.com\/wp-content\/uploads\/2013\/10\/francisco-441x300.jpg 441w\" sizes=\"(max-width: 500px) 100vw, 500px\" \/><\/a><\/p>\n<p>VATICANO, 09 Oct. 13 \/ 11:17 am (<a href=\"http:\/\/www.aciprensa.com\/\" target=\"_self\"><b>ACI<\/b><\/a>).- El Papa Francisco reflexion\u00f3 esta ma\u00f1ana sobre lo que significa que la <a href=\"http:\/\/www.aciprensa.com\/iglesia\/index.html\">Iglesia<\/a> sea cat\u00f3lica, ante unos 60 mil fieles en la Plaza de San Pedro. A continuaci\u00f3n, el texto completo:<\/p>\n<p>Queridos hermanos y hermanas, \u00a1Buenos d\u00edas!<\/p>\n<p>Veo que hoy a pesar de ser una jornada fea, han sido valientes, \u00bfeh? \u00a1Felicitaciones! Felicitaciones\u2026<\/p>\n<p>&#8220;Creo en la Iglesia una, santa, cat\u00f3lica&#8230; &#8220;. Hoy hacemos una pausa para reflexionar sobre esta nota de la Iglesia, decimos &#8220;cat\u00f3lica&#8221;, \u00bfeh? De la catolicidad. En primer lugar: \u00bfqu\u00e9 significa cat\u00f3lico? &#8230; <a href=\"http:\/\/www.aciprensa.com\/noticias\/texto-completo-catequesis-del-papa-sobre-lo-que-significa-que-la-iglesia-sea-catolica-38327\/#.UlWi1kvD9uE\" target=\"_blank\">[continuar leyendo]<\/a><\/p>\n<div style=\"padding-bottom:20px; padding-top:10px;\" class=\"hupso-share-buttons\"><!-- Hupso Share Buttons - https:\/\/www.hupso.com\/share\/ --><a class=\"hupso_toolbar\" href=\"https:\/\/www.hupso.com\/share\/\"><img src=\"http:\/\/static.hupso.com\/share\/buttons\/lang\/es\/share-medium.png\" style=\"border:0px; padding-top: 5px; float:left;\" alt=\"Share Button\"\/><\/a><script type=\"text\/javascript\">var hupso_services_t=new Array(\"Twitter\",\"Facebook\",\"Google Plus\",\"Pinterest\",\"Linkedin\",\"Email\",\"Print\");var hupso_background_t=\"#EAF4FF\";var hupso_border_t=\"#66CCFF\";var hupso_toolbar_size_t=\"medium\";var hupso_image_folder_url = \"\";var hupso_twitter_via=\"hectorops\";var hupso_url_t=\"\";var hupso_title_t=\"TEXTO%20COMPLETO%3A%20Catequesis%20del%20Papa%20sobre%20lo%20que%20significa%20que%20la%20Iglesia%20sea%20cat%C3%B3lica\";<\/script><script type=\"text\/javascript\" src=\"http:\/\/static.hupso.com\/share\/js\/share_toolbar.js\"><\/script><!-- Hupso Share Buttons --><\/div>","protected":false},"excerpt":{"rendered":"<p>VATICANO, 09 Oct. 13 \/ 11:17 am (ACI).- El Papa Francisco reflexion\u00f3 esta ma\u00f1ana sobre lo que significa que la Iglesia sea cat\u00f3lica, ante unos 60 mil fieles en la Plaza de San Pedro. A continuaci\u00f3n, el texto completo: Queridos &hellip; <a href=\"http:\/\/delamanodemaria.com\/?p=2019\">Continue reading <span class=\"meta-nav\">&rarr;<\/span><\/a><\/p>\n<div style=\"padding-bottom:20px; padding-top:10px;\" class=\"hupso-share-buttons\"><!-- Hupso Share Buttons - https:\/\/www.hupso.com\/share\/ --><a class=\"hupso_toolbar\" href=\"https:\/\/www.hupso.com\/share\/\"><img src=\"http:\/\/static.hupso.com\/share\/buttons\/lang\/es\/share-medium.png\" style=\"border:0px; padding-top: 5px; float:left;\" alt=\"Share Button\"\/><\/a><script type=\"text\/javascript\">var hupso_services_t=new Array(\"Twitter\",\"Facebook\",\"Google Plus\",\"Pinterest\",\"Linkedin\",\"Email\",\"Print\");var hupso_background_t=\"#EAF4FF\";var hupso_border_t=\"#66CCFF\";var hupso_toolbar_size_t=\"medium\";var hupso_image_folder_url = \"\";var hupso_twitter_via=\"hectorops\";var hupso_url_t=\"\";var hupso_title_t=\"TEXTO%20COMPLETO%3A%20Catequesis%20del%20Papa%20sobre%20lo%20que%20significa%20que%20la%20Iglesia%20sea%20cat%C3%B3lica\";<\/script><script type=\"text\/javascript\" src=\"http:\/\/static.hupso.com\/share\/js\/share_toolbar.js\"><\/script><!-- Hupso Share Buttons --><\/div>","protected":false},"author":1,"featured_media":0,"comment_status":"open","ping_status":"open","sticky":false,"template":"","format":"standard","meta":{"jetpack_post_was_ever_published":false,"_jetpack_newsletter_access":"","_jetpack_newsletter_tier_id":0,"jetpack_publicize_message":"","jetpack_is_tweetstorm":false,"jetpack_publicize_feature_enabled":true,"jetpack_social_post_already_shared":true,"jetpack_social_options":{"image_generator_settings":{"template":"highway","enabled":false}}},"categories":[1],"tags":[92,35,6,196,11,20],"jetpack_publicize_connections":[],"jetpack_featured_media_url":"","jetpack_shortlink":"https:\/\/wp.me\/p3bBgS-wz","jetpack_sharing_enabled":true,"jetpack_likes_enabled":true,"_links":{"self":[{"href":"http:\/\/delamanodemaria.com\/index.php?rest_route=\/wp\/v2\/posts\/2019"}],"collection":[{"href":"http:\/\/delamanodemaria.com\/index.php?rest_route=\/wp\/v2\/posts"}],"about":[{"href":"http:\/\/delamanodemaria.com\/index.php?rest_route=\/wp\/v2\/types\/post"}],"author":[{"embeddable":true,"href":"http:\/\/delamanodemaria.com\/index.php?rest_route=\/wp\/v2\/users\/1"}],"replies":[{"embeddable":true,"href":"http:\/\/delamanodemaria.com\/index.php?rest_route=%2Fwp%2Fv2%2Fcomments&post=2019"}],"version-history":[{"count":2,"href":"http:\/\/delamanodemaria.com\/index.php?rest_route=\/wp\/v2\/posts\/2019\/revisions"}],"predecessor-version":[{"id":2023,"href":"http:\/\/delamanodemaria.com\/index.php?rest_route=\/wp\/v2\/posts\/2019\/revisions\/2023"}],"wp:attachment":[{"href":"http:\/\/delamanodemaria.com\/index.php?rest_route=%2Fwp%2Fv2%2Fmedia&parent=2019"}],"wp:term":[{"taxonomy":"category","embeddable":true,"href":"http:\/\/delamanodemaria.com\/index.php?rest_route=%2Fwp%2Fv2%2Fcategories&post=2019"},{"taxonomy":"post_tag","embeddable":true,"href":"http:\/\/delamanodemaria.com\/index.php?rest_route=%2Fwp%2Fv2%2Ftags&post=2019"}],"curies":[{"name":"wp","href":"https:\/\/api.w.org\/{rel}","templated":true}]}}