{"id":2137,"date":"2013-10-29T22:30:46","date_gmt":"2013-10-30T02:30:46","guid":{"rendered":"http:\/\/delamanodemaria.com\/?p=2137"},"modified":"2013-10-30T08:56:47","modified_gmt":"2013-10-30T12:56:47","slug":"reflexion-para-el-miercoles-30-10-13","status":"publish","type":"post","link":"http:\/\/delamanodemaria.com\/?p=2137","title":{"rendered":"REFLEXI\u00d3N PARA EL MI\u00c9RCOLES 30-10-13"},"content":{"rendered":"<p><a href=\"http:\/\/delamanodemaria.com\/wp-content\/uploads\/2013\/10\/Llamar\u00e9is-a-la-puerta-larger.png\"><img decoding=\"async\" loading=\"lazy\" class=\"size-full wp-image-2139 aligncenter\" alt=\"Llamar\u00e9is a la puerta larger\" src=\"http:\/\/delamanodemaria.com\/wp-content\/uploads\/2013\/10\/Llamar\u00e9is-a-la-puerta-larger.png\" width=\"564\" height=\"286\" srcset=\"http:\/\/delamanodemaria.com\/wp-content\/uploads\/2013\/10\/Llamar\u00e9is-a-la-puerta-larger.png 564w, http:\/\/delamanodemaria.com\/wp-content\/uploads\/2013\/10\/Llamar\u00e9is-a-la-puerta-larger-300x152.png 300w, http:\/\/delamanodemaria.com\/wp-content\/uploads\/2013\/10\/Llamar\u00e9is-a-la-puerta-larger-500x253.png 500w\" sizes=\"(max-width: 564px) 100vw, 564px\" \/><\/a><\/p>\n<p><span style=\"color: #000000;\"><span style=\"font-size: large;\">En el Evangelio de hoy Lucas nos muestra\u00a0una imagen de Jes\u00fas t\u00edpica de \u00e9l: como predicador itinerante, recorriendo ciudades y aldeas ense\u00f1ando (Lc 13,22-30). En este pasaje encontramos a \u201cuno\u201d de los que le escuchaba preguntarle: \u201cSe\u00f1or, \u00bfser\u00e1n pocos los que se salven?\u201d. De nuevo alguien an\u00f3nimo; t\u00fa o yo. La pregunta no es la correcta, pues la preocupaci\u00f3n no debe ser \u201ccu\u00e1ntos\u201d se van a salvar sino c\u00f3mo, qu\u00e9 hay que hacer para salvarse.<\/span><\/span><\/p>\n<p><span style=\"color: #000000;\"><span style=\"font-size: large;\">Y en el estilo t\u00edpico de Jes\u00fas, opta por no contestar directamente la pregunta, sino hacerlo a trav\u00e9s de una par\u00e1bola: \u201cCuando el amo de la casa se levante y cierre la puerta, os quedar\u00e9is fuera y llamar\u00e9is a la puerta, diciendo: \u2018Se\u00f1or, \u00e1brenos\u2019; y \u00e9l os replicar\u00e1: \u2018No s\u00e9 qui\u00e9nes sois\u2019. Entonces comenzar\u00e9is a decir: \u2018Hemos comido y bebido contigo, y t\u00fa has ense\u00f1ado en nuestras plazas\u2019. Pero \u00e9l os replicar\u00e1: \u2018No s\u00e9 qui\u00e9nes sois. Alejaos de m\u00ed, malvados\u2019\u2026 Y vendr\u00e1n de oriente y occidente, del norte y del sur, y se sentar\u00e1n a la mesa en el reino de Dios. Mirad: hay \u00faltimos que ser\u00e1n primeros, y primeros que ser\u00e1n \u00faltimos\u201d.<\/span><\/span><\/p>\n<p><span style=\"color: #000000;\"><span style=\"font-size: large;\">El que le formula la pregunta, uno de los que le segu\u00eda, parece partir de la premisa que \u00e9l pertenece al n\u00famero de los \u201cescogidos\u201d. Eso nos pasa a muchos de los que nos sentamos a su mesa (recibimos la Eucarist\u00eda) y estamos presentes cuando \u201cense\u00f1a en nuestras plazas\u201d (la liturgia de la Palabra); creemos que por eso ya estamos salvados. El problema es que no sabemos cu\u00e1ndo va a llegar el Amo de la casa y cerrar la puerta. En ese momento, \u00bfestaremos adentro (en \u201cgracia\u201d), o estaremos afuera (en pecado)?<\/span><\/span><\/p>\n<p><span style=\"color: #000000;\"><span style=\"font-size: large;\">Est\u00e1 claro que la salvaci\u00f3n no va a depender de a qu\u00e9 religi\u00f3n \u201cpertenecemos\u201d, ni a cu\u00e1ntas misas hemos asistido, ni cu\u00e1ntos sacramentos hemos recibido. Muchos de los llamados \u201cpecadores\u201d pueden experimentar una verdadera conversi\u00f3n a \u00faltima hora y esos estar\u00e1n \u201cadentro\u201d cuando se cierren las puertas. Y muchos de los que se \u201csientan a la mesa\u201d a menudo, y van y vienen se quedar\u00e1n afuera cuando el Amo \u201ccierre las puertas\u201d. Como nos dice el mismo Jes\u00fas en el Evangelio seg\u00fan san Mateo: \u201cNo todo el que me diga: Se\u00f1or, Se\u00f1or, entrar\u00e1 en el Reino de los Cielos, sino el que haga la voluntad de mi Padre celestial. Muchos me dir\u00e1n aquel D\u00eda: Se\u00f1or, Se\u00f1or, \u00bfno profetizamos en tu nombre, y en tu nombre expulsamos demonios, y en tu nombre hicimos muchos milagros? Y entonces les declarar\u00e9: \u00a1Jam\u00e1s os conoc\u00ed; apartaos de m\u00ed, agentes de iniquidad!\u201d (Mt 7,21-23).<\/span><\/span><\/p>\n<p><span style=\"color: #000000;\"><span style=\"font-size: large;\">No se trata de \u201ccreer\u201d en Jes\u00fas, se trata de \u201ccreerle\u201d. Y si le creemos, no nos limitaremos a ese mero acto de fe; le seguiremos y actuaremos acorde a sus ense\u00f1anzas, \u201charemos la voluntad del Padre celestial\u201d. Se trata de unir la fe a las obras (St 2,14-26). Y el secreto para lograrlo es uno: vivir el Amor de Dios; amarlo y amar a los dem\u00e1s como \u00c9l nos ama (Jn 13,34).<\/span><\/span><\/p>\n<p><span style=\"color: #000000;\"><span style=\"font-size: large;\">Hoy, pidamos al Se\u00f1or el don de la perseverancia en la fe y las obras.<\/span><\/span><\/p>\n<div style=\"padding-bottom:20px; padding-top:10px;\" class=\"hupso-share-buttons\"><!-- Hupso Share Buttons - https:\/\/www.hupso.com\/share\/ --><a class=\"hupso_toolbar\" href=\"https:\/\/www.hupso.com\/share\/\"><img src=\"http:\/\/static.hupso.com\/share\/buttons\/lang\/es\/share-medium.png\" style=\"border:0px; padding-top: 5px; float:left;\" alt=\"Share Button\"\/><\/a><script type=\"text\/javascript\">var hupso_services_t=new Array(\"Twitter\",\"Facebook\",\"Google Plus\",\"Pinterest\",\"Linkedin\",\"Email\",\"Print\");var hupso_background_t=\"#EAF4FF\";var hupso_border_t=\"#66CCFF\";var hupso_toolbar_size_t=\"medium\";var hupso_image_folder_url = \"\";var hupso_twitter_via=\"hectorops\";var hupso_url_t=\"\";var hupso_title_t=\"REFLEXI%C3%93N%20PARA%20EL%20MI%C3%89RCOLES%2030-10-13\";<\/script><script type=\"text\/javascript\" src=\"http:\/\/static.hupso.com\/share\/js\/share_toolbar.js\"><\/script><!-- Hupso Share Buttons --><\/div>","protected":false},"excerpt":{"rendered":"<p>En el Evangelio de hoy Lucas nos muestra\u00a0una imagen de Jes\u00fas t\u00edpica de \u00e9l: como predicador itinerante, recorriendo ciudades y aldeas ense\u00f1ando (Lc 13,22-30). En este pasaje encontramos a \u201cuno\u201d de los que le escuchaba preguntarle: \u201cSe\u00f1or, \u00bfser\u00e1n pocos los &hellip; <a href=\"http:\/\/delamanodemaria.com\/?p=2137\">Continue reading <span class=\"meta-nav\">&rarr;<\/span><\/a><\/p>\n<div style=\"padding-bottom:20px; padding-top:10px;\" class=\"hupso-share-buttons\"><!-- Hupso Share Buttons - https:\/\/www.hupso.com\/share\/ --><a class=\"hupso_toolbar\" href=\"https:\/\/www.hupso.com\/share\/\"><img src=\"http:\/\/static.hupso.com\/share\/buttons\/lang\/es\/share-medium.png\" style=\"border:0px; padding-top: 5px; float:left;\" alt=\"Share Button\"\/><\/a><script type=\"text\/javascript\">var hupso_services_t=new Array(\"Twitter\",\"Facebook\",\"Google Plus\",\"Pinterest\",\"Linkedin\",\"Email\",\"Print\");var hupso_background_t=\"#EAF4FF\";var hupso_border_t=\"#66CCFF\";var hupso_toolbar_size_t=\"medium\";var hupso_image_folder_url = \"\";var hupso_twitter_via=\"hectorops\";var hupso_url_t=\"\";var hupso_title_t=\"REFLEXI%C3%93N%20PARA%20EL%20MI%C3%89RCOLES%2030-10-13\";<\/script><script type=\"text\/javascript\" src=\"http:\/\/static.hupso.com\/share\/js\/share_toolbar.js\"><\/script><!-- Hupso Share Buttons --><\/div>","protected":false},"author":1,"featured_media":0,"comment_status":"open","ping_status":"open","sticky":false,"template":"","format":"standard","meta":{"jetpack_post_was_ever_published":false,"_jetpack_newsletter_access":"","_jetpack_newsletter_tier_id":0,"jetpack_publicize_message":"","jetpack_is_tweetstorm":false,"jetpack_publicize_feature_enabled":true,"jetpack_social_post_already_shared":true,"jetpack_social_options":{"image_generator_settings":{"template":"highway","enabled":false}}},"categories":[1],"tags":[45,22,138,21,10,2,87],"jetpack_publicize_connections":[],"jetpack_featured_media_url":"","jetpack_shortlink":"https:\/\/wp.me\/p3bBgS-yt","jetpack_sharing_enabled":true,"jetpack_likes_enabled":true,"_links":{"self":[{"href":"http:\/\/delamanodemaria.com\/index.php?rest_route=\/wp\/v2\/posts\/2137"}],"collection":[{"href":"http:\/\/delamanodemaria.com\/index.php?rest_route=\/wp\/v2\/posts"}],"about":[{"href":"http:\/\/delamanodemaria.com\/index.php?rest_route=\/wp\/v2\/types\/post"}],"author":[{"embeddable":true,"href":"http:\/\/delamanodemaria.com\/index.php?rest_route=\/wp\/v2\/users\/1"}],"replies":[{"embeddable":true,"href":"http:\/\/delamanodemaria.com\/index.php?rest_route=%2Fwp%2Fv2%2Fcomments&post=2137"}],"version-history":[{"count":3,"href":"http:\/\/delamanodemaria.com\/index.php?rest_route=\/wp\/v2\/posts\/2137\/revisions"}],"predecessor-version":[{"id":2142,"href":"http:\/\/delamanodemaria.com\/index.php?rest_route=\/wp\/v2\/posts\/2137\/revisions\/2142"}],"wp:attachment":[{"href":"http:\/\/delamanodemaria.com\/index.php?rest_route=%2Fwp%2Fv2%2Fmedia&parent=2137"}],"wp:term":[{"taxonomy":"category","embeddable":true,"href":"http:\/\/delamanodemaria.com\/index.php?rest_route=%2Fwp%2Fv2%2Fcategories&post=2137"},{"taxonomy":"post_tag","embeddable":true,"href":"http:\/\/delamanodemaria.com\/index.php?rest_route=%2Fwp%2Fv2%2Ftags&post=2137"}],"curies":[{"name":"wp","href":"https:\/\/api.w.org\/{rel}","templated":true}]}}