{"id":2143,"date":"2013-10-30T10:51:44","date_gmt":"2013-10-30T14:51:44","guid":{"rendered":"http:\/\/delamanodemaria.com\/?p=2143"},"modified":"2013-10-30T10:51:44","modified_gmt":"2013-10-30T14:51:44","slug":"el-papa-recuerda-que-la-comunion-de-los-santos-es-una-de-las-realidades-mas-bellas-de-nuestra-fe","status":"publish","type":"post","link":"http:\/\/delamanodemaria.com\/?p=2143","title":{"rendered":"El Papa recuerda que la comuni\u00f3n de los santos es una de las realidades m\u00e1s bellas de nuestra fe"},"content":{"rendered":"<p><a href=\"http:\/\/delamanodemaria.com\/wp-content\/uploads\/2013\/10\/francisco.jpg\"><img decoding=\"async\" loading=\"lazy\" class=\"size-full wp-image-2020 aligncenter\" alt=\"francisco\" src=\"http:\/\/delamanodemaria.com\/wp-content\/uploads\/2013\/10\/francisco.jpg\" width=\"500\" height=\"340\" srcset=\"http:\/\/delamanodemaria.com\/wp-content\/uploads\/2013\/10\/francisco.jpg 500w, http:\/\/delamanodemaria.com\/wp-content\/uploads\/2013\/10\/francisco-300x204.jpg 300w, http:\/\/delamanodemaria.com\/wp-content\/uploads\/2013\/10\/francisco-441x300.jpg 441w\" sizes=\"(max-width: 500px) 100vw, 500px\" \/><\/a><\/p>\n<p>(VIS) La comuni\u00f3n de los santos tiene dos significados relacionados: comuni\u00f3n en las cosas santas y comuni\u00f3n entre las personas santas y el Santo Padre se ha centrado en el segundo, \u00ab una de las verdades m\u00e1s consoladoras de nuestra fe\u00bb, porque \u00abnos recuerda que no estamos solos, sino que hay una comuni\u00f3n de vida entre todos los que pertenecen a Cristo. Una comuni\u00f3n que nace de la fe. De hecho, el t\u00e9rmino \u00absantos\u00bb se refiere a aquellos que creen en el Se\u00f1or Jes\u00fas y por \u00e9l se incorporan a la Iglesia a trav\u00e9s del bautismo\u00bb.<\/p>\n<p>La relaci\u00f3n entre Jes\u00fas y el Padre es \u00abla matriz de la uni\u00f3n entre&#8230; <a href=\"http:\/\/infocatolica.com\/?t=noticia&amp;cod=18952\" target=\"_blank\">`[continuar leyendo]<\/a><\/p>\n<div style=\"padding-bottom:20px; padding-top:10px;\" class=\"hupso-share-buttons\"><!-- Hupso Share Buttons - https:\/\/www.hupso.com\/share\/ --><a class=\"hupso_toolbar\" href=\"https:\/\/www.hupso.com\/share\/\"><img src=\"http:\/\/static.hupso.com\/share\/buttons\/lang\/es\/share-medium.png\" style=\"border:0px; padding-top: 5px; float:left;\" alt=\"Share Button\"\/><\/a><script type=\"text\/javascript\">var hupso_services_t=new Array(\"Twitter\",\"Facebook\",\"Google Plus\",\"Pinterest\",\"Linkedin\",\"Email\",\"Print\");var hupso_background_t=\"#EAF4FF\";var hupso_border_t=\"#66CCFF\";var hupso_toolbar_size_t=\"medium\";var hupso_image_folder_url = \"\";var hupso_twitter_via=\"hectorops\";var hupso_url_t=\"\";var hupso_title_t=\"El%20Papa%20recuerda%20que%20la%20comuni%C3%B3n%20de%20los%20santos%20es%20una%20de%20las%20realidades%20m%C3%A1s%20bellas%20de%20nuestra%20fe\";<\/script><script type=\"text\/javascript\" src=\"http:\/\/static.hupso.com\/share\/js\/share_toolbar.js\"><\/script><!-- Hupso Share Buttons --><\/div>","protected":false},"excerpt":{"rendered":"<p>(VIS) La comuni\u00f3n de los santos tiene dos significados relacionados: comuni\u00f3n en las cosas santas y comuni\u00f3n entre las personas santas y el Santo Padre se ha centrado en el segundo, \u00ab una de las verdades m\u00e1s consoladoras de nuestra &hellip; <a href=\"http:\/\/delamanodemaria.com\/?p=2143\">Continue reading <span class=\"meta-nav\">&rarr;<\/span><\/a><\/p>\n<div style=\"padding-bottom:20px; padding-top:10px;\" class=\"hupso-share-buttons\"><!-- Hupso Share Buttons - https:\/\/www.hupso.com\/share\/ --><a class=\"hupso_toolbar\" href=\"https:\/\/www.hupso.com\/share\/\"><img src=\"http:\/\/static.hupso.com\/share\/buttons\/lang\/es\/share-medium.png\" style=\"border:0px; padding-top: 5px; float:left;\" alt=\"Share Button\"\/><\/a><script type=\"text\/javascript\">var hupso_services_t=new Array(\"Twitter\",\"Facebook\",\"Google Plus\",\"Pinterest\",\"Linkedin\",\"Email\",\"Print\");var hupso_background_t=\"#EAF4FF\";var hupso_border_t=\"#66CCFF\";var hupso_toolbar_size_t=\"medium\";var hupso_image_folder_url = \"\";var hupso_twitter_via=\"hectorops\";var hupso_url_t=\"\";var hupso_title_t=\"El%20Papa%20recuerda%20que%20la%20comuni%C3%B3n%20de%20los%20santos%20es%20una%20de%20las%20realidades%20m%C3%A1s%20bellas%20de%20nuestra%20fe\";<\/script><script type=\"text\/javascript\" src=\"http:\/\/static.hupso.com\/share\/js\/share_toolbar.js\"><\/script><!-- Hupso Share Buttons --><\/div>","protected":false},"author":1,"featured_media":0,"comment_status":"open","ping_status":"open","sticky":false,"template":"","format":"standard","meta":{"jetpack_post_was_ever_published":false,"_jetpack_newsletter_access":"","_jetpack_newsletter_tier_id":0,"jetpack_publicize_message":"","jetpack_is_tweetstorm":false,"jetpack_publicize_feature_enabled":true,"jetpack_social_post_already_shared":true,"jetpack_social_options":{"image_generator_settings":{"template":"highway","enabled":false}}},"categories":[1],"tags":[92,320,35,6,11],"jetpack_publicize_connections":[],"jetpack_featured_media_url":"","jetpack_shortlink":"https:\/\/wp.me\/p3bBgS-yz","jetpack_sharing_enabled":true,"jetpack_likes_enabled":true,"_links":{"self":[{"href":"http:\/\/delamanodemaria.com\/index.php?rest_route=\/wp\/v2\/posts\/2143"}],"collection":[{"href":"http:\/\/delamanodemaria.com\/index.php?rest_route=\/wp\/v2\/posts"}],"about":[{"href":"http:\/\/delamanodemaria.com\/index.php?rest_route=\/wp\/v2\/types\/post"}],"author":[{"embeddable":true,"href":"http:\/\/delamanodemaria.com\/index.php?rest_route=\/wp\/v2\/users\/1"}],"replies":[{"embeddable":true,"href":"http:\/\/delamanodemaria.com\/index.php?rest_route=%2Fwp%2Fv2%2Fcomments&post=2143"}],"version-history":[{"count":1,"href":"http:\/\/delamanodemaria.com\/index.php?rest_route=\/wp\/v2\/posts\/2143\/revisions"}],"predecessor-version":[{"id":2144,"href":"http:\/\/delamanodemaria.com\/index.php?rest_route=\/wp\/v2\/posts\/2143\/revisions\/2144"}],"wp:attachment":[{"href":"http:\/\/delamanodemaria.com\/index.php?rest_route=%2Fwp%2Fv2%2Fmedia&parent=2143"}],"wp:term":[{"taxonomy":"category","embeddable":true,"href":"http:\/\/delamanodemaria.com\/index.php?rest_route=%2Fwp%2Fv2%2Fcategories&post=2143"},{"taxonomy":"post_tag","embeddable":true,"href":"http:\/\/delamanodemaria.com\/index.php?rest_route=%2Fwp%2Fv2%2Ftags&post=2143"}],"curies":[{"name":"wp","href":"https:\/\/api.w.org\/{rel}","templated":true}]}}