{"id":2663,"date":"2013-12-29T17:06:13","date_gmt":"2013-12-29T21:06:13","guid":{"rendered":"http:\/\/delamanodemaria.com\/?p=2663"},"modified":"2013-12-30T09:10:09","modified_gmt":"2013-12-30T13:10:09","slug":"reflexion-para-el-sexto-dia-de-la-octava-de-navidad-30-12-13","status":"publish","type":"post","link":"http:\/\/delamanodemaria.com\/?p=2663","title":{"rendered":"REFLEXI\u00d3N PARA EL SEXTO D\u00cdA DE LA OCTAVA DE NAVIDAD 30-12-13"},"content":{"rendered":"<p><a href=\"http:\/\/delamanodemaria.com\/wp-content\/uploads\/2013\/12\/profetisa-ana.jpg\"><img decoding=\"async\" loading=\"lazy\" class=\"alignnone size-full wp-image-2664\" alt=\"profetisa ana\" src=\"http:\/\/delamanodemaria.com\/wp-content\/uploads\/2013\/12\/profetisa-ana.jpg\" width=\"600\" height=\"672\" srcset=\"http:\/\/delamanodemaria.com\/wp-content\/uploads\/2013\/12\/profetisa-ana.jpg 600w, http:\/\/delamanodemaria.com\/wp-content\/uploads\/2013\/12\/profetisa-ana-267x300.jpg 267w\" sizes=\"(max-width: 600px) 100vw, 600px\" \/><\/a><\/p>\n<p><span style=\"color: #000000; font-size: large;\">Continuamos celebrando la \u201coctava\u201d de Navidad. Cuando la Iglesia celebra una festividad solemne, como la Navidad, un d\u00eda no basta; por eso la celebraci\u00f3n se prolonga durante ocho d\u00edas, como si constituyeran un solo d\u00eda de fiesta. Aunque a lo largo de la historia de la Iglesia se han reconocido varias octavas, hoy la liturgia solo conserva las octavas de las dos principales solemnidades lit\u00fargicas: Pascua y Navidad. Hecho este peque\u00f1o par\u00e9ntesis de formaci\u00f3n lit\u00fargica, reflexionemos sobre las lecturas que nos presenta la liturgia para hoy, sexto d\u00eda de la infraoctava de Navidad.<\/span><\/p>\n<p><span style=\"color: #000000; font-size: large;\">Como primera lectura continuamos con la 1ra Carta del ap\u00f3stol san Juan (2,12-17) que comenz\u00e1ramos el s\u00e1bado. En este pasaje Juan nos plantea la contraposici\u00f3n Dios-mundo: \u201cNo am\u00e9is al mundo ni lo que hay en el mundo. Si alguno ama al mundo, no est\u00e1 en \u00e9l el amor del Padre. Porque lo que hay en el mundo \u2013las pasiones de la carne, y la codicia de los ojos, y la arrogancia del dinero\u2013, eso no procede del Padre, sino que procede del mundo. Y el mundo pasa, con sus pasiones. Pero el que hace la voluntad de Dios permanece para siempre\u201d.<\/span><\/p>\n<p><span style=\"color: #000000; font-size: large;\">\u00bfY cu\u00e1l es la voluntad del Padre? Que todos nos salvemos. \u00bfY c\u00f3mo podemos salvarnos? Amando al Cristo que vive en cada uno de nuestros hermanos (Cfr. Mt 25,31-46). De nuevo la Ley del Amor, ese amor que Dios nos ense\u00f1\u00f3 envi\u00e1ndonos a su \u00fanico Hijo, ese ni\u00f1o que naci\u00f3 en Bel\u00e9n hace apenas cinco d\u00edas, para ofrecerlo en sacrificio de manera que tuvi\u00e9ramos Vida por medio de \u00c9l (Cfr. Jn 4-7-9; 15,12-14). As\u00ed, el que ha conocido y asimilado el misterio del Amor de Dios en esta Navidad, no tiene otro remedio que imitar su gran mandamiento, que es el Amor.<\/span><\/p>\n<p><span style=\"color: #000000; font-size: large;\">El Evangelio que contemplamos hoy (Lc 2,36-40) nos presenta la conclusi\u00f3n del pasaje de la Purificaci\u00f3n de Mar\u00eda y la Presentaci\u00f3n del Ni\u00f1o en el Templo, que abarca los vers\u00edculos 22 al 40. Podr\u00edamos preguntarnos: \u00bfC\u00f3mo es posible que sus padres hayan llevado al Ni\u00f1o al Templo para present\u00e1rselo a Dios, si ese Ni\u00f1o ES Dios? Precisamente, esta escena sirve para enfatizar el car\u00e1cter totalizante del misterio de la Encarnaci\u00f3n. Mediante la Encarnaci\u00f3n Jes\u00fas se hizo uno de nosotros, igual en todo menos en el pecado (Hb 4,15). Por eso sus padres cumplieron con la Ley, significando de ese modo la solidaridad del Mes\u00edas con su pueblo, con nosotros.<\/span><\/p>\n<p><span style=\"color: #000000; font-size: large;\">El fragmento que contemplamos hoy nos presenta el personaje de la profetisa Ana, \u201chija de Fanuel, de la tribu de Aser\u201d, quien al concluir el c\u00e1ntico de Sime\u00f3n, se acerc\u00f3 al Ni\u00f1o dando gracias a Dios mientras \u201chablaba del ni\u00f1o a todos los que aguardaban la liberaci\u00f3n de Jerusal\u00e9n\u201d. Ana tuvo un encuentro personal con Jes\u00fas y le reconoci\u00f3. Y al igual que todos los que hemos tenido esa experiencia, no tenemos m\u00e1s remedio que dar gracias a Dios y alabar y proclamar su Nombre a todo el que se cruce en nuestro camino.<\/span><\/p>\n<p><span style=\"color: #000000; font-size: large;\">Si hemos vivido la verdadera Navidad, no podremos contener los deseos de compartir con todos la Buena Nueva de que Dios est\u00e1 con nosotros.<\/span><\/p>\n<div style=\"padding-bottom:20px; padding-top:10px;\" class=\"hupso-share-buttons\"><!-- Hupso Share Buttons - https:\/\/www.hupso.com\/share\/ --><a class=\"hupso_toolbar\" href=\"https:\/\/www.hupso.com\/share\/\"><img src=\"http:\/\/static.hupso.com\/share\/buttons\/lang\/es\/share-medium.png\" style=\"border:0px; padding-top: 5px; float:left;\" alt=\"Share Button\"\/><\/a><script type=\"text\/javascript\">var hupso_services_t=new Array(\"Twitter\",\"Facebook\",\"Google Plus\",\"Pinterest\",\"Linkedin\",\"Email\",\"Print\");var hupso_background_t=\"#EAF4FF\";var hupso_border_t=\"#66CCFF\";var hupso_toolbar_size_t=\"medium\";var hupso_image_folder_url = \"\";var hupso_twitter_via=\"hectorops\";var hupso_url_t=\"\";var hupso_title_t=\"REFLEXI%C3%93N%20PARA%20EL%20SEXTO%20D%C3%8DA%20DE%20LA%20OCTAVA%20DE%20NAVIDAD%2030-12-13\";<\/script><script type=\"text\/javascript\" src=\"http:\/\/static.hupso.com\/share\/js\/share_toolbar.js\"><\/script><!-- Hupso Share Buttons --><\/div>","protected":false},"excerpt":{"rendered":"<p>Continuamos celebrando la \u201coctava\u201d de Navidad. Cuando la Iglesia celebra una festividad solemne, como la Navidad, un d\u00eda no basta; por eso la celebraci\u00f3n se prolonga durante ocho d\u00edas, como si constituyeran un solo d\u00eda de fiesta. Aunque a lo &hellip; <a href=\"http:\/\/delamanodemaria.com\/?p=2663\">Continue reading <span class=\"meta-nav\">&rarr;<\/span><\/a><\/p>\n<div style=\"padding-bottom:20px; padding-top:10px;\" class=\"hupso-share-buttons\"><!-- Hupso Share Buttons - https:\/\/www.hupso.com\/share\/ --><a class=\"hupso_toolbar\" href=\"https:\/\/www.hupso.com\/share\/\"><img src=\"http:\/\/static.hupso.com\/share\/buttons\/lang\/es\/share-medium.png\" style=\"border:0px; padding-top: 5px; float:left;\" alt=\"Share Button\"\/><\/a><script type=\"text\/javascript\">var hupso_services_t=new Array(\"Twitter\",\"Facebook\",\"Google Plus\",\"Pinterest\",\"Linkedin\",\"Email\",\"Print\");var hupso_background_t=\"#EAF4FF\";var hupso_border_t=\"#66CCFF\";var hupso_toolbar_size_t=\"medium\";var hupso_image_folder_url = \"\";var hupso_twitter_via=\"hectorops\";var hupso_url_t=\"\";var hupso_title_t=\"REFLEXI%C3%93N%20PARA%20EL%20SEXTO%20D%C3%8DA%20DE%20LA%20OCTAVA%20DE%20NAVIDAD%2030-12-13\";<\/script><script type=\"text\/javascript\" src=\"http:\/\/static.hupso.com\/share\/js\/share_toolbar.js\"><\/script><!-- Hupso Share Buttons --><\/div>","protected":false},"author":1,"featured_media":0,"comment_status":"open","ping_status":"open","sticky":false,"template":"","format":"standard","meta":{"jetpack_post_was_ever_published":false,"_jetpack_newsletter_access":"","_jetpack_newsletter_tier_id":0,"jetpack_publicize_message":"","jetpack_is_tweetstorm":false,"jetpack_publicize_feature_enabled":true,"jetpack_social_post_already_shared":true,"jetpack_social_options":{"image_generator_settings":{"template":"highway","enabled":false}}},"categories":[1],"tags":[30,105,370,44,372,403,350,402,304,2],"jetpack_publicize_connections":[],"jetpack_featured_media_url":"","jetpack_shortlink":"https:\/\/wp.me\/p3bBgS-GX","jetpack_sharing_enabled":true,"jetpack_likes_enabled":true,"_links":{"self":[{"href":"http:\/\/delamanodemaria.com\/index.php?rest_route=\/wp\/v2\/posts\/2663"}],"collection":[{"href":"http:\/\/delamanodemaria.com\/index.php?rest_route=\/wp\/v2\/posts"}],"about":[{"href":"http:\/\/delamanodemaria.com\/index.php?rest_route=\/wp\/v2\/types\/post"}],"author":[{"embeddable":true,"href":"http:\/\/delamanodemaria.com\/index.php?rest_route=\/wp\/v2\/users\/1"}],"replies":[{"embeddable":true,"href":"http:\/\/delamanodemaria.com\/index.php?rest_route=%2Fwp%2Fv2%2Fcomments&post=2663"}],"version-history":[{"count":4,"href":"http:\/\/delamanodemaria.com\/index.php?rest_route=\/wp\/v2\/posts\/2663\/revisions"}],"predecessor-version":[{"id":2678,"href":"http:\/\/delamanodemaria.com\/index.php?rest_route=\/wp\/v2\/posts\/2663\/revisions\/2678"}],"wp:attachment":[{"href":"http:\/\/delamanodemaria.com\/index.php?rest_route=%2Fwp%2Fv2%2Fmedia&parent=2663"}],"wp:term":[{"taxonomy":"category","embeddable":true,"href":"http:\/\/delamanodemaria.com\/index.php?rest_route=%2Fwp%2Fv2%2Fcategories&post=2663"},{"taxonomy":"post_tag","embeddable":true,"href":"http:\/\/delamanodemaria.com\/index.php?rest_route=%2Fwp%2Fv2%2Ftags&post=2663"}],"curies":[{"name":"wp","href":"https:\/\/api.w.org\/{rel}","templated":true}]}}