{"id":2666,"date":"2013-12-30T19:24:54","date_gmt":"2013-12-30T23:24:54","guid":{"rendered":"http:\/\/delamanodemaria.com\/?p=2666"},"modified":"2013-12-30T19:24:54","modified_gmt":"2013-12-30T23:24:54","slug":"reflexion-para-el-septimo-dia-de-la-octava-de-navidad-31-12-13","status":"publish","type":"post","link":"http:\/\/delamanodemaria.com\/?p=2666","title":{"rendered":"REFLEXI\u00d3N PARA EL S\u00c9PTIMO D\u00cdA DE LA OCTAVA DE NAVIDAD 31-12-13"},"content":{"rendered":"<p><a href=\"http:\/\/delamanodemaria.com\/wp-content\/uploads\/2013\/12\/Envio-a-su-hijo-para-dar-luz-al-mundo-med.jpg\"><img decoding=\"async\" loading=\"lazy\" class=\"alignnone size-full wp-image-2667\" alt=\"Envio a su hijo para dar luz al mundo med\" src=\"http:\/\/delamanodemaria.com\/wp-content\/uploads\/2013\/12\/Envio-a-su-hijo-para-dar-luz-al-mundo-med.jpg\" width=\"600\" height=\"398\" srcset=\"http:\/\/delamanodemaria.com\/wp-content\/uploads\/2013\/12\/Envio-a-su-hijo-para-dar-luz-al-mundo-med.jpg 600w, http:\/\/delamanodemaria.com\/wp-content\/uploads\/2013\/12\/Envio-a-su-hijo-para-dar-luz-al-mundo-med-300x199.jpg 300w, http:\/\/delamanodemaria.com\/wp-content\/uploads\/2013\/12\/Envio-a-su-hijo-para-dar-luz-al-mundo-med-452x300.jpg 452w\" sizes=\"(max-width: 600px) 100vw, 600px\" \/><\/a><\/p>\n<p><span style=\"color: #000000; font-size: large;\">Hoy es el s\u00e9ptimo d\u00eda de la octava de Navidad. Para este d\u00eda la liturgia nos presenta nuevamente como lectura evang\u00e9lica el pr\u00f3logo de Evangelio seg\u00fan san Juan, que le\u00edmos para la Solemnidad de la Natividad del Se\u00f1or (Jn 1,1-18).<\/span><\/p>\n<p><span style=\"color: #000000; font-size: large;\">En este pr\u00f3logo se nos adelantan los cuatro grandes temas que Juan ir\u00e1 desarrollando a trav\u00e9s de su relato evang\u00e9lico: el Verbo, la Vida, la Luz, la Gloria, la Verdad. Tambi\u00e9n se presentan las tres grandes contraposiciones que encontramos en el cuarto evangelio: Luz-tinieblas, Dios-mundo, fe-incredulidad. Y reverberando a lo largo de este pasaje, la figura del precursor, Juan el Bautista: \u201cSurgi\u00f3 un hombre enviado por Dios, que se llamaba Juan: \u00e9ste ven\u00eda como testigo, para dar testimonio de la luz, para que por \u00e9l todos vinieran a la fe. No era \u00e9l la luz, sino testigo de la luz. La Palabra era la luz verdadera, que alumbra a todo hombre. Al mundo vino, y en el mundo estaba; el mundo se hizo por medio de ella, y el mundo no la conoci\u00f3. Vino a su casa, y los suyos no la recibieron. Pero a cuantos la recibieron, les da poder para ser hijos de Dios, si creen en su nombre\u201d.<\/span><\/p>\n<p><span style=\"color: #000000; font-size: large;\">La Palabra ha estado entre nosotros desde el momento mismo de la creaci\u00f3n (\u201cel mundo se hizo por medio de ella\u201d). Para los jud\u00edos la Palabra tiene poder creador, por eso vemos que en el relato de la creaci\u00f3n cada etapa de la misma est\u00e1 precedida de la frase \u201cdijo Dios\u201d, o \u201cDios dijo\u201d (Cfr. Gn 1,1-31). <\/span><\/p>\n<p><span style=\"color: #000000; font-size: large;\">Pero como no la reconocieron, decidi\u00f3 encarnarse, hacerse uno con nosotros, juntando ambas naturalezas, la humana y la divina, para \u201cdivinizar\u201d nuestra naturaleza humana de manera que recibi\u00e9ramos el \u201cpoder para ser hijos de Dios\u201d, para convertirnos en otros \u201ccristos\u201d (G\u00e1l 2,20). De ese modo nos dio el poder de salir de las tinieblas en que hab\u00eda estado sumida la humanidad en el Antiguo Testamento, hacia la Luz de Su Gloria. La decisi\u00f3n es nuestra, u optamos por la Luz, o permanecemos en las tinieblas; o somos hijos de la Luz, o de las tinieblas.<\/span><\/p>\n<p><span style=\"color: #000000; font-size: large;\">\u201cY la Palabra se hizo carne y acamp\u00f3 entre nosotros, y hemos contemplado su gloria: gloria propia del Hijo \u00fanico del Padre, lleno de gracia y de verdad\u201d. Juan quiere enfatizar que la plena revelaci\u00f3n de Dios que se logra mediante la Encarnaci\u00f3n, es real (\u201chemos contemplado su gloria\u201d). Jes\u00fas no es un fantasma, un sue\u00f1o, una fantas\u00eda, una ilusi\u00f3n; es real, tangible. Dios siempre ha estado presente entre su pueblo, pero a partir de la Encarnaci\u00f3n esa presencia se torn\u00f3 real y viva, para no abandonarnos jam\u00e1s (Mt 28,20).<\/span><\/p>\n<p><span style=\"color: #000000; font-size: large;\">\u201cPadre amoroso: T\u00fa nos diste a tu Hijo Jesucristo y viste con agrado que \u00e9l compartiera nuestra pobreza. \u00c9l nos otorg\u00f3 gracia sobre gracia, ya que todo lo que viene de ti es un don gratuito. Acepta nuestra acci\u00f3n de gracias por los momentos en que aceptamos tus dones y los compartimos los unos con los otros. Acepta nuestra gratitud por las veces que escuchamos atentamente las palabras de tu Hijo y las pusimos en pr\u00e1ctica. Ay\u00fadanos a caminar con esperanza y alegr\u00eda y mutuo \u00e1nimo con \u00e9l, compa\u00f1ero de camino que t\u00fa nos has dado en la vida, Jesucristo nuestro Se\u00f1or\u201d (Oraci\u00f3n colecta).<\/span><\/p>\n<p><span style=\"color: #000000; font-size: large;\">Que la Luz que aparta las tinieblas inunde nuestros corazones en el a\u00f1o nuevo que est\u00e1 a punto de comenzar, para que creamos en Su nombre y podamos ser llamados Hijos de Dios.<\/span><\/p>\n<div style=\"padding-bottom:20px; padding-top:10px;\" class=\"hupso-share-buttons\"><!-- Hupso Share Buttons - https:\/\/www.hupso.com\/share\/ --><a class=\"hupso_toolbar\" href=\"https:\/\/www.hupso.com\/share\/\"><img src=\"http:\/\/static.hupso.com\/share\/buttons\/lang\/es\/share-medium.png\" style=\"border:0px; padding-top: 5px; float:left;\" alt=\"Share Button\"\/><\/a><script type=\"text\/javascript\">var hupso_services_t=new Array(\"Twitter\",\"Facebook\",\"Google Plus\",\"Pinterest\",\"Linkedin\",\"Email\",\"Print\");var hupso_background_t=\"#EAF4FF\";var hupso_border_t=\"#66CCFF\";var hupso_toolbar_size_t=\"medium\";var hupso_image_folder_url = \"\";var hupso_twitter_via=\"hectorops\";var hupso_url_t=\"\";var hupso_title_t=\"REFLEXI%C3%93N%20PARA%20EL%20S%C3%89PTIMO%20D%C3%8DA%20DE%20LA%20OCTAVA%20DE%20NAVIDAD%2031-12-13\";<\/script><script type=\"text\/javascript\" src=\"http:\/\/static.hupso.com\/share\/js\/share_toolbar.js\"><\/script><!-- Hupso Share Buttons --><\/div>","protected":false},"excerpt":{"rendered":"<p>Hoy es el s\u00e9ptimo d\u00eda de la octava de Navidad. Para este d\u00eda la liturgia nos presenta nuevamente como lectura evang\u00e9lica el pr\u00f3logo de Evangelio seg\u00fan san Juan, que le\u00edmos para la Solemnidad de la Natividad del Se\u00f1or (Jn 1,1-18). &hellip; <a href=\"http:\/\/delamanodemaria.com\/?p=2666\">Continue reading <span class=\"meta-nav\">&rarr;<\/span><\/a><\/p>\n<div style=\"padding-bottom:20px; padding-top:10px;\" class=\"hupso-share-buttons\"><!-- Hupso Share Buttons - https:\/\/www.hupso.com\/share\/ --><a class=\"hupso_toolbar\" href=\"https:\/\/www.hupso.com\/share\/\"><img src=\"http:\/\/static.hupso.com\/share\/buttons\/lang\/es\/share-medium.png\" style=\"border:0px; padding-top: 5px; float:left;\" alt=\"Share Button\"\/><\/a><script type=\"text\/javascript\">var hupso_services_t=new Array(\"Twitter\",\"Facebook\",\"Google Plus\",\"Pinterest\",\"Linkedin\",\"Email\",\"Print\");var hupso_background_t=\"#EAF4FF\";var hupso_border_t=\"#66CCFF\";var hupso_toolbar_size_t=\"medium\";var hupso_image_folder_url = \"\";var hupso_twitter_via=\"hectorops\";var hupso_url_t=\"\";var hupso_title_t=\"REFLEXI%C3%93N%20PARA%20EL%20S%C3%89PTIMO%20D%C3%8DA%20DE%20LA%20OCTAVA%20DE%20NAVIDAD%2031-12-13\";<\/script><script type=\"text\/javascript\" src=\"http:\/\/static.hupso.com\/share\/js\/share_toolbar.js\"><\/script><!-- Hupso Share Buttons --><\/div>","protected":false},"author":1,"featured_media":0,"comment_status":"open","ping_status":"open","sticky":false,"template":"","format":"standard","meta":{"jetpack_post_was_ever_published":false,"_jetpack_newsletter_access":"","_jetpack_newsletter_tier_id":0,"jetpack_publicize_message":"","jetpack_is_tweetstorm":false,"jetpack_publicize_feature_enabled":true,"jetpack_social_post_already_shared":true,"jetpack_social_options":{"image_generator_settings":{"template":"highway","enabled":false}}},"categories":[1],"tags":[407,44,408,405,160,403,138,2,394,404],"jetpack_publicize_connections":[],"jetpack_featured_media_url":"","jetpack_shortlink":"https:\/\/wp.me\/p3bBgS-H0","jetpack_sharing_enabled":true,"jetpack_likes_enabled":true,"_links":{"self":[{"href":"http:\/\/delamanodemaria.com\/index.php?rest_route=\/wp\/v2\/posts\/2666"}],"collection":[{"href":"http:\/\/delamanodemaria.com\/index.php?rest_route=\/wp\/v2\/posts"}],"about":[{"href":"http:\/\/delamanodemaria.com\/index.php?rest_route=\/wp\/v2\/types\/post"}],"author":[{"embeddable":true,"href":"http:\/\/delamanodemaria.com\/index.php?rest_route=\/wp\/v2\/users\/1"}],"replies":[{"embeddable":true,"href":"http:\/\/delamanodemaria.com\/index.php?rest_route=%2Fwp%2Fv2%2Fcomments&post=2666"}],"version-history":[{"count":5,"href":"http:\/\/delamanodemaria.com\/index.php?rest_route=\/wp\/v2\/posts\/2666\/revisions"}],"predecessor-version":[{"id":2682,"href":"http:\/\/delamanodemaria.com\/index.php?rest_route=\/wp\/v2\/posts\/2666\/revisions\/2682"}],"wp:attachment":[{"href":"http:\/\/delamanodemaria.com\/index.php?rest_route=%2Fwp%2Fv2%2Fmedia&parent=2666"}],"wp:term":[{"taxonomy":"category","embeddable":true,"href":"http:\/\/delamanodemaria.com\/index.php?rest_route=%2Fwp%2Fv2%2Fcategories&post=2666"},{"taxonomy":"post_tag","embeddable":true,"href":"http:\/\/delamanodemaria.com\/index.php?rest_route=%2Fwp%2Fv2%2Ftags&post=2666"}],"curies":[{"name":"wp","href":"https:\/\/api.w.org\/{rel}","templated":true}]}}