{"id":2670,"date":"2013-12-31T17:42:37","date_gmt":"2013-12-31T21:42:37","guid":{"rendered":"http:\/\/delamanodemaria.com\/?p=2670"},"modified":"2013-12-31T17:42:37","modified_gmt":"2013-12-31T21:42:37","slug":"reflexion-para-la-solemnidad-de-santa-maria-madre-de-dios-01-01-14","status":"publish","type":"post","link":"http:\/\/delamanodemaria.com\/?p=2670","title":{"rendered":"REFLEXI\u00d3N PARA LA SOLEMNIDAD DE SANTA MAR\u00cdA, MADRE DE DIOS 01-01-14"},"content":{"rendered":"<p><a href=\"http:\/\/delamanodemaria.com\/wp-content\/uploads\/2013\/12\/Madre-de-Dios.jpg\"><img decoding=\"async\" loading=\"lazy\" class=\"alignnone size-full wp-image-2673\" alt=\"Madre de Dios\" src=\"http:\/\/delamanodemaria.com\/wp-content\/uploads\/2013\/12\/Madre-de-Dios.jpg\" width=\"597\" height=\"690\" srcset=\"http:\/\/delamanodemaria.com\/wp-content\/uploads\/2013\/12\/Madre-de-Dios.jpg 597w, http:\/\/delamanodemaria.com\/wp-content\/uploads\/2013\/12\/Madre-de-Dios-259x300.jpg 259w\" sizes=\"(max-width: 597px) 100vw, 597px\" \/><\/a><\/p>\n<p><span style=\"color: #000000; font-size: large;\">Hoy comenzamos un nuevo a\u00f1o celebrando la Solemnidad de Santa Mar\u00eda, Madre de Dios. Durante la octava de Navidad estuvimos contemplando el misterio de la Encarnaci\u00f3n del Hijo de Dios en la persona de aquel Ni\u00f1ito que naci\u00f3 en un establo de Bel\u00e9n. Hoy levantamos la mirada hacia la Madre que le dio la vida humana y fue la primera en adorarle, teni\u00e9ndolo a\u00fan en su vientre virginal. Aquella a quien se refiere san Pablo en la segunda lectura de hoy (G\u00e1l, 4,4-7) al decir: \u201cCuando se cumpli\u00f3 el tiempo, envi\u00f3 Dios a su Hijo, nacido de una mujer, nacido bajo la Ley, para rescatar a los que estaban bajo la Ley, para que recibi\u00e9ramos el ser hijos por adopci\u00f3n\u201d. Aunque no la menciona por su nombre, este es el texto m\u00e1s antiguo del Nuevo Testamento que hace referencia a la madre de Jes\u00fas.<\/span><\/p>\n<p><span style=\"color: #000000; font-size: large;\">La Maternidad Divina es tambi\u00e9n el dogma mariano m\u00e1s antiguo de la Iglesia, decretado por el Concilio de \u00c9feso en el a\u00f1o 431, que la declar\u00f3 \u201ctheotokos\u201d, t\u00e9rmino griego que literalmente quiere decir \u201cla que pari\u00f3 a Dios\u201d.<\/span><\/p>\n<p><span style=\"color: #000000; font-size: large;\">En esta solemnidad tan especial, en lugar de comentar las escrituras como solemos hacer, queremos compartir con ustedes un corto ensayo escrito por un ateo (Jean Paul Sartre), quien logr\u00f3 captar como ninguno ese misterio de la maternidad divina.<\/span><\/p>\n<p><span style=\"color: #000000; font-size: large;\">\u201cLa Virgen est\u00e1 p\u00e1lida y mira al ni\u00f1o. Lo que yo habr\u00eda querido pintar sobre su cara es una maravillosa ansiedad que nada m\u00e1s ha aparecido una vez sobre una figura humana. Porque Cristo es su ni\u00f1o, la carne y el fruto de sus entra\u00f1as. Ella le ha llevado nueve meses, y le dar\u00e1 el pecho, y su leche se convertir\u00e1 en sangre de Dios. Y por un momento la tentaci\u00f3n es tan fuerte que se olvida de que \u00e9l es Dios. Le aprieta entre sus brazos y le dice: \u201cMi peque\u00f1o\u201d. Pero en otros momentos se corta y piensa: \u201cDios est\u00e1 ah\u00ed\u201d, y ella es presa de un religioso temor ante ese Dios mudo, ante ese ni\u00f1o aterrador. Porque todas las madres se sienten a ratos detenidas ante ese trozo rebelde de su carne que es su hijo, y se sienten desterradas ante esa nueva vida que se ha hecho con su vida y que tiene pensamientos extra\u00f1os. Pero ning\u00fan ni\u00f1o ha sido tan cruel y r\u00e1pidamente arrancado de su madre que \u00e9ste, porque es Dios y sobrepasa con creces lo que ella pueda imaginar.<\/span><\/p>\n<p><span style=\"color: #000000; font-size: large;\">\u201cPero yo pienso que tambi\u00e9n hay otros momentos, r\u00e1pidos y escurridizos, en los que ella siente que a la vez que Cristo es su hijo, su peque\u00f1o, y que es Dios. Ella le mira y piensa: \u2018Este Dios es mi hijo. Esta carne divina es mi carne. Ha sido hecho por m\u00ed; tiene mis ojos y el trazo de su boca es como el de la m\u00eda; se me parece. \u00a1Es Dios y se me parece!\u2019<\/span><\/p>\n<p><span style=\"color: #000000; font-size: large;\">\u201cY a ninguna mujer le ha cabido la suerte de tener a su Dios para ella sola; un Dios tan peque\u00f1o que se le puede tomar en brazos y cubrir de besos, un Dios tan c\u00e1lido que sonr\u00ede y respira, un Dios que se puede tocar y que r\u00ede. Y es en uno de esos momentos cuando yo pintar\u00eda a Mar\u00eda si supiera pintar\u2026\u201d<\/span><\/p>\n<p><span style=\"color: #000000; font-size: large;\">Que el a\u00f1o que acaba de comenzar sea uno lleno de bendiciones para todos. Pidamos a Santa Mar\u00eda, Madre de Dios, que nos lleve de su mano hacia su Hijo, que es tambi\u00e9n nuestro hermano. \u00a1Feliz A\u00f1o Nuevo!<\/span><\/p>\n<div style=\"padding-bottom:20px; padding-top:10px;\" class=\"hupso-share-buttons\"><!-- Hupso Share Buttons - https:\/\/www.hupso.com\/share\/ --><a class=\"hupso_toolbar\" href=\"https:\/\/www.hupso.com\/share\/\"><img src=\"http:\/\/static.hupso.com\/share\/buttons\/lang\/es\/share-medium.png\" style=\"border:0px; padding-top: 5px; float:left;\" alt=\"Share Button\"\/><\/a><script type=\"text\/javascript\">var hupso_services_t=new Array(\"Twitter\",\"Facebook\",\"Google Plus\",\"Pinterest\",\"Linkedin\",\"Email\",\"Print\");var hupso_background_t=\"#EAF4FF\";var hupso_border_t=\"#66CCFF\";var hupso_toolbar_size_t=\"medium\";var hupso_image_folder_url = \"\";var hupso_twitter_via=\"hectorops\";var hupso_url_t=\"\";var hupso_title_t=\"REFLEXI%C3%93N%20PARA%20LA%20SOLEMNIDAD%20DE%20SANTA%20MAR%C3%8DA%2C%20MADRE%20DE%20DIOS%2001-01-14\";<\/script><script type=\"text\/javascript\" src=\"http:\/\/static.hupso.com\/share\/js\/share_toolbar.js\"><\/script><!-- Hupso Share Buttons --><\/div>","protected":false},"excerpt":{"rendered":"<p>Hoy comenzamos un nuevo a\u00f1o celebrando la Solemnidad de Santa Mar\u00eda, Madre de Dios. Durante la octava de Navidad estuvimos contemplando el misterio de la Encarnaci\u00f3n del Hijo de Dios en la persona de aquel Ni\u00f1ito que naci\u00f3 en un &hellip; <a href=\"http:\/\/delamanodemaria.com\/?p=2670\">Continue reading <span class=\"meta-nav\">&rarr;<\/span><\/a><\/p>\n<div style=\"padding-bottom:20px; padding-top:10px;\" class=\"hupso-share-buttons\"><!-- Hupso Share Buttons - https:\/\/www.hupso.com\/share\/ --><a class=\"hupso_toolbar\" href=\"https:\/\/www.hupso.com\/share\/\"><img src=\"http:\/\/static.hupso.com\/share\/buttons\/lang\/es\/share-medium.png\" style=\"border:0px; padding-top: 5px; float:left;\" alt=\"Share Button\"\/><\/a><script type=\"text\/javascript\">var hupso_services_t=new Array(\"Twitter\",\"Facebook\",\"Google Plus\",\"Pinterest\",\"Linkedin\",\"Email\",\"Print\");var hupso_background_t=\"#EAF4FF\";var hupso_border_t=\"#66CCFF\";var hupso_toolbar_size_t=\"medium\";var hupso_image_folder_url = \"\";var hupso_twitter_via=\"hectorops\";var hupso_url_t=\"\";var hupso_title_t=\"REFLEXI%C3%93N%20PARA%20LA%20SOLEMNIDAD%20DE%20SANTA%20MAR%C3%8DA%2C%20MADRE%20DE%20DIOS%2001-01-14\";<\/script><script type=\"text\/javascript\" src=\"http:\/\/static.hupso.com\/share\/js\/share_toolbar.js\"><\/script><!-- Hupso Share Buttons --><\/div>","protected":false},"author":1,"featured_media":0,"comment_status":"open","ping_status":"open","sticky":false,"template":"","format":"standard","meta":{"jetpack_post_was_ever_published":false,"_jetpack_newsletter_access":"","_jetpack_newsletter_tier_id":0,"jetpack_publicize_message":"","jetpack_is_tweetstorm":false,"jetpack_publicize_feature_enabled":true,"jetpack_social_post_already_shared":true,"jetpack_social_options":{"image_generator_settings":{"template":"highway","enabled":false}}},"categories":[1],"tags":[370,260,405,8,406,372,2],"jetpack_publicize_connections":[],"jetpack_featured_media_url":"","jetpack_shortlink":"https:\/\/wp.me\/p3bBgS-H4","jetpack_sharing_enabled":true,"jetpack_likes_enabled":true,"_links":{"self":[{"href":"http:\/\/delamanodemaria.com\/index.php?rest_route=\/wp\/v2\/posts\/2670"}],"collection":[{"href":"http:\/\/delamanodemaria.com\/index.php?rest_route=\/wp\/v2\/posts"}],"about":[{"href":"http:\/\/delamanodemaria.com\/index.php?rest_route=\/wp\/v2\/types\/post"}],"author":[{"embeddable":true,"href":"http:\/\/delamanodemaria.com\/index.php?rest_route=\/wp\/v2\/users\/1"}],"replies":[{"embeddable":true,"href":"http:\/\/delamanodemaria.com\/index.php?rest_route=%2Fwp%2Fv2%2Fcomments&post=2670"}],"version-history":[{"count":4,"href":"http:\/\/delamanodemaria.com\/index.php?rest_route=\/wp\/v2\/posts\/2670\/revisions"}],"predecessor-version":[{"id":2690,"href":"http:\/\/delamanodemaria.com\/index.php?rest_route=\/wp\/v2\/posts\/2670\/revisions\/2690"}],"wp:attachment":[{"href":"http:\/\/delamanodemaria.com\/index.php?rest_route=%2Fwp%2Fv2%2Fmedia&parent=2670"}],"wp:term":[{"taxonomy":"category","embeddable":true,"href":"http:\/\/delamanodemaria.com\/index.php?rest_route=%2Fwp%2Fv2%2Fcategories&post=2670"},{"taxonomy":"post_tag","embeddable":true,"href":"http:\/\/delamanodemaria.com\/index.php?rest_route=%2Fwp%2Fv2%2Ftags&post=2670"}],"curies":[{"name":"wp","href":"https:\/\/api.w.org\/{rel}","templated":true}]}}