{"id":2691,"date":"2014-01-01T23:48:24","date_gmt":"2014-01-02T03:48:24","guid":{"rendered":"http:\/\/delamanodemaria.com\/?p=2691"},"modified":"2014-01-02T00:05:17","modified_gmt":"2014-01-02T04:05:17","slug":"reflexion-para-el-jueves-del-tiempo-de-navidad-02-01-14","status":"publish","type":"post","link":"http:\/\/delamanodemaria.com\/?p=2691","title":{"rendered":"REFLEXI\u00d3N PARA EL JUEVES DEL TIEMPO DE NAVIDAD 02-01-14"},"content":{"rendered":"<p><a href=\"http:\/\/delamanodemaria.com\/wp-content\/uploads\/2014\/01\/Jn-119-28.jpg\"><img decoding=\"async\" loading=\"lazy\" class=\"alignnone size-full wp-image-2692\" alt=\"Jn 1,19-28\" src=\"http:\/\/delamanodemaria.com\/wp-content\/uploads\/2014\/01\/Jn-119-28.jpg\" width=\"573\" height=\"538\" srcset=\"http:\/\/delamanodemaria.com\/wp-content\/uploads\/2014\/01\/Jn-119-28.jpg 573w, http:\/\/delamanodemaria.com\/wp-content\/uploads\/2014\/01\/Jn-119-28-300x281.jpg 300w, http:\/\/delamanodemaria.com\/wp-content\/uploads\/2014\/01\/Jn-119-28-319x300.jpg 319w\" sizes=\"(max-width: 573px) 100vw, 573px\" \/><\/a><\/p>\n<p><span style=\"color: #000000; font-size: large;\">Continuamos el tiempo de Navidad, que nos llevar\u00e1 hasta la Fiesta de la Epifan\u00eda. La liturgia de esta semana est\u00e1 dominada por san Juan ap\u00f3stol y evangelista (primera y segunda lecturas).<\/span><\/p>\n<p><span style=\"color: #000000; font-size: large;\">Durante todo el Adviento estuvimos prepar\u00e1ndonos, anticipando la llegada del Salvador, a quien hemos encontrado en la Navidad; Emmanuel, \u201cDios-con-nosotros\u201d. En la primera lectura (1 Jn 2,22-28), Juan nos hace un llamado a no alejarnos de ese Dios que ha \u201cacampado\u201d entre nosotros. Nos exhorta a acampar en \u00c9l como \u00c9l lo ha hecho entre nosotros. Y la palabra que resuena a lo largo del toda la lectura es \u201cpermanecer\u201d. La invitaci\u00f3n de Juan es a que permanezcamos en \u00c9l (que es uno con el Padre), en Su palabra, en Su \u201cunci\u00f3n\u201d. De ese modo no nos dejaremos enga\u00f1ar por los \u201canticristos\u201d, y seremos acreedores de Su promesa de vida eterna. Juan llama anticristos a todos los que no creen que Jes\u00fas es el Mes\u00edas enviado por Dios que ha asumido nuestra carne mediante el misterio de la Encarnaci\u00f3n.<\/span><\/p>\n<p><span style=\"color: #000000; font-size: large;\">El llamado de Juan es apropiado para esta \u00e9poca en que todav\u00eda estamos celebrando la Navidad y el comienzo de un nuevo a\u00f1o. Si esa alegr\u00eda desparece junto a los \u00e1rboles de Navidad, las guirnaldas, las bombillas de colores, y los Belenes, lo que tuvimos fue una \u201cilusi\u00f3n\u201d de Navidad, quiere decir que Jes\u00fas no naci\u00f3 en nuestros corazones. Si, por el contrario, la Navidad contin\u00faa dentro de nosotros durante todo el a\u00f1o, Dios obrar\u00e1 maravillas en nuestras vidas. Y esas maravillas no necesariamente se reflejar\u00e1n en milagros espectaculares. El verdadero milagro ser\u00e1 nuestra forma de enfrentar la vida y los retos que esta nos lanza con la certeza de que Dios habita en nosotros, y nosotros en \u00c9l.<\/span><\/p>\n<p><span style=\"color: #000000; font-size: large;\">En la segunda lectura retomamos el Evangelio seg\u00fan san Juan (1,19-28) con el testimonio de Juan el Bautista. Todos estaban deseosos de la llegada del Mes\u00edas y se preguntaban si Juan lo ser\u00eda. Ve\u00edan en Juan una actitud diferente; hablaba con la autoridad que proporciona el \u201ccreer\u201d lo que se dice. As\u00ed, Juan se convierte en la \u201cvoz\u201d de la Palabra. Entre la multitud an\u00f3nima hab\u00eda un grupo de fariseos, quienes ante la negativa de Juan sobre su identidad con el Mes\u00edas, le preguntan que por qu\u00e9 bautiza. Juan no entra en discusiones sobre su bautismo, y se limita a se\u00f1alar: \u201cYo bautizo con agua; en medio de vosotros hay uno que no conoc\u00e9is, el que viene detr\u00e1s de m\u00ed, y al que no soy digno de desatar la correa de la sandalia\u201d.<\/span><\/p>\n<p><span style=\"color: #000000; font-size: large;\">\u201cEn medio de ustedes hay uno que no conocen\u201d. Dios est\u00e1 entre nosotros todos los d\u00edas de nuestra vida, pero no lo reconocemos (Cfr. Mt 25,40). Si la Navidad no fue para nosotros una celebraci\u00f3n fugaz, sino una experiencia que ha de permanecer en nuestros corazones a lo largo del a\u00f1o que comienza, nos convertiremos, al igual que Juan Bautista, en testigos de Jes\u00fas, en la \u201cvoz\u201d de la Palabra hecha carne. Y al igual que Juan, allanaremos el camino para que otros lo conozcan y reciba en sus corazones. As\u00ed, todo el a\u00f1o ser\u00e1 Navidad\u2026<\/span><\/p>\n<div style=\"padding-bottom:20px; padding-top:10px;\" class=\"hupso-share-buttons\"><!-- Hupso Share Buttons - https:\/\/www.hupso.com\/share\/ --><a class=\"hupso_toolbar\" href=\"https:\/\/www.hupso.com\/share\/\"><img src=\"http:\/\/static.hupso.com\/share\/buttons\/lang\/es\/share-medium.png\" style=\"border:0px; padding-top: 5px; float:left;\" alt=\"Share Button\"\/><\/a><script type=\"text\/javascript\">var hupso_services_t=new Array(\"Twitter\",\"Facebook\",\"Google Plus\",\"Pinterest\",\"Linkedin\",\"Email\",\"Print\");var hupso_background_t=\"#EAF4FF\";var hupso_border_t=\"#66CCFF\";var hupso_toolbar_size_t=\"medium\";var hupso_image_folder_url = \"\";var hupso_twitter_via=\"hectorops\";var hupso_url_t=\"\";var hupso_title_t=\"REFLEXI%C3%93N%20PARA%20EL%20JUEVES%20DEL%20TIEMPO%20DE%20NAVIDAD%2002-01-14\";<\/script><script type=\"text\/javascript\" src=\"http:\/\/static.hupso.com\/share\/js\/share_toolbar.js\"><\/script><!-- Hupso Share Buttons --><\/div>","protected":false},"excerpt":{"rendered":"<p>Continuamos el tiempo de Navidad, que nos llevar\u00e1 hasta la Fiesta de la Epifan\u00eda. La liturgia de esta semana est\u00e1 dominada por san Juan ap\u00f3stol y evangelista (primera y segunda lecturas). Durante todo el Adviento estuvimos prepar\u00e1ndonos, anticipando la llegada &hellip; <a href=\"http:\/\/delamanodemaria.com\/?p=2691\">Continue reading <span class=\"meta-nav\">&rarr;<\/span><\/a><\/p>\n<div style=\"padding-bottom:20px; padding-top:10px;\" class=\"hupso-share-buttons\"><!-- Hupso Share Buttons - https:\/\/www.hupso.com\/share\/ --><a class=\"hupso_toolbar\" href=\"https:\/\/www.hupso.com\/share\/\"><img src=\"http:\/\/static.hupso.com\/share\/buttons\/lang\/es\/share-medium.png\" style=\"border:0px; padding-top: 5px; float:left;\" alt=\"Share Button\"\/><\/a><script type=\"text\/javascript\">var hupso_services_t=new Array(\"Twitter\",\"Facebook\",\"Google Plus\",\"Pinterest\",\"Linkedin\",\"Email\",\"Print\");var hupso_background_t=\"#EAF4FF\";var hupso_border_t=\"#66CCFF\";var hupso_toolbar_size_t=\"medium\";var hupso_image_folder_url = \"\";var hupso_twitter_via=\"hectorops\";var hupso_url_t=\"\";var hupso_title_t=\"REFLEXI%C3%93N%20PARA%20EL%20JUEVES%20DEL%20TIEMPO%20DE%20NAVIDAD%2002-01-14\";<\/script><script type=\"text\/javascript\" src=\"http:\/\/static.hupso.com\/share\/js\/share_toolbar.js\"><\/script><!-- Hupso Share Buttons --><\/div>","protected":false},"author":1,"featured_media":0,"comment_status":"open","ping_status":"open","sticky":false,"template":"","format":"standard","meta":{"jetpack_post_was_ever_published":false,"_jetpack_newsletter_access":"","_jetpack_newsletter_tier_id":0,"jetpack_publicize_message":"","jetpack_is_tweetstorm":false,"jetpack_publicize_feature_enabled":true,"jetpack_social_post_already_shared":true,"jetpack_social_options":{"image_generator_settings":{"template":"highway","enabled":false}}},"categories":[1],"tags":[411,159,370,391,96,163,238,372,2,394],"jetpack_publicize_connections":[],"jetpack_featured_media_url":"","jetpack_shortlink":"https:\/\/wp.me\/p3bBgS-Hp","jetpack_sharing_enabled":true,"jetpack_likes_enabled":true,"_links":{"self":[{"href":"http:\/\/delamanodemaria.com\/index.php?rest_route=\/wp\/v2\/posts\/2691"}],"collection":[{"href":"http:\/\/delamanodemaria.com\/index.php?rest_route=\/wp\/v2\/posts"}],"about":[{"href":"http:\/\/delamanodemaria.com\/index.php?rest_route=\/wp\/v2\/types\/post"}],"author":[{"embeddable":true,"href":"http:\/\/delamanodemaria.com\/index.php?rest_route=\/wp\/v2\/users\/1"}],"replies":[{"embeddable":true,"href":"http:\/\/delamanodemaria.com\/index.php?rest_route=%2Fwp%2Fv2%2Fcomments&post=2691"}],"version-history":[{"count":2,"href":"http:\/\/delamanodemaria.com\/index.php?rest_route=\/wp\/v2\/posts\/2691\/revisions"}],"predecessor-version":[{"id":2694,"href":"http:\/\/delamanodemaria.com\/index.php?rest_route=\/wp\/v2\/posts\/2691\/revisions\/2694"}],"wp:attachment":[{"href":"http:\/\/delamanodemaria.com\/index.php?rest_route=%2Fwp%2Fv2%2Fmedia&parent=2691"}],"wp:term":[{"taxonomy":"category","embeddable":true,"href":"http:\/\/delamanodemaria.com\/index.php?rest_route=%2Fwp%2Fv2%2Fcategories&post=2691"},{"taxonomy":"post_tag","embeddable":true,"href":"http:\/\/delamanodemaria.com\/index.php?rest_route=%2Fwp%2Fv2%2Ftags&post=2691"}],"curies":[{"name":"wp","href":"https:\/\/api.w.org\/{rel}","templated":true}]}}