{"id":2697,"date":"2014-01-02T19:13:14","date_gmt":"2014-01-02T23:13:14","guid":{"rendered":"http:\/\/delamanodemaria.com\/?p=2697"},"modified":"2014-01-02T19:13:14","modified_gmt":"2014-01-02T23:13:14","slug":"reflexion-para-el-viernes-de-tiempo-de-navidad-03-01-14","status":"publish","type":"post","link":"http:\/\/delamanodemaria.com\/?p=2697","title":{"rendered":"REFLEXI\u00d3N PARA EL VIERNES DE TIEMPO DE NAVIDAD 03-01-14"},"content":{"rendered":"<p><a href=\"http:\/\/delamanodemaria.com\/wp-content\/uploads\/2014\/01\/Cordero-de-Dios-sm.jpg\"><img decoding=\"async\" loading=\"lazy\" class=\"alignnone size-full wp-image-2698\" alt=\"Cordero-de-Dios sm\" src=\"http:\/\/delamanodemaria.com\/wp-content\/uploads\/2014\/01\/Cordero-de-Dios-sm.jpg\" width=\"557\" height=\"560\" srcset=\"http:\/\/delamanodemaria.com\/wp-content\/uploads\/2014\/01\/Cordero-de-Dios-sm.jpg 557w, http:\/\/delamanodemaria.com\/wp-content\/uploads\/2014\/01\/Cordero-de-Dios-sm-150x150.jpg 150w, http:\/\/delamanodemaria.com\/wp-content\/uploads\/2014\/01\/Cordero-de-Dios-sm-298x300.jpg 298w\" sizes=\"(max-width: 557px) 100vw, 557px\" \/><\/a><\/p>\n<p><span style=\"color: #000000; font-size: large;\">Durante este tiempo de Navidad la liturgia contin\u00faa proponi\u00e9ndonos el comienzo del Evangelio seg\u00fan san Juan, cuya lectura comenzamos el pasado 31 de enero con el testimonio de Juan el Bautista (1,15-18): \u201c\u00c9ste es de quien dije: \u2018El que viene detr\u00e1s de m\u00ed pasa delante de m\u00ed, porque exist\u00eda antes que yo\u2019\u201d.<\/span><\/p>\n<p><span style=\"color: #000000; font-size: large;\">Luego de un par\u00e9ntesis para celebrar la Solemnidad de Santa Mar\u00eda Madre de Dios, ayer retomamos la lectura con los vers\u00edculos 19-28 en donde ve\u00edamos la \u201cinvestigaci\u00f3n\u201d por parte de las autoridades religiosas sobre la identidad de Juan el Bautista y el Mes\u00edas. Confrontado por las autoridades, Juan aclara que \u00e9l no es el Mes\u00edas, que \u00e9l es meramente el precursor, el heraldo que ha venido a preparar al camino para Aqu\u00e9l de quien dice: \u201cno soy digno de desatar la correa de su sandalia\u201d.<\/span><\/p>\n<p><span style=\"color: #000000; font-size: large;\">Hoy vemos c\u00f3mo el texto (Jn 1,29-34) ha ido progresando hasta culminar con el encuentro. Pero no es Juan quien va hacia \u00c9l, es Cristo quien viene hacia \u00e9l: \u201cal ver Juan a Jes\u00fas que ven\u00eda hacia \u00e9l\u2026\u201d En ese momento, Juan profiere inmediatamente la declaraci\u00f3n que hab\u00eda estado so\u00f1ando durante toda su vida: \u201cEste es el Cordero de Dios que quita el pecado del mundo\u201d. Su misi\u00f3n principal hab\u00eda culminado (Cfr. Lc 1,76-79).<\/span><\/p>\n<p><span style=\"color: #000000; font-size: large;\">Esta \u00faltima frase de Juan encierra todo el misterio de la Encarnaci\u00f3n que hemos estado contemplando durante el tiempo de Navidad, pues explica el prop\u00f3sito de Dios al enviar a su Hijo a \u201cacampar\u201d entre nosotros. Los israelitas ofrec\u00edan corderos en sacrificio por la expiaci\u00f3n de sus pecados. Inclusive los sacerdotes ofrec\u00edan sacrificio por sus propios pecados antes de hacerlo por los dem\u00e1s (Hb 9,7). Al identificar a Jes\u00fas como el \u201cCordero de Dios\u201d, Juan nos apunta al destino que esperaba a Jes\u00fas, a quien el mismo Dios habr\u00eda de ofrecer en sacrificio por los pecados de toda la humanidad; por los tuyos y los m\u00edos.<\/span><\/p>\n<p><span style=\"color: #000000; font-size: large;\">Es decir, Cristo no es el cordero que los hombres ofrecen en sacrificio en el Templo para que Dios perdone sus pecados, sino el Cordero elegido por Dios para quitar los pecados del mundo. Como nos dice el autor de la carta a los Hebreos: \u201c\u00c9l comienza diciendo: \u2018T\u00fa no has querido ni has mirado con agrado los sacrificios, los holocaustos, ni los sacrificios expiatorios\u2019, a pesar de que est\u00e1n prescritos por la Ley. Y luego a\u00f1ade: \u2018Aqu\u00ed estoy, yo vengo para hacer Tu voluntad\u2019. As\u00ed declara abolido el primer r\u00e9gimen para establecer el segundo. Y en virtud de esta voluntad quedamos santificados por la oblaci\u00f3n del cuerpo de Jesucristo, hecha de una vez para siempre\u201d (Hb 10,8-10).<\/span><\/p>\n<p><span style=\"color: #000000; font-size: large;\">Ese sacrificio es el que permite que el ap\u00f3stol diga en la primera lectura de hoy (1Jn 2,29; 3,1-6): \u201cQueridos, ahora somos hijos de Dios y a\u00fan no se ha manifestado lo que seremos. Sabemos que, cuando \u00e9l se manifieste, seremos semejantes a \u00e9l, porque lo veremos tal cual es\u201d. Todo comenz\u00f3 en Nazaret, se concretiz\u00f3 en Bel\u00e9n, y culminar\u00e1 en Jerusal\u00e9n. Y fue por amor\u2026 Y ese amor de Dios debe ser el motivo de nuestra alegr\u00eda durante ese tiempo de Navidad, y todas nuestras vidas.<\/span><\/p>\n<div style=\"padding-bottom:20px; padding-top:10px;\" class=\"hupso-share-buttons\"><!-- Hupso Share Buttons - https:\/\/www.hupso.com\/share\/ --><a class=\"hupso_toolbar\" href=\"https:\/\/www.hupso.com\/share\/\"><img src=\"http:\/\/static.hupso.com\/share\/buttons\/lang\/es\/share-medium.png\" style=\"border:0px; padding-top: 5px; float:left;\" alt=\"Share Button\"\/><\/a><script type=\"text\/javascript\">var hupso_services_t=new Array(\"Twitter\",\"Facebook\",\"Google Plus\",\"Pinterest\",\"Linkedin\",\"Email\",\"Print\");var hupso_background_t=\"#EAF4FF\";var hupso_border_t=\"#66CCFF\";var hupso_toolbar_size_t=\"medium\";var hupso_image_folder_url = \"\";var hupso_twitter_via=\"hectorops\";var hupso_url_t=\"\";var hupso_title_t=\"REFLEXI%C3%93N%20PARA%20EL%20VIERNES%20DE%20TIEMPO%20DE%20NAVIDAD%2003-01-14\";<\/script><script type=\"text\/javascript\" src=\"http:\/\/static.hupso.com\/share\/js\/share_toolbar.js\"><\/script><!-- Hupso Share Buttons --><\/div>","protected":false},"excerpt":{"rendered":"<p>Durante este tiempo de Navidad la liturgia contin\u00faa proponi\u00e9ndonos el comienzo del Evangelio seg\u00fan san Juan, cuya lectura comenzamos el pasado 31 de enero con el testimonio de Juan el Bautista (1,15-18): \u201c\u00c9ste es de quien dije: \u2018El que viene &hellip; <a href=\"http:\/\/delamanodemaria.com\/?p=2697\">Continue reading <span class=\"meta-nav\">&rarr;<\/span><\/a><\/p>\n<div style=\"padding-bottom:20px; padding-top:10px;\" class=\"hupso-share-buttons\"><!-- Hupso Share Buttons - https:\/\/www.hupso.com\/share\/ --><a class=\"hupso_toolbar\" href=\"https:\/\/www.hupso.com\/share\/\"><img src=\"http:\/\/static.hupso.com\/share\/buttons\/lang\/es\/share-medium.png\" style=\"border:0px; padding-top: 5px; float:left;\" alt=\"Share Button\"\/><\/a><script type=\"text\/javascript\">var hupso_services_t=new Array(\"Twitter\",\"Facebook\",\"Google Plus\",\"Pinterest\",\"Linkedin\",\"Email\",\"Print\");var hupso_background_t=\"#EAF4FF\";var hupso_border_t=\"#66CCFF\";var hupso_toolbar_size_t=\"medium\";var hupso_image_folder_url = \"\";var hupso_twitter_via=\"hectorops\";var hupso_url_t=\"\";var hupso_title_t=\"REFLEXI%C3%93N%20PARA%20EL%20VIERNES%20DE%20TIEMPO%20DE%20NAVIDAD%2003-01-14\";<\/script><script type=\"text\/javascript\" src=\"http:\/\/static.hupso.com\/share\/js\/share_toolbar.js\"><\/script><!-- Hupso Share Buttons --><\/div>","protected":false},"author":1,"featured_media":0,"comment_status":"open","ping_status":"open","sticky":false,"template":"","format":"standard","meta":{"jetpack_post_was_ever_published":false,"_jetpack_newsletter_access":"","_jetpack_newsletter_tier_id":0,"jetpack_publicize_message":"","jetpack_is_tweetstorm":false,"jetpack_publicize_feature_enabled":true,"jetpack_social_post_already_shared":true,"jetpack_social_options":{"image_generator_settings":{"template":"highway","enabled":false}}},"categories":[1],"tags":[370,412,44,163,372,2,151],"jetpack_publicize_connections":[],"jetpack_featured_media_url":"","jetpack_shortlink":"https:\/\/wp.me\/p3bBgS-Hv","jetpack_sharing_enabled":true,"jetpack_likes_enabled":true,"_links":{"self":[{"href":"http:\/\/delamanodemaria.com\/index.php?rest_route=\/wp\/v2\/posts\/2697"}],"collection":[{"href":"http:\/\/delamanodemaria.com\/index.php?rest_route=\/wp\/v2\/posts"}],"about":[{"href":"http:\/\/delamanodemaria.com\/index.php?rest_route=\/wp\/v2\/types\/post"}],"author":[{"embeddable":true,"href":"http:\/\/delamanodemaria.com\/index.php?rest_route=\/wp\/v2\/users\/1"}],"replies":[{"embeddable":true,"href":"http:\/\/delamanodemaria.com\/index.php?rest_route=%2Fwp%2Fv2%2Fcomments&post=2697"}],"version-history":[{"count":2,"href":"http:\/\/delamanodemaria.com\/index.php?rest_route=\/wp\/v2\/posts\/2697\/revisions"}],"predecessor-version":[{"id":2700,"href":"http:\/\/delamanodemaria.com\/index.php?rest_route=\/wp\/v2\/posts\/2697\/revisions\/2700"}],"wp:attachment":[{"href":"http:\/\/delamanodemaria.com\/index.php?rest_route=%2Fwp%2Fv2%2Fmedia&parent=2697"}],"wp:term":[{"taxonomy":"category","embeddable":true,"href":"http:\/\/delamanodemaria.com\/index.php?rest_route=%2Fwp%2Fv2%2Fcategories&post=2697"},{"taxonomy":"post_tag","embeddable":true,"href":"http:\/\/delamanodemaria.com\/index.php?rest_route=%2Fwp%2Fv2%2Ftags&post=2697"}],"curies":[{"name":"wp","href":"https:\/\/api.w.org\/{rel}","templated":true}]}}