{"id":2701,"date":"2014-01-03T20:45:10","date_gmt":"2014-01-04T00:45:10","guid":{"rendered":"http:\/\/delamanodemaria.com\/?p=2701"},"modified":"2014-01-03T20:45:10","modified_gmt":"2014-01-04T00:45:10","slug":"reflexion-para-el-sabado-del-tiempo-de-navidad-04-01-14","status":"publish","type":"post","link":"http:\/\/delamanodemaria.com\/?p=2701","title":{"rendered":"REFLEXI\u00d3N PARA EL S\u00c1BADO DEL TIEMPO DE NAVIDAD 04-01-14"},"content":{"rendered":"<p><a href=\"http:\/\/delamanodemaria.com\/wp-content\/uploads\/2014\/01\/Jn-135-42.jpg\"><img decoding=\"async\" loading=\"lazy\" class=\"alignnone size-full wp-image-2702\" alt=\"Jn 1,35-42\" src=\"http:\/\/delamanodemaria.com\/wp-content\/uploads\/2014\/01\/Jn-135-42.jpg\" width=\"650\" height=\"360\" srcset=\"http:\/\/delamanodemaria.com\/wp-content\/uploads\/2014\/01\/Jn-135-42.jpg 650w, http:\/\/delamanodemaria.com\/wp-content\/uploads\/2014\/01\/Jn-135-42-300x166.jpg 300w, http:\/\/delamanodemaria.com\/wp-content\/uploads\/2014\/01\/Jn-135-42-500x276.jpg 500w\" sizes=\"(max-width: 650px) 100vw, 650px\" \/><\/a><\/p>\n<p><span style=\"color: #000000; font-size: large;\">Como adelant\u00e1ramos ayer, hoy continuamos con el primer cap\u00edtulo del Evangelio seg\u00fan san Juan (1,35-42). Esta vez la atenci\u00f3n gira en torno a la vocaci\u00f3n de los primeros disc\u00edpulos. En el caso de estos disc\u00edpulos el llamado no es directamente de boca de Jes\u00fas; son ellos quienes deciden seguirle una vez Juan el Bautista les se\u00f1ala la persona de Jes\u00fas y les dice: \u201c\u00c9ste es el Cordero de Dios\u201d. Y tal fue la impresi\u00f3n que caus\u00f3 la presencia de Jes\u00fas en estos disc\u00edpulos, que nos cuenta la escritura que: \u201clos dos disc\u00edpulos oyeron (las) palabras (de Juan) y siguieron a Jes\u00fas\u201d. Cada vez que leo la vocaci\u00f3n de cada uno de los disc\u00edpulos de Jes\u00fas trato de imaginarme su mirada penetrante, su carisma, su magnetismo, imposible de resistir. Un encuentro que provoca un seguimiento\u2026<\/span><\/p>\n<p><span style=\"color: #000000; font-size: large;\">Seguimiento que a su vez provoca las primeras palabras de Jes\u00fas en las Sagradas Escrituras: \u201c\u00bfQu\u00e9 busc\u00e1is?\u201d. Pudo haberles preguntado sus nombres, hacia d\u00f3nde se dirig\u00edan, por qu\u00e9 le segu\u00edan\u2026 No olvidemos que Jes\u00fas es Dios, que conoce nuestros pensamientos. \u00c9l sab\u00eda lo que buscaban. Tan solo quer\u00eda una confirmaci\u00f3n; no para \u00c9l, sino para ellos mismos. \u00a0Eso me hace preguntarme a m\u00ed mismo: \u00bfBusco yo seguir a Jes\u00fas? Si Jes\u00fas me preguntara: \u201cY t\u00fa, \u00bfqu\u00e9 buscas?\u201d \u00bfQu\u00e9 le contestar\u00eda?<\/span><\/p>\n<p><span style=\"color: #000000; font-size: large;\">Los disc\u00edpulos le contestaron con otra pregunta: \u201cRab\u00ed (que significa Maestro), \u00bfd\u00f3nde vives?\u201d Pregunta que implica un deseo de seguirle y permanecer con \u00c9l. De hecho, cuando Jes\u00fas les contesta, \u201cVenid y lo ver\u00e9is\u201d, nos dice el Evangelio que los disc\u00edpulos \u201cfueron, vieron d\u00f3nde viv\u00eda y se quedaron con \u00e9l aquel d\u00eda\u201d. Tal fue la impresi\u00f3n que esa experiencia caus\u00f3 en el evangelista, que hasta recuerda la hora: \u201cser\u00edan las cuatro de la tarde\u201d.<\/span><\/p>\n<p><span style=\"color: #000000; font-size: large;\">Me pregunto sobre qu\u00e9 les habr\u00e1 hablado Jes\u00fas durante esa tarde. Se me ocurren dos temas obligados: el Reino (Lc 4,43) y el Amor (Mc 12,28-31). Siempre pienso en la mirada de Jes\u00fas, y trato de imaginarla\u2026, y se me eriza la piel\u2026 Lo cierto es que tan impresionados quedaron los disc\u00edpulos con la experiencia de Jes\u00fas, que tan pronto salieron, uno de ellos, Andr\u00e9s, encontr\u00f3 a su hermano Sim\u00f3n y no pudo contenerse. Antes de saludarle, como impulsado por un celo inexplicable exclama: \u201cHemos encontrado al Mes\u00edas (que significa Cristo)\u201d. Esa es la conducta de todo el que ha tenido un encuentro personal con Cristo. Hemos sido arropados por su Amor, y ese amor nos obliga a compartirlo, a proclamarlo, a anunciarlo a todos. \u00bfSiento yo ese deseo incontrolable de compartir mi experiencia de Jes\u00fas con todo el que se cruza en mi camino? Si no lo siento, tengo que preguntarme: \u00bfHe tenido real y verdaderamente un encuentro con Jes\u00fas? \u00bfMe he abierto a su Amor incondicional? \u00bfLe he permitido \u201cnacer\u201d en mi coraz\u00f3n? \u00bfQu\u00e9 trabas existen que me impiden tener la experiencia de Jes\u00fas?<\/span><\/p>\n<p><span style=\"color: #000000; font-size: large;\">Estamos a escasamente tres d\u00edas de la Epifan\u00eda, cuando veremos a unos magos que llegaron del oriente, encontraron al Ni\u00f1o, y se postraron a adorarle. El Ni\u00f1o no tuvo que pronunciar palabra. Ellos le abrieron sus corazones y \u00c9l hizo morada en ellos, y le reconocieron. Y t\u00fa, \u00bfhas reconocido al Ni\u00f1o que naci\u00f3 hace unos d\u00edas?<\/span><\/p>\n<div style=\"padding-bottom:20px; padding-top:10px;\" class=\"hupso-share-buttons\"><!-- Hupso Share Buttons - https:\/\/www.hupso.com\/share\/ --><a class=\"hupso_toolbar\" href=\"https:\/\/www.hupso.com\/share\/\"><img src=\"http:\/\/static.hupso.com\/share\/buttons\/lang\/es\/share-medium.png\" style=\"border:0px; padding-top: 5px; float:left;\" alt=\"Share Button\"\/><\/a><script type=\"text\/javascript\">var hupso_services_t=new Array(\"Twitter\",\"Facebook\",\"Google Plus\",\"Pinterest\",\"Linkedin\",\"Email\",\"Print\");var hupso_background_t=\"#EAF4FF\";var hupso_border_t=\"#66CCFF\";var hupso_toolbar_size_t=\"medium\";var hupso_image_folder_url = \"\";var hupso_twitter_via=\"hectorops\";var hupso_url_t=\"\";var hupso_title_t=\"REFLEXI%C3%93N%20PARA%20EL%20S%C3%81BADO%20DEL%20TIEMPO%20DE%20NAVIDAD%2004-01-14\";<\/script><script type=\"text\/javascript\" src=\"http:\/\/static.hupso.com\/share\/js\/share_toolbar.js\"><\/script><!-- Hupso Share Buttons --><\/div>","protected":false},"excerpt":{"rendered":"<p>Como adelant\u00e1ramos ayer, hoy continuamos con el primer cap\u00edtulo del Evangelio seg\u00fan san Juan (1,35-42). Esta vez la atenci\u00f3n gira en torno a la vocaci\u00f3n de los primeros disc\u00edpulos. En el caso de estos disc\u00edpulos el llamado no es directamente &hellip; <a href=\"http:\/\/delamanodemaria.com\/?p=2701\">Continue reading <span class=\"meta-nav\">&rarr;<\/span><\/a><\/p>\n<div style=\"padding-bottom:20px; padding-top:10px;\" class=\"hupso-share-buttons\"><!-- Hupso Share Buttons - https:\/\/www.hupso.com\/share\/ --><a class=\"hupso_toolbar\" href=\"https:\/\/www.hupso.com\/share\/\"><img src=\"http:\/\/static.hupso.com\/share\/buttons\/lang\/es\/share-medium.png\" style=\"border:0px; padding-top: 5px; float:left;\" alt=\"Share Button\"\/><\/a><script type=\"text\/javascript\">var hupso_services_t=new Array(\"Twitter\",\"Facebook\",\"Google Plus\",\"Pinterest\",\"Linkedin\",\"Email\",\"Print\");var hupso_background_t=\"#EAF4FF\";var hupso_border_t=\"#66CCFF\";var hupso_toolbar_size_t=\"medium\";var hupso_image_folder_url = \"\";var hupso_twitter_via=\"hectorops\";var hupso_url_t=\"\";var hupso_title_t=\"REFLEXI%C3%93N%20PARA%20EL%20S%C3%81BADO%20DEL%20TIEMPO%20DE%20NAVIDAD%2004-01-14\";<\/script><script type=\"text\/javascript\" src=\"http:\/\/static.hupso.com\/share\/js\/share_toolbar.js\"><\/script><!-- Hupso Share Buttons --><\/div>","protected":false},"author":1,"featured_media":0,"comment_status":"open","ping_status":"open","sticky":false,"template":"","format":"standard","meta":{"jetpack_post_was_ever_published":false,"_jetpack_newsletter_access":"","_jetpack_newsletter_tier_id":0,"jetpack_publicize_message":"","jetpack_is_tweetstorm":false,"jetpack_publicize_feature_enabled":true,"jetpack_social_post_already_shared":true,"jetpack_social_options":{"image_generator_settings":{"template":"highway","enabled":false}}},"categories":[1],"tags":[30,370,412,70,413,96,238,372,2,97,397,144,199],"jetpack_publicize_connections":[],"jetpack_featured_media_url":"","jetpack_shortlink":"https:\/\/wp.me\/p3bBgS-Hz","jetpack_sharing_enabled":true,"jetpack_likes_enabled":true,"_links":{"self":[{"href":"http:\/\/delamanodemaria.com\/index.php?rest_route=\/wp\/v2\/posts\/2701"}],"collection":[{"href":"http:\/\/delamanodemaria.com\/index.php?rest_route=\/wp\/v2\/posts"}],"about":[{"href":"http:\/\/delamanodemaria.com\/index.php?rest_route=\/wp\/v2\/types\/post"}],"author":[{"embeddable":true,"href":"http:\/\/delamanodemaria.com\/index.php?rest_route=\/wp\/v2\/users\/1"}],"replies":[{"embeddable":true,"href":"http:\/\/delamanodemaria.com\/index.php?rest_route=%2Fwp%2Fv2%2Fcomments&post=2701"}],"version-history":[{"count":1,"href":"http:\/\/delamanodemaria.com\/index.php?rest_route=\/wp\/v2\/posts\/2701\/revisions"}],"predecessor-version":[{"id":2703,"href":"http:\/\/delamanodemaria.com\/index.php?rest_route=\/wp\/v2\/posts\/2701\/revisions\/2703"}],"wp:attachment":[{"href":"http:\/\/delamanodemaria.com\/index.php?rest_route=%2Fwp%2Fv2%2Fmedia&parent=2701"}],"wp:term":[{"taxonomy":"category","embeddable":true,"href":"http:\/\/delamanodemaria.com\/index.php?rest_route=%2Fwp%2Fv2%2Fcategories&post=2701"},{"taxonomy":"post_tag","embeddable":true,"href":"http:\/\/delamanodemaria.com\/index.php?rest_route=%2Fwp%2Fv2%2Ftags&post=2701"}],"curies":[{"name":"wp","href":"https:\/\/api.w.org\/{rel}","templated":true}]}}