{"id":2725,"date":"2014-01-06T21:14:16","date_gmt":"2014-01-07T01:14:16","guid":{"rendered":"http:\/\/delamanodemaria.com\/?p=2725"},"modified":"2014-01-06T21:16:51","modified_gmt":"2014-01-07T01:16:51","slug":"reflexion-para-el-martes-despues-de-la-epifania-06-01-14","status":"publish","type":"post","link":"http:\/\/delamanodemaria.com\/?p=2725","title":{"rendered":"REFLEXI\u00d3N PARA EL MARTES DESPU\u00c9S DE LA EPIFAN\u00cdA 07-01-14"},"content":{"rendered":"<p><a href=\"http:\/\/delamanodemaria.com\/wp-content\/uploads\/2014\/01\/multiplicacion-de-los-panes.jpg\"><img decoding=\"async\" loading=\"lazy\" class=\"alignnone size-full wp-image-2726\" alt=\"multiplicacion de los panes\" src=\"http:\/\/delamanodemaria.com\/wp-content\/uploads\/2014\/01\/multiplicacion-de-los-panes.jpg\" width=\"585\" height=\"466\" srcset=\"http:\/\/delamanodemaria.com\/wp-content\/uploads\/2014\/01\/multiplicacion-de-los-panes.jpg 585w, http:\/\/delamanodemaria.com\/wp-content\/uploads\/2014\/01\/multiplicacion-de-los-panes-300x238.jpg 300w, http:\/\/delamanodemaria.com\/wp-content\/uploads\/2014\/01\/multiplicacion-de-los-panes-376x300.jpg 376w\" sizes=\"(max-width: 585px) 100vw, 585px\" \/><\/a><\/p>\n<p><span style=\"color: #000000; font-size: large;\">Juan contin\u00faa dominando la primera lectura de la liturgia para este tiempo. La primera lectura de hoy (1Jn 4,7-10), que parece un trabalenguas, es tal vez el mejor resumen de toda la ense\u00f1anza de Jes\u00fas: \u201cAm\u00e9monos unos a otros, ya que el amor es de Dios, y todo el que ama ha nacido de Dios y conoce a Dios. Quien no ama no ha conocido a Dios, porque Dios es amor. En esto se manifest\u00f3 el amor que Dios nos tiene: en que Dios envi\u00f3 al mundo a su Hijo \u00fanico, para que vivamos por medio de \u00e9l. En esto consiste el amor: no en que nosotros hayamos amado a Dios, sino en que \u00e9l nos am\u00f3 y nos envi\u00f3 a su Hijo como v\u00edctima de propiciaci\u00f3n para nuestros pecados\u201d.<\/span><\/p>\n<p><span style=\"color: #000000; font-size: large;\">El amor de Dios, y la identidad del Amor con Dios, es el tema principal de Juan; nunca se cansa de insistir. Pero en esta lectura va m\u00e1s all\u00e1; entrelaza el tema del amor con el misterio de la Encarnaci\u00f3n, unida a la vida, muerte y resurrecci\u00f3n de su Hijo. De ese modo el amor no se nos presenta como algo espiritual, ideal, sino como algo real, palpable, hist\u00f3rico, con contenido y consecuencias humanas.<\/span><\/p>\n<p><span style=\"color: #000000; font-size: large;\">\u201cAm\u00e9monos unos a otros, ya que el amor es de Dios, y todo el que ama ha nacido de Dios y conoce a Dios\u201d, nos dice san Juan. Nuestro amor es producto del Amor de Dios, de haber \u201cnacido de Dios\u201d. Si permitimos que ese Amor haga morada en nosotros, no tenemos m\u00e1s remedio que amar; amar con un amor que participa de la naturaleza del Amor divino. Por eso amando al pr\u00f3jimo amamos a Dios y seguimos creciendo en el Amor. Es un c\u00edrculo que no termina. Alguien ha dicho que el amor es el \u00fanico don que mientras m\u00e1s lo repartes m\u00e1s te sobra.<\/span><\/p>\n<p><span style=\"color: #000000; font-size: large;\">Y eso es precisamente lo que vemos en la lectura evang\u00e9lica de hoy (Mc 6,34-44), el pasaje de la \u201cprimera multiplicaci\u00f3n de los panes\u201d. Un milagro producto de la gratuidad del amor. Al caer la tarde los disc\u00edpulos le sugieren a Jes\u00fas que despida la gente para que cada cual resuelva sus necesidades de alimento. La reacci\u00f3n de Jes\u00fas no se hace esperar: \u201cDadles vosotros de comer\u201d. Ya anteriormente Marcos nos hab\u00eda dicho que Jes\u00fas se hab\u00eda compadecido de la gente porque andaban \u201ccomo ovejas sin pastor\u201d, lo que le motiv\u00f3 a \u201cense\u00f1arles con calma\u201d. Ten\u00edan hambre; no hambre material, sino hambre espiritual. Jes\u00fas se la hab\u00eda saciado con su Palabra. Ya el reba\u00f1o tiene Pastor. El Pastor tiene que procurar alimento para su reba\u00f1o. Lleg\u00f3 el momento del alimento, de la fracci\u00f3n del pan. \u201cDadles vosotros de comer\u201d.<\/span><\/p>\n<p><span style=\"color: #000000; font-size: large;\">Vemos en esta per\u00edcopa evang\u00e9lica una prefiguraci\u00f3n de la celebraci\u00f3n Eucar\u00edstica, en la cual nos alimentamos primero con la Palabra de Dios para luego participar del Banquete Eucar\u00edstico. Es lo que la Iglesia, sucesora de los ap\u00f3stoles sigue haciendo hoy. Y todo producto del Amor de Dios, que quiso permanecer con nosotros bajo las especies eucar\u00edsticas.<\/span><\/p>\n<p><span style=\"color: #000000; font-size: large;\">Hoy, pidamos al Se\u00f1or por los ministros de Su Iglesia, para que contin\u00faen pastoreando Su reba\u00f1o, y aliment\u00e1ndolos con el Pan de Su Palabra y el Pan de la Eucarist\u00eda.<\/span><\/p>\n<div style=\"padding-bottom:20px; padding-top:10px;\" class=\"hupso-share-buttons\"><!-- Hupso Share Buttons - https:\/\/www.hupso.com\/share\/ --><a class=\"hupso_toolbar\" href=\"https:\/\/www.hupso.com\/share\/\"><img src=\"http:\/\/static.hupso.com\/share\/buttons\/lang\/es\/share-medium.png\" style=\"border:0px; padding-top: 5px; float:left;\" alt=\"Share Button\"\/><\/a><script type=\"text\/javascript\">var hupso_services_t=new Array(\"Twitter\",\"Facebook\",\"Google Plus\",\"Pinterest\",\"Linkedin\",\"Email\",\"Print\");var hupso_background_t=\"#EAF4FF\";var hupso_border_t=\"#66CCFF\";var hupso_toolbar_size_t=\"medium\";var hupso_image_folder_url = \"\";var hupso_twitter_via=\"hectorops\";var hupso_url_t=\"\";var hupso_title_t=\"REFLEXI%C3%93N%20PARA%20EL%20MARTES%20DESPU%C3%89S%20DE%20LA%20EPIFAN%C3%8DA%2007-01-14\";<\/script><script type=\"text\/javascript\" src=\"http:\/\/static.hupso.com\/share\/js\/share_toolbar.js\"><\/script><!-- Hupso Share Buttons --><\/div>","protected":false},"excerpt":{"rendered":"<p>Juan contin\u00faa dominando la primera lectura de la liturgia para este tiempo. La primera lectura de hoy (1Jn 4,7-10), que parece un trabalenguas, es tal vez el mejor resumen de toda la ense\u00f1anza de Jes\u00fas: \u201cAm\u00e9monos unos a otros, ya &hellip; <a href=\"http:\/\/delamanodemaria.com\/?p=2725\">Continue reading <span class=\"meta-nav\">&rarr;<\/span><\/a><\/p>\n<div style=\"padding-bottom:20px; padding-top:10px;\" class=\"hupso-share-buttons\"><!-- Hupso Share Buttons - https:\/\/www.hupso.com\/share\/ --><a class=\"hupso_toolbar\" href=\"https:\/\/www.hupso.com\/share\/\"><img src=\"http:\/\/static.hupso.com\/share\/buttons\/lang\/es\/share-medium.png\" style=\"border:0px; padding-top: 5px; float:left;\" alt=\"Share Button\"\/><\/a><script type=\"text\/javascript\">var hupso_services_t=new Array(\"Twitter\",\"Facebook\",\"Google Plus\",\"Pinterest\",\"Linkedin\",\"Email\",\"Print\");var hupso_background_t=\"#EAF4FF\";var hupso_border_t=\"#66CCFF\";var hupso_toolbar_size_t=\"medium\";var hupso_image_folder_url = \"\";var hupso_twitter_via=\"hectorops\";var hupso_url_t=\"\";var hupso_title_t=\"REFLEXI%C3%93N%20PARA%20EL%20MARTES%20DESPU%C3%89S%20DE%20LA%20EPIFAN%C3%8DA%2007-01-14\";<\/script><script type=\"text\/javascript\" src=\"http:\/\/static.hupso.com\/share\/js\/share_toolbar.js\"><\/script><!-- Hupso Share Buttons --><\/div>","protected":false},"author":1,"featured_media":0,"comment_status":"open","ping_status":"open","sticky":false,"template":"","format":"standard","meta":{"jetpack_post_was_ever_published":false,"_jetpack_newsletter_access":"","_jetpack_newsletter_tier_id":0,"jetpack_publicize_message":"","jetpack_is_tweetstorm":false,"jetpack_publicize_feature_enabled":true,"jetpack_social_post_already_shared":true,"jetpack_social_options":{"image_generator_settings":{"template":"highway","enabled":false}}},"categories":[1],"tags":[30,370,44,413,45,96,164,2],"jetpack_publicize_connections":[],"jetpack_featured_media_url":"","jetpack_shortlink":"https:\/\/wp.me\/p3bBgS-HX","jetpack_sharing_enabled":true,"jetpack_likes_enabled":true,"_links":{"self":[{"href":"http:\/\/delamanodemaria.com\/index.php?rest_route=\/wp\/v2\/posts\/2725"}],"collection":[{"href":"http:\/\/delamanodemaria.com\/index.php?rest_route=\/wp\/v2\/posts"}],"about":[{"href":"http:\/\/delamanodemaria.com\/index.php?rest_route=\/wp\/v2\/types\/post"}],"author":[{"embeddable":true,"href":"http:\/\/delamanodemaria.com\/index.php?rest_route=\/wp\/v2\/users\/1"}],"replies":[{"embeddable":true,"href":"http:\/\/delamanodemaria.com\/index.php?rest_route=%2Fwp%2Fv2%2Fcomments&post=2725"}],"version-history":[{"count":2,"href":"http:\/\/delamanodemaria.com\/index.php?rest_route=\/wp\/v2\/posts\/2725\/revisions"}],"predecessor-version":[{"id":2729,"href":"http:\/\/delamanodemaria.com\/index.php?rest_route=\/wp\/v2\/posts\/2725\/revisions\/2729"}],"wp:attachment":[{"href":"http:\/\/delamanodemaria.com\/index.php?rest_route=%2Fwp%2Fv2%2Fmedia&parent=2725"}],"wp:term":[{"taxonomy":"category","embeddable":true,"href":"http:\/\/delamanodemaria.com\/index.php?rest_route=%2Fwp%2Fv2%2Fcategories&post=2725"},{"taxonomy":"post_tag","embeddable":true,"href":"http:\/\/delamanodemaria.com\/index.php?rest_route=%2Fwp%2Fv2%2Ftags&post=2725"}],"curies":[{"name":"wp","href":"https:\/\/api.w.org\/{rel}","templated":true}]}}