{"id":2758,"date":"2014-01-09T09:42:25","date_gmt":"2014-01-09T13:42:25","guid":{"rendered":"http:\/\/delamanodemaria.com\/?p=2758"},"modified":"2014-01-09T09:43:25","modified_gmt":"2014-01-09T13:43:25","slug":"peregrinacion-siguiendo-los-pasos-de-san-pablo","status":"publish","type":"post","link":"http:\/\/delamanodemaria.com\/?p=2758","title":{"rendered":"Peregrinaci\u00f3n &#8220;Siguiendo los pasos de San Pablo&#8221;"},"content":{"rendered":"<div><span style=\"font-size: large;\">Nos gustar\u00eda que nos acompa\u00f1aran en esta peregrinaci\u00f3n, que estoy seguro servir\u00e1 para nuestro enriquecimiento espiritual, as\u00ed como nuestra formaci\u00f3n cristiana y cultural.<\/span><\/div>\n<div><\/div>\n<div><\/div>\n<div><span style=\"font-size: large;\">Tendremos la primera reuni\u00f3n del grupo este s\u00e1bado 11 de enero a las 10:00 AM en las oficinas de Miranda Travel (787-725-5577)<\/span>.<\/div>\n<div><\/div>\n<div><\/div>\n<div><a href=\"http:\/\/delamanodemaria.com\/wp-content\/uploads\/2014\/01\/Pasos-de-San-Pablo-Mons.-Francisco-Medina-1-17-junio-2014-1-page-001.jpg\"><img decoding=\"async\" loading=\"lazy\" class=\"alignnone size-full wp-image-2759\" alt=\"Pasos de San Pablo - Mons. Francisco Medina - 1-17 junio 2014 (1)-page-001\" src=\"http:\/\/delamanodemaria.com\/wp-content\/uploads\/2014\/01\/Pasos-de-San-Pablo-Mons.-Francisco-Medina-1-17-junio-2014-1-page-001.jpg\" width=\"1275\" height=\"1650\" srcset=\"http:\/\/delamanodemaria.com\/wp-content\/uploads\/2014\/01\/Pasos-de-San-Pablo-Mons.-Francisco-Medina-1-17-junio-2014-1-page-001.jpg 1275w, http:\/\/delamanodemaria.com\/wp-content\/uploads\/2014\/01\/Pasos-de-San-Pablo-Mons.-Francisco-Medina-1-17-junio-2014-1-page-001-231x300.jpg 231w, http:\/\/delamanodemaria.com\/wp-content\/uploads\/2014\/01\/Pasos-de-San-Pablo-Mons.-Francisco-Medina-1-17-junio-2014-1-page-001-791x1024.jpg 791w\" sizes=\"(max-width: 1275px) 100vw, 1275px\" \/><\/a><\/div>\n<div style=\"padding-bottom:20px; padding-top:10px;\" class=\"hupso-share-buttons\"><!-- Hupso Share Buttons - https:\/\/www.hupso.com\/share\/ --><a class=\"hupso_toolbar\" href=\"https:\/\/www.hupso.com\/share\/\"><img src=\"http:\/\/static.hupso.com\/share\/buttons\/lang\/es\/share-medium.png\" style=\"border:0px; padding-top: 5px; float:left;\" alt=\"Share Button\"\/><\/a><script type=\"text\/javascript\">var hupso_services_t=new Array(\"Twitter\",\"Facebook\",\"Google Plus\",\"Pinterest\",\"Linkedin\",\"Email\",\"Print\");var hupso_background_t=\"#EAF4FF\";var hupso_border_t=\"#66CCFF\";var hupso_toolbar_size_t=\"medium\";var hupso_image_folder_url = \"\";var hupso_twitter_via=\"hectorops\";var hupso_url_t=\"\";var hupso_title_t=\"Peregrinaci%C3%B3n%20%22Siguiendo%20los%20pasos%20de%20San%20Pablo%22\";<\/script><script type=\"text\/javascript\" src=\"http:\/\/static.hupso.com\/share\/js\/share_toolbar.js\"><\/script><!-- Hupso Share Buttons --><\/div>","protected":false},"excerpt":{"rendered":"<p>Nos gustar\u00eda que nos acompa\u00f1aran en esta peregrinaci\u00f3n, que estoy seguro servir\u00e1 para nuestro enriquecimiento espiritual, as\u00ed como nuestra formaci\u00f3n cristiana y cultural. Tendremos la primera reuni\u00f3n del grupo este s\u00e1bado 11 de enero a las 10:00 AM en las &hellip; <a href=\"http:\/\/delamanodemaria.com\/?p=2758\">Continue reading <span class=\"meta-nav\">&rarr;<\/span><\/a><\/p>\n<div style=\"padding-bottom:20px; padding-top:10px;\" class=\"hupso-share-buttons\"><!-- Hupso Share Buttons - https:\/\/www.hupso.com\/share\/ --><a class=\"hupso_toolbar\" href=\"https:\/\/www.hupso.com\/share\/\"><img src=\"http:\/\/static.hupso.com\/share\/buttons\/lang\/es\/share-medium.png\" style=\"border:0px; padding-top: 5px; float:left;\" alt=\"Share Button\"\/><\/a><script type=\"text\/javascript\">var hupso_services_t=new Array(\"Twitter\",\"Facebook\",\"Google Plus\",\"Pinterest\",\"Linkedin\",\"Email\",\"Print\");var hupso_background_t=\"#EAF4FF\";var hupso_border_t=\"#66CCFF\";var hupso_toolbar_size_t=\"medium\";var hupso_image_folder_url = \"\";var hupso_twitter_via=\"hectorops\";var hupso_url_t=\"\";var hupso_title_t=\"Peregrinaci%C3%B3n%20%22Siguiendo%20los%20pasos%20de%20San%20Pablo%22\";<\/script><script type=\"text\/javascript\" src=\"http:\/\/static.hupso.com\/share\/js\/share_toolbar.js\"><\/script><!-- Hupso Share Buttons --><\/div>","protected":false},"author":1,"featured_media":0,"comment_status":"open","ping_status":"open","sticky":false,"template":"","format":"standard","meta":{"jetpack_post_was_ever_published":false,"_jetpack_newsletter_access":"","_jetpack_newsletter_tier_id":0,"jetpack_publicize_message":"","jetpack_is_tweetstorm":false,"jetpack_publicize_feature_enabled":true,"jetpack_social_post_already_shared":true,"jetpack_social_options":{"image_generator_settings":{"template":"highway","enabled":false}}},"categories":[1],"tags":[317,418],"jetpack_publicize_connections":[],"jetpack_featured_media_url":"","jetpack_shortlink":"https:\/\/wp.me\/p3bBgS-Iu","jetpack_sharing_enabled":true,"jetpack_likes_enabled":true,"_links":{"self":[{"href":"http:\/\/delamanodemaria.com\/index.php?rest_route=\/wp\/v2\/posts\/2758"}],"collection":[{"href":"http:\/\/delamanodemaria.com\/index.php?rest_route=\/wp\/v2\/posts"}],"about":[{"href":"http:\/\/delamanodemaria.com\/index.php?rest_route=\/wp\/v2\/types\/post"}],"author":[{"embeddable":true,"href":"http:\/\/delamanodemaria.com\/index.php?rest_route=\/wp\/v2\/users\/1"}],"replies":[{"embeddable":true,"href":"http:\/\/delamanodemaria.com\/index.php?rest_route=%2Fwp%2Fv2%2Fcomments&post=2758"}],"version-history":[{"count":3,"href":"http:\/\/delamanodemaria.com\/index.php?rest_route=\/wp\/v2\/posts\/2758\/revisions"}],"predecessor-version":[{"id":2762,"href":"http:\/\/delamanodemaria.com\/index.php?rest_route=\/wp\/v2\/posts\/2758\/revisions\/2762"}],"wp:attachment":[{"href":"http:\/\/delamanodemaria.com\/index.php?rest_route=%2Fwp%2Fv2%2Fmedia&parent=2758"}],"wp:term":[{"taxonomy":"category","embeddable":true,"href":"http:\/\/delamanodemaria.com\/index.php?rest_route=%2Fwp%2Fv2%2Fcategories&post=2758"},{"taxonomy":"post_tag","embeddable":true,"href":"http:\/\/delamanodemaria.com\/index.php?rest_route=%2Fwp%2Fv2%2Ftags&post=2758"}],"curies":[{"name":"wp","href":"https:\/\/api.w.org\/{rel}","templated":true}]}}