{"id":2763,"date":"2014-01-09T20:16:53","date_gmt":"2014-01-10T00:16:53","guid":{"rendered":"http:\/\/delamanodemaria.com\/?p=2763"},"modified":"2014-01-09T20:23:10","modified_gmt":"2014-01-10T00:23:10","slug":"reflexion-para-el-viernes-despues-de-la-epifania-10-01-14","status":"publish","type":"post","link":"http:\/\/delamanodemaria.com\/?p=2763","title":{"rendered":"REFLEXI\u00d3N PARA EL VIERNES DESPU\u00c9S DE LA EPIFAN\u00cdA 10-01-14"},"content":{"rendered":"<p><a href=\"http:\/\/delamanodemaria.com\/wp-content\/uploads\/2014\/01\/1-Juan-5_13crop.jpg\"><img decoding=\"async\" loading=\"lazy\" class=\"alignnone size-full wp-image-2766\" alt=\"1 Juan 5_13crop\" src=\"http:\/\/delamanodemaria.com\/wp-content\/uploads\/2014\/01\/1-Juan-5_13crop.jpg\" width=\"600\" height=\"415\" srcset=\"http:\/\/delamanodemaria.com\/wp-content\/uploads\/2014\/01\/1-Juan-5_13crop.jpg 600w, http:\/\/delamanodemaria.com\/wp-content\/uploads\/2014\/01\/1-Juan-5_13crop-300x207.jpg 300w, http:\/\/delamanodemaria.com\/wp-content\/uploads\/2014\/01\/1-Juan-5_13crop-433x300.jpg 433w\" sizes=\"(max-width: 600px) 100vw, 600px\" \/><\/a><\/p>\n<p><span style=\"color: #000000; font-size: large;\">El ap\u00f3stol san Juan contin\u00faa dominando la primera lectura de la liturgia de este tiempo de Navidad\u00a0que culminar\u00e1 el s\u00e1bado para dar paso a la Fiesta del Bautismo del Se\u00f1or, que a su vez marca el inicio del Tiempo Ordinario. La lectura de hoy (1 Jn 5,5-13) comienza plante\u00e1ndonos una interrogante: \u201c\u00bfQui\u00e9n es el que vence al mundo, sino el que cree que Jes\u00fas es el Hijo de Dios?\u201d En los escritos de Juan la palabra \u201cmundo\u201d describe esa actitud nuestra de pensar que somos el \u201combligo del mundo\u201d, lo que nos lleva a sucumbir ante la tentaci\u00f3n de pretender salvarnos por nuestras propias fuerzas, sin necesitar de Dios. Juan nos recuerda que solo el que cree que Jes\u00fas es el Hijo de Dios puede vencer esa tentaci\u00f3n. Solo de esa manera podemos entregarnos a \u00c9l y saber que solo en \u00c9l y por \u00c9l obtendremos la salvaci\u00f3n y la vida eterna.<\/span><\/p>\n<p><span style=\"color: #000000; font-size: large;\">Establecido ese hecho, pasa a fundamentar su aseveraci\u00f3n: \u201c\u00c9ste es el que vino con agua y con sangre: Jesucristo. No s\u00f3lo con agua, sino con agua y con sangre; y el Esp\u00edritu es quien da testimonio, porque el Esp\u00edritu es la verdad. Porque tres son los testigos: el Esp\u00edritu, el agua y la sangre, y los tres est\u00e1n de acuerdo\u201d. Al hacer referencia al \u201cagua y la sangre\u201d, Juan est\u00e1 aludiendo a la obediencia de Jes\u00fas a su Padre hasta la muerte, en el gesto de amor m\u00e1s formidable en la historia de la humanidad. No olvidemos que Juan estuvo al pie de la cruz y fue testigo de la sangre y el agua que brotaron del costado de Cristo en el momento del sacrificio m\u00e1ximo. Jes\u00fas ha hecho el m\u00e1ximo sacrificio, y lo ha hecho por amor. \u201cNo hay amor m\u00e1s grande que dar la vida por los amigos\u201d (Jn 15,13). Como ha dicho Noel Quesson: \u201cEl Coraz\u00f3n abierto, del que mana \u00abel agua y la sangre\u00bb \u00a1es el s\u00edmbolo m\u00e1s fuerte y expresivo del amor!\u201d.<\/span><\/p>\n<p><span style=\"color: #000000; font-size: large;\">Juan a\u00f1ade un tercer \u201ctestigo\u201d para confirmar la veracidad de su afirmaci\u00f3n: \u201cel Esp\u00edritu [que] es la verdad\u201d. As\u00ed tenemos tres testigos: el Esp\u00edritu, el agua y la sangre. Debemos recordar que en los procedimientos judiciales de la \u00e9poca se requer\u00edan tres testigos para probar la veracidad de un hecho. Est\u00e1 claro; Juan no quiere dejar lugar a dudas de que lo que dice es la verdad.<\/span><\/p>\n<p><span style=\"color: #000000; font-size: large;\">Y el resultado de ese sacrificio de amor y por amor del Hijo de Dios, es hacernos acreedores a la vida eterna: \u201cY \u00e9ste es el testimonio: Dios nos ha dado vida eterna, y esta vida est\u00e1 en su Hijo. Quien tiene al Hijo tiene la vida, quien no tiene al Hijo de Dios no tiene la vida. Os he escrito estas cosas a los que cre\u00e9is en el nombre del Hijo de Dios, para que os deis cuenta de que ten\u00e9is vida eterna\u201d.<\/span><\/p>\n<p><span style=\"color: #000000; font-size: large;\">Juan nos asegura que esa \u201cvida eterna\u201d la podemos disfrutar desde ahora, porque si tenemos al Hijo, podemos vencer al \u201cmundo\u201d, y si vencemos al mundo, seremos part\u00edcipes de la plenitud de la Vida que es el Hijo.<\/span><\/p>\n<p><span style=\"color: #000000; font-size: large;\">Se\u00f1or, aumenta mi fe para que pueda llegar a la plenitud de la Vida en tu Hijo, de manera que pueda disfrutar desde ahora de la vida eterna que nos tienes prometida.<\/span><\/p>\n<div style=\"padding-bottom:20px; padding-top:10px;\" class=\"hupso-share-buttons\"><!-- Hupso Share Buttons - https:\/\/www.hupso.com\/share\/ --><a class=\"hupso_toolbar\" href=\"https:\/\/www.hupso.com\/share\/\"><img src=\"http:\/\/static.hupso.com\/share\/buttons\/lang\/es\/share-medium.png\" style=\"border:0px; padding-top: 5px; float:left;\" alt=\"Share Button\"\/><\/a><script type=\"text\/javascript\">var hupso_services_t=new Array(\"Twitter\",\"Facebook\",\"Google Plus\",\"Pinterest\",\"Linkedin\",\"Email\",\"Print\");var hupso_background_t=\"#EAF4FF\";var hupso_border_t=\"#66CCFF\";var hupso_toolbar_size_t=\"medium\";var hupso_image_folder_url = \"\";var hupso_twitter_via=\"hectorops\";var hupso_url_t=\"\";var hupso_title_t=\"REFLEXI%C3%93N%20PARA%20EL%20VIERNES%20DESPU%C3%89S%20DE%20LA%20EPIFAN%C3%8DA%2010-01-14\";<\/script><script type=\"text\/javascript\" src=\"http:\/\/static.hupso.com\/share\/js\/share_toolbar.js\"><\/script><!-- Hupso Share Buttons --><\/div>","protected":false},"excerpt":{"rendered":"<p>El ap\u00f3stol san Juan contin\u00faa dominando la primera lectura de la liturgia de este tiempo de Navidad\u00a0que culminar\u00e1 el s\u00e1bado para dar paso a la Fiesta del Bautismo del Se\u00f1or, que a su vez marca el inicio del Tiempo Ordinario. &hellip; <a href=\"http:\/\/delamanodemaria.com\/?p=2763\">Continue reading <span class=\"meta-nav\">&rarr;<\/span><\/a><\/p>\n<div style=\"padding-bottom:20px; padding-top:10px;\" class=\"hupso-share-buttons\"><!-- Hupso Share Buttons - https:\/\/www.hupso.com\/share\/ --><a class=\"hupso_toolbar\" href=\"https:\/\/www.hupso.com\/share\/\"><img src=\"http:\/\/static.hupso.com\/share\/buttons\/lang\/es\/share-medium.png\" style=\"border:0px; padding-top: 5px; float:left;\" alt=\"Share Button\"\/><\/a><script type=\"text\/javascript\">var hupso_services_t=new Array(\"Twitter\",\"Facebook\",\"Google Plus\",\"Pinterest\",\"Linkedin\",\"Email\",\"Print\");var hupso_background_t=\"#EAF4FF\";var hupso_border_t=\"#66CCFF\";var hupso_toolbar_size_t=\"medium\";var hupso_image_folder_url = \"\";var hupso_twitter_via=\"hectorops\";var hupso_url_t=\"\";var hupso_title_t=\"REFLEXI%C3%93N%20PARA%20EL%20VIERNES%20DESPU%C3%89S%20DE%20LA%20EPIFAN%C3%8DA%2010-01-14\";<\/script><script type=\"text\/javascript\" src=\"http:\/\/static.hupso.com\/share\/js\/share_toolbar.js\"><\/script><!-- Hupso Share Buttons --><\/div>","protected":false},"author":1,"featured_media":0,"comment_status":"open","ping_status":"open","sticky":false,"template":"","format":"standard","meta":{"jetpack_post_was_ever_published":false,"_jetpack_newsletter_access":"","_jetpack_newsletter_tier_id":0,"jetpack_publicize_message":"","jetpack_is_tweetstorm":false,"jetpack_publicize_feature_enabled":true,"jetpack_social_post_already_shared":true,"jetpack_social_options":{"image_generator_settings":{"template":"highway","enabled":false}}},"categories":[1],"tags":[30,159,370,413,419,372,2,394,127,36,86],"jetpack_publicize_connections":[],"jetpack_featured_media_url":"","jetpack_shortlink":"https:\/\/wp.me\/p3bBgS-Iz","jetpack_sharing_enabled":true,"jetpack_likes_enabled":true,"_links":{"self":[{"href":"http:\/\/delamanodemaria.com\/index.php?rest_route=\/wp\/v2\/posts\/2763"}],"collection":[{"href":"http:\/\/delamanodemaria.com\/index.php?rest_route=\/wp\/v2\/posts"}],"about":[{"href":"http:\/\/delamanodemaria.com\/index.php?rest_route=\/wp\/v2\/types\/post"}],"author":[{"embeddable":true,"href":"http:\/\/delamanodemaria.com\/index.php?rest_route=\/wp\/v2\/users\/1"}],"replies":[{"embeddable":true,"href":"http:\/\/delamanodemaria.com\/index.php?rest_route=%2Fwp%2Fv2%2Fcomments&post=2763"}],"version-history":[{"count":2,"href":"http:\/\/delamanodemaria.com\/index.php?rest_route=\/wp\/v2\/posts\/2763\/revisions"}],"predecessor-version":[{"id":2767,"href":"http:\/\/delamanodemaria.com\/index.php?rest_route=\/wp\/v2\/posts\/2763\/revisions\/2767"}],"wp:attachment":[{"href":"http:\/\/delamanodemaria.com\/index.php?rest_route=%2Fwp%2Fv2%2Fmedia&parent=2763"}],"wp:term":[{"taxonomy":"category","embeddable":true,"href":"http:\/\/delamanodemaria.com\/index.php?rest_route=%2Fwp%2Fv2%2Fcategories&post=2763"},{"taxonomy":"post_tag","embeddable":true,"href":"http:\/\/delamanodemaria.com\/index.php?rest_route=%2Fwp%2Fv2%2Ftags&post=2763"}],"curies":[{"name":"wp","href":"https:\/\/api.w.org\/{rel}","templated":true}]}}