{"id":2778,"date":"2014-01-13T20:17:59","date_gmt":"2014-01-14T00:17:59","guid":{"rendered":"http:\/\/delamanodemaria.com\/?p=2778"},"modified":"2014-01-13T20:17:59","modified_gmt":"2014-01-14T00:17:59","slug":"reflexion-para-el-martes-de-la-primera-semana-del-t-o-14-01-14","status":"publish","type":"post","link":"http:\/\/delamanodemaria.com\/?p=2778","title":{"rendered":"REFLEXI\u00d3N PARA EL MARTES DE LA PRIMERA SEMANA DEL T.O. 14-01-14"},"content":{"rendered":"<p><a href=\"http:\/\/delamanodemaria.com\/wp-content\/uploads\/2013\/09\/Cierra-la-boca-y-sal.jpg\"><img decoding=\"async\" loading=\"lazy\" class=\"alignnone size-full wp-image-1809\" alt=\"Cierra la boca y sal\" src=\"http:\/\/delamanodemaria.com\/wp-content\/uploads\/2013\/09\/Cierra-la-boca-y-sal.jpg\" width=\"640\" height=\"621\" srcset=\"http:\/\/delamanodemaria.com\/wp-content\/uploads\/2013\/09\/Cierra-la-boca-y-sal.jpg 640w, http:\/\/delamanodemaria.com\/wp-content\/uploads\/2013\/09\/Cierra-la-boca-y-sal-300x291.jpg 300w, http:\/\/delamanodemaria.com\/wp-content\/uploads\/2013\/09\/Cierra-la-boca-y-sal-309x300.jpg 309w\" sizes=\"(max-width: 640px) 100vw, 640px\" \/><\/a><\/p>\n<p><span style=\"color: #000000; font-size: large;\">La primera lectura para hoy (S 1,9-20) es continuaci\u00f3n de la de ayer, y nos presenta la oraci\u00f3n de Ana, madre de Samuel, quien le ped\u00eda un hijo al Se\u00f1or, y c\u00f3mo Dios escuch\u00f3 su oraci\u00f3n: \u201cAna concibi\u00f3, dio a luz un hijo y le puso de nombre Samuel\u201d.<\/span><\/p>\n<p><span style=\"color: #000000; font-size: large;\">Como Salmo (1S 2,1.4-5.6-7.8abcd), la liturgia nos presenta el \u201cc\u00e1ntico de Ana\u201d, que \u00e9sta entona luego del nacimiento de Samuel, y guarda un paralelismo asombroso con el Magn\u00edficat que la Virgen Mar\u00eda proclama al escuchar de labios de su prima Isabel decir: \u201c\u00a1Feliz la ha cre\u00eddo que se cumplir\u00edan las cosas que le fueron dichas de parte del Se\u00f1or!\u201d. Les invito a leer con detenimiento este hermoso c\u00e1ntico de Ana:<\/span><\/p>\n<p><span style=\"color: #000000; font-size: large;\">\u201cMi coraz\u00f3n se regocija por el Se\u00f1or, mi poder se exalta por Dios; mi boca se r\u00ede de mis enemigos, porque gozo con tu salvaci\u00f3n. Se rompen los arcos de los valientes, mientras los cobardes se ci\u00f1en de valor; los hartos se contratan por el pan, mientras los hambrientos engordan; la mujer est\u00e9ril da a luz siete hijos, mientras la madre de muchos queda bald\u00eda. El Se\u00f1or da la muerte y la vida, hunde en el abismo y levanta; da la pobreza y la riqueza, humilla y enaltece. \u00c9l levanta del polvo al desvalido, alza de la basura al pobre, para hacer que se siente entre pr\u00edncipes y que herede un trono de gloria\u201d.<\/span><\/p>\n<p><span style=\"color: #000000; font-size: large;\">El mensaje es claro: Aqu\u00e9l que pone su confianza en el Se\u00f1or, el que \u201cha cre\u00eddo que se cumplir\u00edan las cosas que le fueron dichas de parte del Se\u00f1or\u201d, ver\u00e1 la Gloria de Dios manifestarse en su vida. As\u00ed lo vivi\u00f3 Ana. Mar\u00eda lo llev\u00f3 un paso m\u00e1s all\u00e1. Ana tuvo que unirse a su esposo Elcan\u00e1 para concebir, como otras tantas mujeres est\u00e9riles que nos presentan las Sagradas Escrituras quienes concibieron gracias a la intervenci\u00f3n divina (para Dios nada es imposible). En el caso de Mar\u00eda, la llena de gracia, la concepci\u00f3n y nacimiento de Jes\u00fas representan la culminaci\u00f3n: nacido de una mujer virgen, un regalo absoluto de Dios.<\/span><\/p>\n<p><span style=\"color: #000000; font-size: large;\">La lectura evang\u00e9lica Mc 1,21-28) nos presenta a ese hijo, Jes\u00fas, en pleno ministerio \u201cense\u00f1ando\u201d en la sinagoga de Cafarna\u00fan, en donde todos se quedaban asombrados, especialmente porque \u201cporque no ense\u00f1aba como los escribas, sino con autoridad\u201d. \u00c9l est\u00e1 consciente de que los profetas y la Ley adquieren plenitud en su persona y su mensaje (Cfr. Mt 5,17). \u00c9l es el hijo a quien el Padre ha entregado todo (Mt 11,27). Por eso tiene autoridad para expulsar demonios, como de hecho lo hace en la lectura de hoy. Los propios demonios as\u00ed lo reconocen: \u201c\u00bfQu\u00e9 quieres de nosotros, Jes\u00fas Nazareno? \u00bfHas venido a acabar con nosotros? S\u00e9 qui\u00e9n eres: el Santo de Dios\u201d.<\/span><\/p>\n<p><span style=\"color: #000000; font-size: large;\">Ana concibi\u00f3 a pesar de su esterilidad y Mar\u00eda concibi\u00f3 siendo virgen porque creyeron. Jes\u00fas prometi\u00f3 a \u201clos que crean\u201d, el poder de expulsar demonios (Cfr. Mc 16,17). \u201cEn verdad, en verdad os digo: el que crea en m\u00ed, har\u00e1 \u00e9l tambi\u00e9n las obras que yo hago, y har\u00e1 mayores a\u00fan\u201d (Jn 14,12). Y no se trata necesariamente de exorcismos espectaculares. \u00bfCu\u00e1ntos demonios tienes? Odios, resentimientos, vagancia, tibieza\u2026 Todos huyen cuando permites que Jes\u00fas haga morada en tu coraz\u00f3n. \u00a1Pi\u00e9nsalo!<\/span><\/p>\n<div style=\"padding-bottom:20px; padding-top:10px;\" class=\"hupso-share-buttons\"><!-- Hupso Share Buttons - https:\/\/www.hupso.com\/share\/ --><a class=\"hupso_toolbar\" href=\"https:\/\/www.hupso.com\/share\/\"><img src=\"http:\/\/static.hupso.com\/share\/buttons\/lang\/es\/share-medium.png\" style=\"border:0px; padding-top: 5px; float:left;\" alt=\"Share Button\"\/><\/a><script type=\"text\/javascript\">var hupso_services_t=new Array(\"Twitter\",\"Facebook\",\"Google Plus\",\"Pinterest\",\"Linkedin\",\"Email\",\"Print\");var hupso_background_t=\"#EAF4FF\";var hupso_border_t=\"#66CCFF\";var hupso_toolbar_size_t=\"medium\";var hupso_image_folder_url = \"\";var hupso_twitter_via=\"hectorops\";var hupso_url_t=\"\";var hupso_title_t=\"REFLEXI%C3%93N%20PARA%20EL%20MARTES%20DE%20LA%20PRIMERA%20SEMANA%20DEL%20T.O.%2014-01-14\";<\/script><script type=\"text\/javascript\" src=\"http:\/\/static.hupso.com\/share\/js\/share_toolbar.js\"><\/script><!-- Hupso Share Buttons --><\/div>","protected":false},"excerpt":{"rendered":"<p>La primera lectura para hoy (S 1,9-20) es continuaci\u00f3n de la de ayer, y nos presenta la oraci\u00f3n de Ana, madre de Samuel, quien le ped\u00eda un hijo al Se\u00f1or, y c\u00f3mo Dios escuch\u00f3 su oraci\u00f3n: \u201cAna concibi\u00f3, dio a &hellip; <a href=\"http:\/\/delamanodemaria.com\/?p=2778\">Continue reading <span class=\"meta-nav\">&rarr;<\/span><\/a><\/p>\n<div style=\"padding-bottom:20px; padding-top:10px;\" class=\"hupso-share-buttons\"><!-- Hupso Share Buttons - https:\/\/www.hupso.com\/share\/ --><a class=\"hupso_toolbar\" href=\"https:\/\/www.hupso.com\/share\/\"><img src=\"http:\/\/static.hupso.com\/share\/buttons\/lang\/es\/share-medium.png\" style=\"border:0px; padding-top: 5px; float:left;\" alt=\"Share Button\"\/><\/a><script type=\"text\/javascript\">var hupso_services_t=new Array(\"Twitter\",\"Facebook\",\"Google Plus\",\"Pinterest\",\"Linkedin\",\"Email\",\"Print\");var hupso_background_t=\"#EAF4FF\";var hupso_border_t=\"#66CCFF\";var hupso_toolbar_size_t=\"medium\";var hupso_image_folder_url = \"\";var hupso_twitter_via=\"hectorops\";var hupso_url_t=\"\";var hupso_title_t=\"REFLEXI%C3%93N%20PARA%20EL%20MARTES%20DE%20LA%20PRIMERA%20SEMANA%20DEL%20T.O.%2014-01-14\";<\/script><script type=\"text\/javascript\" src=\"http:\/\/static.hupso.com\/share\/js\/share_toolbar.js\"><\/script><!-- Hupso Share Buttons --><\/div>","protected":false},"author":1,"featured_media":0,"comment_status":"open","ping_status":"open","sticky":false,"template":"","format":"standard","meta":{"jetpack_post_was_ever_published":false,"_jetpack_newsletter_access":"","_jetpack_newsletter_tier_id":0,"jetpack_publicize_message":"","jetpack_is_tweetstorm":false,"jetpack_publicize_feature_enabled":true,"jetpack_social_post_already_shared":true,"jetpack_social_options":{"image_generator_settings":{"template":"highway","enabled":false}}},"categories":[1],"tags":[370,145,96,22,381,27,2,135],"jetpack_publicize_connections":[],"jetpack_featured_media_url":"","jetpack_shortlink":"https:\/\/wp.me\/p3bBgS-IO","jetpack_sharing_enabled":true,"jetpack_likes_enabled":true,"_links":{"self":[{"href":"http:\/\/delamanodemaria.com\/index.php?rest_route=\/wp\/v2\/posts\/2778"}],"collection":[{"href":"http:\/\/delamanodemaria.com\/index.php?rest_route=\/wp\/v2\/posts"}],"about":[{"href":"http:\/\/delamanodemaria.com\/index.php?rest_route=\/wp\/v2\/types\/post"}],"author":[{"embeddable":true,"href":"http:\/\/delamanodemaria.com\/index.php?rest_route=\/wp\/v2\/users\/1"}],"replies":[{"embeddable":true,"href":"http:\/\/delamanodemaria.com\/index.php?rest_route=%2Fwp%2Fv2%2Fcomments&post=2778"}],"version-history":[{"count":2,"href":"http:\/\/delamanodemaria.com\/index.php?rest_route=\/wp\/v2\/posts\/2778\/revisions"}],"predecessor-version":[{"id":2780,"href":"http:\/\/delamanodemaria.com\/index.php?rest_route=\/wp\/v2\/posts\/2778\/revisions\/2780"}],"wp:attachment":[{"href":"http:\/\/delamanodemaria.com\/index.php?rest_route=%2Fwp%2Fv2%2Fmedia&parent=2778"}],"wp:term":[{"taxonomy":"category","embeddable":true,"href":"http:\/\/delamanodemaria.com\/index.php?rest_route=%2Fwp%2Fv2%2Fcategories&post=2778"},{"taxonomy":"post_tag","embeddable":true,"href":"http:\/\/delamanodemaria.com\/index.php?rest_route=%2Fwp%2Fv2%2Ftags&post=2778"}],"curies":[{"name":"wp","href":"https:\/\/api.w.org\/{rel}","templated":true}]}}