{"id":2806,"date":"2014-01-20T19:50:52","date_gmt":"2014-01-20T23:50:52","guid":{"rendered":"http:\/\/delamanodemaria.com\/?p=2806"},"modified":"2014-01-20T19:52:44","modified_gmt":"2014-01-20T23:52:44","slug":"reflexion-para-el-martes-de-la-segunda-semana-del-t-o-21-01-14","status":"publish","type":"post","link":"http:\/\/delamanodemaria.com\/?p=2806","title":{"rendered":"REFLEXI\u00d3N PARA EL MARTES DE LA SEGUNDA SEMANA DEL T.O. 21-01-14"},"content":{"rendered":"<p><a href=\"http:\/\/delamanodemaria.com\/wp-content\/uploads\/2014\/01\/samuel-unge-david.jpg\"><img decoding=\"async\" loading=\"lazy\" class=\"alignnone size-full wp-image-2807\" alt=\"samuel-unge-david\" src=\"http:\/\/delamanodemaria.com\/wp-content\/uploads\/2014\/01\/samuel-unge-david.jpg\" width=\"640\" height=\"489\" srcset=\"http:\/\/delamanodemaria.com\/wp-content\/uploads\/2014\/01\/samuel-unge-david.jpg 640w, http:\/\/delamanodemaria.com\/wp-content\/uploads\/2014\/01\/samuel-unge-david-300x229.jpg 300w, http:\/\/delamanodemaria.com\/wp-content\/uploads\/2014\/01\/samuel-unge-david-392x300.jpg 392w\" sizes=\"(max-width: 640px) 100vw, 640px\" \/><\/a> <span style=\"color: #000000; font-size: large;\">La primera lectura de hoy, tomada del primer libro de Samuel (16,1-13), nos narra la unci\u00f3n de David por parte de Samuel. En los pasados d\u00edas la liturgia nos ha narrado c\u00f3mo, a petici\u00f3n del pueblo, Samuel hab\u00eda ungido a Sa\u00fal como su primer rey. Pero Yahv\u00e9 lo rechaz\u00f3, e instruy\u00f3 a Samuel a ir a Bel\u00e9n y visitar a Jes\u00e9 \u201cporque entre sus hijos me he elegido un rey\u201d, que ser\u00eda aqu\u00e9l que \u00c9l le se\u00f1alara. Las palabras de Yahv\u00e9 a Samuel nos prefiguran la ense\u00f1anza del Mes\u00edas que nacer\u00eda de ese linaje: \u201cDios no ve como los hombres, que ven la apariencia; el Se\u00f1or ve el coraz\u00f3n\u201d.<\/span><\/p>\n<p><span style=\"color: #000000; font-size: large;\">Habiendo tenido ante s\u00ed todos los hijos de Jes\u00e9, excepto el m\u00e1s peque\u00f1o, sin que Yahv\u00e9 hubiese escogido, hizo traer ante s\u00ed este \u00faltimo. Tan pronto entr\u00f3 David, el Se\u00f1or dijo a Samuel: \u201cAnda, \u00fangelo, porque es \u00e9ste\u201d. Samuel tom\u00f3 la cuerna de aceite y lo ungi\u00f3 en medio de sus hermanos. Este episodio tan sencillo marca el comienzo de la dinast\u00eda dav\u00eddica, de la cual nacer\u00eda Jes\u00fas el Cristo (Cfr. Is 11,1; Mt 1,1-17; Lc 1,32).<\/span><\/p>\n<p><span style=\"color: #000000; font-size: large;\">La lectura evang\u00e9lica (Mc 2,23-28) nos muestra a Jes\u00fas, un s\u00e1bado, atravesando un campo con sus disc\u00edpulos, quienes arrancaban espigas mientras caminaban, para comerse los granos. \u00c9ste \u00faltimo detalle no surge expl\u00edcitamente de la lectura, pero el evangelio paralelo de Mateo (12,1-8), dice que los disc\u00edpulos \u201cdesgranaban\u201d las espigas para comerse los granos porque \u201cten\u00edan hambre\u201d.<\/span><\/p>\n<p><span style=\"color: #000000; font-size: large;\">Los fariseos que observaban la escena les critican severamente: \u201cOye, \u00bfpor qu\u00e9 hacen en s\u00e1bado lo que no est\u00e1 permitido?\u201d Al decir eso se refer\u00edan a la prohibici\u00f3n contenida en Ex 20,8-11 que ellos interpretaban de manera estricta, considerando una transgresi\u00f3n lo que los disc\u00edpulos hac\u00edan. Los fariseos pretenden utilizar las escrituras para condenar a Jes\u00fas, pero Jes\u00fas les riposta citando el pasaje en el que el mismo rey David hizo algo prohibido al tomar los panes consagrados del templo para saciar el hambre de sus hombres (1 Sam 21,2-7).<\/span><\/p>\n<p><span style=\"color: #000000; font-size: large;\">La observancia estricta del s\u00e1bado, la circuncisi\u00f3n, la pureza ritual, fueron fomentadas durante el destierro en Babilonia, para, entre otras cosas, distinguir al pueblo jud\u00edo de todos los dem\u00e1s. Esto dio margen al nacimiento del llamado \u201cjuda\u00edsmo\u201d. Estas pr\u00e1cticas llegaron al extremo de controlar todos los aspectos de la vida de los jud\u00edos. La observancia de la Ley, por la ley misma, por encima de los hombres. Es por eso que Jes\u00fas dice: \u201cEl s\u00e1bado se hizo para el hombre y no el hombre para el s\u00e1bado\u201d. El amor, la misericordia, est\u00e1n por encima de la Ley. Jes\u00fas es Dios, es el Amor. Por tanto, termina diciendo Jes\u00fas que \u201cel Hijo del hombre es se\u00f1or tambi\u00e9n del s\u00e1bado\u201d.<\/span><\/p>\n<p><span style=\"color: #000000; font-size: large;\">Dar cumplimiento a la ley no es suficiente (la palabra cumplimiento est\u00e1 compuesta por dos: \u201ccumplo\u201d y \u201cmiento\u201d). Estamos llamados a ir m\u00e1s all\u00e1. Si aceptamos que Jes\u00fas es el due\u00f1o del s\u00e1bado, y que \u00c9l nos invita a seguirle (como lo hicieron los disc\u00edpulos en la lectura), no podemos permitir que la observancia de una conducta exterior impida ese seguimiento, porque \u201cDios no ve como los hombres, que ven la apariencia; el Se\u00f1or ve el coraz\u00f3n\u201d.<\/span><\/p>\n<div style=\"padding-bottom:20px; padding-top:10px;\" class=\"hupso-share-buttons\"><!-- Hupso Share Buttons - https:\/\/www.hupso.com\/share\/ --><a class=\"hupso_toolbar\" href=\"https:\/\/www.hupso.com\/share\/\"><img src=\"http:\/\/static.hupso.com\/share\/buttons\/lang\/es\/share-medium.png\" style=\"border:0px; padding-top: 5px; float:left;\" alt=\"Share Button\"\/><\/a><script type=\"text\/javascript\">var hupso_services_t=new Array(\"Twitter\",\"Facebook\",\"Google Plus\",\"Pinterest\",\"Linkedin\",\"Email\",\"Print\");var hupso_background_t=\"#EAF4FF\";var hupso_border_t=\"#66CCFF\";var hupso_toolbar_size_t=\"medium\";var hupso_image_folder_url = \"\";var hupso_twitter_via=\"hectorops\";var hupso_url_t=\"\";var hupso_title_t=\"REFLEXI%C3%93N%20PARA%20EL%20MARTES%20DE%20LA%20SEGUNDA%20SEMANA%20DEL%20T.O.%2021-01-14\";<\/script><script type=\"text\/javascript\" src=\"http:\/\/static.hupso.com\/share\/js\/share_toolbar.js\"><\/script><!-- Hupso Share Buttons --><\/div>","protected":false},"excerpt":{"rendered":"<p>La primera lectura de hoy, tomada del primer libro de Samuel (16,1-13), nos narra la unci\u00f3n de David por parte de Samuel. En los pasados d\u00edas la liturgia nos ha narrado c\u00f3mo, a petici\u00f3n del pueblo, Samuel hab\u00eda ungido a &hellip; <a href=\"http:\/\/delamanodemaria.com\/?p=2806\">Continue reading <span class=\"meta-nav\">&rarr;<\/span><\/a><\/p>\n<div style=\"padding-bottom:20px; padding-top:10px;\" class=\"hupso-share-buttons\"><!-- Hupso Share Buttons - https:\/\/www.hupso.com\/share\/ --><a class=\"hupso_toolbar\" href=\"https:\/\/www.hupso.com\/share\/\"><img src=\"http:\/\/static.hupso.com\/share\/buttons\/lang\/es\/share-medium.png\" style=\"border:0px; padding-top: 5px; float:left;\" alt=\"Share Button\"\/><\/a><script type=\"text\/javascript\">var hupso_services_t=new Array(\"Twitter\",\"Facebook\",\"Google Plus\",\"Pinterest\",\"Linkedin\",\"Email\",\"Print\");var hupso_background_t=\"#EAF4FF\";var hupso_border_t=\"#66CCFF\";var hupso_toolbar_size_t=\"medium\";var hupso_image_folder_url = \"\";var hupso_twitter_via=\"hectorops\";var hupso_url_t=\"\";var hupso_title_t=\"REFLEXI%C3%93N%20PARA%20EL%20MARTES%20DE%20LA%20SEGUNDA%20SEMANA%20DEL%20T.O.%2021-01-14\";<\/script><script type=\"text\/javascript\" src=\"http:\/\/static.hupso.com\/share\/js\/share_toolbar.js\"><\/script><!-- Hupso Share Buttons --><\/div>","protected":false},"author":1,"featured_media":0,"comment_status":"open","ping_status":"open","sticky":false,"template":"","format":"standard","meta":{"jetpack_post_was_ever_published":false,"_jetpack_newsletter_access":"","_jetpack_newsletter_tier_id":0,"jetpack_publicize_message":"","jetpack_is_tweetstorm":false,"jetpack_publicize_feature_enabled":true,"jetpack_social_post_already_shared":true,"jetpack_social_options":{"image_generator_settings":{"template":"highway","enabled":false}}},"categories":[1],"tags":[30,370,204,384,267,189,2,303,277,424,425],"jetpack_publicize_connections":[],"jetpack_featured_media_url":"","jetpack_shortlink":"https:\/\/wp.me\/p3bBgS-Jg","jetpack_sharing_enabled":true,"jetpack_likes_enabled":true,"_links":{"self":[{"href":"http:\/\/delamanodemaria.com\/index.php?rest_route=\/wp\/v2\/posts\/2806"}],"collection":[{"href":"http:\/\/delamanodemaria.com\/index.php?rest_route=\/wp\/v2\/posts"}],"about":[{"href":"http:\/\/delamanodemaria.com\/index.php?rest_route=\/wp\/v2\/types\/post"}],"author":[{"embeddable":true,"href":"http:\/\/delamanodemaria.com\/index.php?rest_route=\/wp\/v2\/users\/1"}],"replies":[{"embeddable":true,"href":"http:\/\/delamanodemaria.com\/index.php?rest_route=%2Fwp%2Fv2%2Fcomments&post=2806"}],"version-history":[{"count":4,"href":"http:\/\/delamanodemaria.com\/index.php?rest_route=\/wp\/v2\/posts\/2806\/revisions"}],"predecessor-version":[{"id":2811,"href":"http:\/\/delamanodemaria.com\/index.php?rest_route=\/wp\/v2\/posts\/2806\/revisions\/2811"}],"wp:attachment":[{"href":"http:\/\/delamanodemaria.com\/index.php?rest_route=%2Fwp%2Fv2%2Fmedia&parent=2806"}],"wp:term":[{"taxonomy":"category","embeddable":true,"href":"http:\/\/delamanodemaria.com\/index.php?rest_route=%2Fwp%2Fv2%2Fcategories&post=2806"},{"taxonomy":"post_tag","embeddable":true,"href":"http:\/\/delamanodemaria.com\/index.php?rest_route=%2Fwp%2Fv2%2Ftags&post=2806"}],"curies":[{"name":"wp","href":"https:\/\/api.w.org\/{rel}","templated":true}]}}