{"id":2856,"date":"2014-01-22T08:48:40","date_gmt":"2014-01-22T12:48:40","guid":{"rendered":"http:\/\/delamanodemaria.com\/?p=2856"},"modified":"2014-01-22T08:48:40","modified_gmt":"2014-01-22T12:48:40","slug":"el-papa-parecia-un-sacerdote-normal-dice-joven-de-la-parroquia-del-sagrado-corazon","status":"publish","type":"post","link":"http:\/\/delamanodemaria.com\/?p=2856","title":{"rendered":"&#8220;El Papa parec\u00eda un sacerdote normal&#8221;, dice joven de la Parroquia del Sagrado Coraz\u00f3n"},"content":{"rendered":"<p><a href=\"http:\/\/delamanodemaria.com\/wp-content\/uploads\/2013\/10\/papa-francisco-lampedusaport.jpg\"><img decoding=\"async\" loading=\"lazy\" class=\"alignnone size-full wp-image-2062\" alt=\"papa-francisco-lampedusaport\" src=\"http:\/\/delamanodemaria.com\/wp-content\/uploads\/2013\/10\/papa-francisco-lampedusaport.jpg\" width=\"650\" height=\"339\" srcset=\"http:\/\/delamanodemaria.com\/wp-content\/uploads\/2013\/10\/papa-francisco-lampedusaport.jpg 650w, http:\/\/delamanodemaria.com\/wp-content\/uploads\/2013\/10\/papa-francisco-lampedusaport-300x156.jpg 300w, http:\/\/delamanodemaria.com\/wp-content\/uploads\/2013\/10\/papa-francisco-lampedusaport-500x260.jpg 500w\" sizes=\"(max-width: 650px) 100vw, 650px\" \/><\/a><\/p>\n<p>(Radio Vaticano).- C\u00e9sar es colombiano, tiene 28 a\u00f1os y el domingo pasado charl\u00f3 con el Papa en la Iglesia que frecuenta. El Obispo de Roma contin\u00faa con las visitas pastorales en la ciudad, esta vez fue en la Parroquia del Sagrado Coraz\u00f3n, en la zona de Castro Pretorio. All\u00ed C\u00e9sar y otros fieles le recibieron con los brazos abiertos y le hicieron sentirse \u201ccomo en familia\u201d. Escuchemos como vivi\u00f3 C\u00e9sar estos intensos momentos de la misa y del posterior encuentro con 150 j\u00f3venes de la parroquia. \u201cNos habl\u00f3 como si fu\u00e9ramos amigos, algo muy informal, se re\u00eda y nos cont\u00f3 muchas an\u00e9cdotas\u201d, recuerda C\u00e9sar. \u201cUna de mis amigas le dijo que en esta iglesia \u2018nos ensuci\u00e1bamos las manos\u2019 y le encant\u00f3 esa frase, la repiti\u00f3 muchas veces y dijo \u2018ese es el sentido de la Iglesia\u2019\u201d.<\/p>\n<p>Adem\u00e1s C\u00e9sar recuerda con mucho cari\u00f1o el momento cuando el coro cant\u00f3 canciones en espa\u00f1ol ya que \u00e9l mismo se las ense\u00f1\u00f3 a sus compa\u00f1eros para que el Papa las escuchara. \u201cParec\u00eda un sacerdote normal y corriente\u201d, asegura el fiel colombiano con una sonrisa en la boca. (MZ-RV)<\/p>\n<p>Tomado de: <a href=\"http:\/\/es.radiovaticana.va\/news\/2014\/01\/22\/el_papa_parec%C3%ADa_un_sacerdote_normal,_joven_de_la_parroquia_del\/spa-766235\">http:\/\/es.radiovaticana.va\/news\/2014\/01\/22\/el_papa_parec%C3%ADa_un_sacerdote_normal,_joven_de_la_parroquia_del\/spa-766235<\/a><\/p>\n<div style=\"padding-bottom:20px; padding-top:10px;\" class=\"hupso-share-buttons\"><!-- Hupso Share Buttons - https:\/\/www.hupso.com\/share\/ --><a class=\"hupso_toolbar\" href=\"https:\/\/www.hupso.com\/share\/\"><img src=\"http:\/\/static.hupso.com\/share\/buttons\/lang\/es\/share-medium.png\" style=\"border:0px; padding-top: 5px; float:left;\" alt=\"Share Button\"\/><\/a><script type=\"text\/javascript\">var hupso_services_t=new Array(\"Twitter\",\"Facebook\",\"Google Plus\",\"Pinterest\",\"Linkedin\",\"Email\",\"Print\");var hupso_background_t=\"#EAF4FF\";var hupso_border_t=\"#66CCFF\";var hupso_toolbar_size_t=\"medium\";var hupso_image_folder_url = \"\";var hupso_twitter_via=\"hectorops\";var hupso_url_t=\"\";var hupso_title_t=\"%22El%20Papa%20parec%C3%ADa%20un%20sacerdote%20normal%22%2C%20dice%20joven%20de%20la%20Parroquia%20del%20Sagrado%20Coraz%C3%B3n%20\";<\/script><script type=\"text\/javascript\" src=\"http:\/\/static.hupso.com\/share\/js\/share_toolbar.js\"><\/script><!-- Hupso Share Buttons --><\/div>","protected":false},"excerpt":{"rendered":"<p>(Radio Vaticano).- C\u00e9sar es colombiano, tiene 28 a\u00f1os y el domingo pasado charl\u00f3 con el Papa en la Iglesia que frecuenta. El Obispo de Roma contin\u00faa con las visitas pastorales en la ciudad, esta vez fue en la Parroquia del &hellip; <a href=\"http:\/\/delamanodemaria.com\/?p=2856\">Continue reading <span class=\"meta-nav\">&rarr;<\/span><\/a><\/p>\n<div style=\"padding-bottom:20px; padding-top:10px;\" class=\"hupso-share-buttons\"><!-- Hupso Share Buttons - https:\/\/www.hupso.com\/share\/ --><a class=\"hupso_toolbar\" href=\"https:\/\/www.hupso.com\/share\/\"><img src=\"http:\/\/static.hupso.com\/share\/buttons\/lang\/es\/share-medium.png\" style=\"border:0px; padding-top: 5px; float:left;\" alt=\"Share Button\"\/><\/a><script type=\"text\/javascript\">var hupso_services_t=new Array(\"Twitter\",\"Facebook\",\"Google Plus\",\"Pinterest\",\"Linkedin\",\"Email\",\"Print\");var hupso_background_t=\"#EAF4FF\";var hupso_border_t=\"#66CCFF\";var hupso_toolbar_size_t=\"medium\";var hupso_image_folder_url = \"\";var hupso_twitter_via=\"hectorops\";var hupso_url_t=\"\";var hupso_title_t=\"%22El%20Papa%20parec%C3%ADa%20un%20sacerdote%20normal%22%2C%20dice%20joven%20de%20la%20Parroquia%20del%20Sagrado%20Coraz%C3%B3n%20\";<\/script><script type=\"text\/javascript\" src=\"http:\/\/static.hupso.com\/share\/js\/share_toolbar.js\"><\/script><!-- Hupso Share Buttons --><\/div>","protected":false},"author":1,"featured_media":0,"comment_status":"open","ping_status":"open","sticky":false,"template":"","format":"standard","meta":{"jetpack_post_was_ever_published":false,"_jetpack_newsletter_access":"","_jetpack_newsletter_tier_id":0,"jetpack_publicize_message":"","jetpack_is_tweetstorm":false,"jetpack_publicize_feature_enabled":true,"jetpack_social_post_already_shared":true,"jetpack_social_options":{"image_generator_settings":{"template":"highway","enabled":false}}},"categories":[1],"tags":[35,6,11],"jetpack_publicize_connections":[],"jetpack_featured_media_url":"","jetpack_shortlink":"https:\/\/wp.me\/p3bBgS-K4","jetpack_sharing_enabled":true,"jetpack_likes_enabled":true,"_links":{"self":[{"href":"http:\/\/delamanodemaria.com\/index.php?rest_route=\/wp\/v2\/posts\/2856"}],"collection":[{"href":"http:\/\/delamanodemaria.com\/index.php?rest_route=\/wp\/v2\/posts"}],"about":[{"href":"http:\/\/delamanodemaria.com\/index.php?rest_route=\/wp\/v2\/types\/post"}],"author":[{"embeddable":true,"href":"http:\/\/delamanodemaria.com\/index.php?rest_route=\/wp\/v2\/users\/1"}],"replies":[{"embeddable":true,"href":"http:\/\/delamanodemaria.com\/index.php?rest_route=%2Fwp%2Fv2%2Fcomments&post=2856"}],"version-history":[{"count":1,"href":"http:\/\/delamanodemaria.com\/index.php?rest_route=\/wp\/v2\/posts\/2856\/revisions"}],"predecessor-version":[{"id":2857,"href":"http:\/\/delamanodemaria.com\/index.php?rest_route=\/wp\/v2\/posts\/2856\/revisions\/2857"}],"wp:attachment":[{"href":"http:\/\/delamanodemaria.com\/index.php?rest_route=%2Fwp%2Fv2%2Fmedia&parent=2856"}],"wp:term":[{"taxonomy":"category","embeddable":true,"href":"http:\/\/delamanodemaria.com\/index.php?rest_route=%2Fwp%2Fv2%2Fcategories&post=2856"},{"taxonomy":"post_tag","embeddable":true,"href":"http:\/\/delamanodemaria.com\/index.php?rest_route=%2Fwp%2Fv2%2Ftags&post=2856"}],"curies":[{"name":"wp","href":"https:\/\/api.w.org\/{rel}","templated":true}]}}