{"id":2871,"date":"2014-01-24T23:13:06","date_gmt":"2014-01-25T03:13:06","guid":{"rendered":"http:\/\/delamanodemaria.com\/?p=2871"},"modified":"2014-01-24T23:13:54","modified_gmt":"2014-01-25T03:13:54","slug":"reflexion-para-la-fiesta-de-la-conversion-de-san-pablo-25-01-14","status":"publish","type":"post","link":"http:\/\/delamanodemaria.com\/?p=2871","title":{"rendered":"REFLEXI\u00d3N PARA LA FIESTA DE LA CONVERSI\u00d3N DE SAN PABLO 25-01-14"},"content":{"rendered":"<p><a href=\"http:\/\/delamanodemaria.com\/wp-content\/uploads\/2014\/01\/conversion-de-san-pablo.jpg\"><img decoding=\"async\" loading=\"lazy\" class=\"wp-image-2872 aligncenter\" alt=\"conversion de san pablo\" src=\"http:\/\/delamanodemaria.com\/wp-content\/uploads\/2014\/01\/conversion-de-san-pablo.jpg\" width=\"512\" height=\"409\" \/><\/a><\/p>\n<p><span style=\"color: #000000; font-size: large;\">Hoy celebramos la Fiesta lit\u00fargica de la Conversi\u00f3n de san Pablo. Y la liturgia nos ofrece como primera lectura la narraci\u00f3n de Pablo de su propia conversi\u00f3n (Hc 22,3-16). Como lectura alterna, se nos ofrece el mismo relato desde la perspectiva del narrador (Hc 9,1-22).<\/span><\/p>\n<p><span style=\"color: #000000; font-size: large;\">El relato de la conversi\u00f3n de san Pablo es tan denso, y lleno de simbolismo, que resulta imposible pretender analizarlo en el poco espacio disponible.<\/span><\/p>\n<p><span style=\"color: #000000; font-size: large;\">Nos limitaremos a preguntar: \u00bfQu\u00e9 ocurri\u00f3 en ese instante, en esa fracci\u00f3n de segundo que pudo haber durado ese rayo improviso, enceguecedor que hasta le hizo caer en tierra?\u00a0 Se trat\u00f3 sin duda de una de esas experiencias que cambian nuestras vidas y que, por su intensidad, resultan inenarrables; esas experiencias que producen la verdadera metanoia, palabra griega que se traduce como conversi\u00f3n, y se refiere a ese movimiento interior que solo puede surgir en una persona que tiene un encuentro \u00edntimo con Cristo. \u201cMetanoia\u201d se refiere literalmente a una situaci\u00f3n en que un caminante ha tenido que volverse del camino en que andaba y tomar otra direcci\u00f3n. Se trata de morir al hombre viejo para resucitar a una vida nueva en Cristo Jes\u00fas (Cfr. Rm 1,4).<\/span><\/p>\n<p><span style=\"color: #000000; font-size: large;\">En teolog\u00eda, esta metanoia se asocia al arrepentimiento, mas no un arrepentimiento que denota culpa o remordimiento; sino que es producto de una transformaci\u00f3n en lo m\u00e1s profundo de nuestro ser, en nuestra relaci\u00f3n con Dios, con nuestro pr\u00f3jimo y nosotros mismos, iluminados y ayudados por la gracia divina.<\/span><\/p>\n<p><span style=\"color: #000000; font-size: large;\">Este encuentro fue el que le cambi\u00f3 radicalmente la existencia a Pablo.\u00a0 En el camino de Damasco Saulo se convirti\u00f3 porque, gracias a la luz divina, \u201ccrey\u00f3 en el evangelio\u201d. En esto consisti\u00f3 su conversi\u00f3n y la nuestra: en creer en Jes\u00fas muerto y resucitado, y en abrirse a la iluminaci\u00f3n de su gracia divina. \u00a0En aquel momento Saulo comprendi\u00f3 que su salvaci\u00f3n no depend\u00eda de las obras buenas realizadas seg\u00fan la ley, sino del hecho de que Jes\u00fas, por amor, hab\u00eda muerto tambi\u00e9n por \u00e9l, el perseguidor, y hab\u00eda resucitado.<\/span><\/p>\n<p><span style=\"color: #000000; font-size: large;\">Pablo de Tarso era un hombre bueno; un buen jud\u00edo; temeroso de Dios, observante de la ley; un verdadero fariseo. Pero nunca hab\u00eda tenido un encuentro con el Resucitado; nunca hab\u00eda experimentado ese Amor indescriptible.<\/span><\/p>\n<p><span style=\"color: #000000; font-size: large;\">Cuando nos enfrentamos a esa Verdad, que gracias al bautismo ilumina la existencia de todo cristiano, cambia completamente nuestro modo de vivir.\u00a0 Convertirse significa, tambi\u00e9n para cada uno de nosotros, creer que Jes\u00fas \u201cse entreg\u00f3 a s\u00ed mismo por m\u00ed\u201d, muriendo en la Cruz (Cfr. Ga 2, 20) y, resucitado, vive conmigo y en m\u00ed; s\u00ed, contigo y en ti.<\/span><\/p>\n<p><span style=\"color: #000000; font-size: large;\">Todo el que se \u201cconvierte\u201d, todo el que ha tenido un encuentro personal con Jes\u00fas y ha experimentado su Amor infinito, tiene que comunicarlo a otros, tiene que compartir esa experiencia. Por eso Pablo, tan pronto fue bautizado, se aliment\u00f3 y recuper\u00f3 las fuerzas, \u201cen seguida se puso a predicar a Jes\u00fas en las sinagogas: que \u00c9l era el Hijo de Dios\u201d (Hc 9,19).<\/span><\/p>\n<p><span style=\"color: #000000; font-size: large;\">Hoy, en la fiesta de la Conversi\u00f3n de san Pablo, pidamos al Se\u00f1or que derrame su Santo Esp\u00edritu sobre nosotros, para que podamos tener una profunda experiencia de conversi\u00f3n y de encuentro \u00edntimo con \u00c9l, como la que tuvo Saulo en el camino de Damasco.<\/span><\/p>\n<div style=\"padding-bottom:20px; padding-top:10px;\" class=\"hupso-share-buttons\"><!-- Hupso Share Buttons - https:\/\/www.hupso.com\/share\/ --><a class=\"hupso_toolbar\" href=\"https:\/\/www.hupso.com\/share\/\"><img src=\"http:\/\/static.hupso.com\/share\/buttons\/lang\/es\/share-medium.png\" style=\"border:0px; padding-top: 5px; float:left;\" alt=\"Share Button\"\/><\/a><script type=\"text\/javascript\">var hupso_services_t=new Array(\"Twitter\",\"Facebook\",\"Google Plus\",\"Pinterest\",\"Linkedin\",\"Email\",\"Print\");var hupso_background_t=\"#EAF4FF\";var hupso_border_t=\"#66CCFF\";var hupso_toolbar_size_t=\"medium\";var hupso_image_folder_url = \"\";var hupso_twitter_via=\"hectorops\";var hupso_url_t=\"\";var hupso_title_t=\"REFLEXI%C3%93N%20PARA%20LA%20FIESTA%20DE%20LA%20CONVERSI%C3%93N%20DE%20SAN%20PABLO%2025-01-14\";<\/script><script type=\"text\/javascript\" src=\"http:\/\/static.hupso.com\/share\/js\/share_toolbar.js\"><\/script><!-- Hupso Share Buttons --><\/div>","protected":false},"excerpt":{"rendered":"<p>Hoy celebramos la Fiesta lit\u00fargica de la Conversi\u00f3n de san Pablo. Y la liturgia nos ofrece como primera lectura la narraci\u00f3n de Pablo de su propia conversi\u00f3n (Hc 22,3-16). Como lectura alterna, se nos ofrece el mismo relato desde la &hellip; <a href=\"http:\/\/delamanodemaria.com\/?p=2871\">Continue reading <span class=\"meta-nav\">&rarr;<\/span><\/a><\/p>\n<div style=\"padding-bottom:20px; padding-top:10px;\" class=\"hupso-share-buttons\"><!-- Hupso Share Buttons - https:\/\/www.hupso.com\/share\/ --><a class=\"hupso_toolbar\" href=\"https:\/\/www.hupso.com\/share\/\"><img src=\"http:\/\/static.hupso.com\/share\/buttons\/lang\/es\/share-medium.png\" style=\"border:0px; padding-top: 5px; float:left;\" alt=\"Share Button\"\/><\/a><script type=\"text\/javascript\">var hupso_services_t=new Array(\"Twitter\",\"Facebook\",\"Google Plus\",\"Pinterest\",\"Linkedin\",\"Email\",\"Print\");var hupso_background_t=\"#EAF4FF\";var hupso_border_t=\"#66CCFF\";var hupso_toolbar_size_t=\"medium\";var hupso_image_folder_url = \"\";var hupso_twitter_via=\"hectorops\";var hupso_url_t=\"\";var hupso_title_t=\"REFLEXI%C3%93N%20PARA%20LA%20FIESTA%20DE%20LA%20CONVERSI%C3%93N%20DE%20SAN%20PABLO%2025-01-14\";<\/script><script type=\"text\/javascript\" src=\"http:\/\/static.hupso.com\/share\/js\/share_toolbar.js\"><\/script><!-- Hupso Share Buttons --><\/div>","protected":false},"author":1,"featured_media":0,"comment_status":"open","ping_status":"open","sticky":false,"template":"","format":"standard","meta":{"jetpack_post_was_ever_published":false,"_jetpack_newsletter_access":"","_jetpack_newsletter_tier_id":0,"jetpack_publicize_message":"","jetpack_is_tweetstorm":false,"jetpack_publicize_feature_enabled":true,"jetpack_social_post_already_shared":true,"jetpack_social_options":{"image_generator_settings":{"template":"highway","enabled":false}}},"categories":[1],"tags":[30,25,12,57,200,96,79,431,418,36],"jetpack_publicize_connections":[],"jetpack_featured_media_url":"","jetpack_shortlink":"https:\/\/wp.me\/p3bBgS-Kj","jetpack_sharing_enabled":true,"jetpack_likes_enabled":true,"_links":{"self":[{"href":"http:\/\/delamanodemaria.com\/index.php?rest_route=\/wp\/v2\/posts\/2871"}],"collection":[{"href":"http:\/\/delamanodemaria.com\/index.php?rest_route=\/wp\/v2\/posts"}],"about":[{"href":"http:\/\/delamanodemaria.com\/index.php?rest_route=\/wp\/v2\/types\/post"}],"author":[{"embeddable":true,"href":"http:\/\/delamanodemaria.com\/index.php?rest_route=\/wp\/v2\/users\/1"}],"replies":[{"embeddable":true,"href":"http:\/\/delamanodemaria.com\/index.php?rest_route=%2Fwp%2Fv2%2Fcomments&post=2871"}],"version-history":[{"count":1,"href":"http:\/\/delamanodemaria.com\/index.php?rest_route=\/wp\/v2\/posts\/2871\/revisions"}],"predecessor-version":[{"id":2873,"href":"http:\/\/delamanodemaria.com\/index.php?rest_route=\/wp\/v2\/posts\/2871\/revisions\/2873"}],"wp:attachment":[{"href":"http:\/\/delamanodemaria.com\/index.php?rest_route=%2Fwp%2Fv2%2Fmedia&parent=2871"}],"wp:term":[{"taxonomy":"category","embeddable":true,"href":"http:\/\/delamanodemaria.com\/index.php?rest_route=%2Fwp%2Fv2%2Fcategories&post=2871"},{"taxonomy":"post_tag","embeddable":true,"href":"http:\/\/delamanodemaria.com\/index.php?rest_route=%2Fwp%2Fv2%2Ftags&post=2871"}],"curies":[{"name":"wp","href":"https:\/\/api.w.org\/{rel}","templated":true}]}}