{"id":2878,"date":"2014-01-26T09:46:53","date_gmt":"2014-01-26T13:46:53","guid":{"rendered":"http:\/\/delamanodemaria.com\/?p=2878"},"modified":"2014-01-26T10:11:45","modified_gmt":"2014-01-26T14:11:45","slug":"reflexion-para-el-tercer-domingo-del-t-o-26-01-14","status":"publish","type":"post","link":"http:\/\/delamanodemaria.com\/?p=2878","title":{"rendered":"REFLEXI\u00d3N PARA EL TERCER DOMINGO DEL T.O. (A) 26-01-14"},"content":{"rendered":"<p><a href=\"http:\/\/delamanodemaria.com\/wp-content\/uploads\/2014\/01\/Pescadores-de-hombres-3-sm.jpg\"><img decoding=\"async\" loading=\"lazy\" class=\"alignnone size-full wp-image-2880\" alt=\"Pescadores de hombres 3 sm\" src=\"http:\/\/delamanodemaria.com\/wp-content\/uploads\/2014\/01\/Pescadores-de-hombres-3-sm.jpg\" width=\"605\" height=\"404\" srcset=\"http:\/\/delamanodemaria.com\/wp-content\/uploads\/2014\/01\/Pescadores-de-hombres-3-sm.jpg 605w, http:\/\/delamanodemaria.com\/wp-content\/uploads\/2014\/01\/Pescadores-de-hombres-3-sm-300x200.jpg 300w, http:\/\/delamanodemaria.com\/wp-content\/uploads\/2014\/01\/Pescadores-de-hombres-3-sm-449x300.jpg 449w\" sizes=\"(max-width: 605px) 100vw, 605px\" \/><\/a><\/p>\n<p><span style=\"color: #000000; font-size: large;\">El relato evang\u00e9lico que la liturgia dispone para este tercer domingo del tiempo ordinario\u00a0 (Mt 4,18-23), nos narra la vocaci\u00f3n de los primeros disc\u00edpulos, \u201cSim\u00f3n, al que llaman Pedro, y Andr\u00e9s, su hermano\u201d, y \u201ca otros dos hermanos, a Santiago, hijo de Zebedeo, y a Juan\u201d todos pescadores en el mar de Galilea. En ocasiones anteriores hemos dicho que la palabra vocaci\u00f3n viene del verbo latino \u201cvocare\u201d, que quiere decir llamar. As\u00ed, la vocaci\u00f3n es un llamado, en este caso de parte de Jes\u00fas.<\/span><\/p>\n<p><span style=\"color: #000000; font-size: large;\">Esto ocurr\u00eda en Galilea, en donde Jes\u00fas se hab\u00eda establecido luego del arresto de Juan Bautista, dando cumplimiento a la profec\u00eda de Isaac que contemplamos hoy como primera lectura (Is 8,23b\u20139,3). Se estableci\u00f3 en territorio pagano para comenzar su misi\u00f3n de llevar la Buena Noticia del Reino todas las naciones: \u201cConvert\u00edos, porque est\u00e1 cerca el reino de los cielos\u201d. \u00c9l es consciente que la tarea es dif\u00edcil y su tiempo es corto. Por eso necesita formar un equipo de trabajo, escoger unos colaboradores que le ayuden en su tarea, y la contin\u00faen una vez \u00c9l haya regresado al Padre.<\/span><\/p>\n<p><span style=\"color: #000000; font-size: large;\">Los llamados de Jes\u00fas siempre son directos, sin rodeos, al grano. \u201cVenid y seguidme, y os har\u00e9 pescadores de hombres\u201d. Una mirada penetrante y una palabra o una frase; imposible de resistir. Siempre que leo la vocaci\u00f3n de cada uno de los ap\u00f3stoles trato de imaginar los ojos, la mirada de Jes\u00fas, y la firmeza de su voz. Y se me eriza la piel. Por eso la respuesta de los disc\u00edpulos es inmediata y se traduce en acci\u00f3n, no en palabras. Nos dice la lectura que Andr\u00e9s y Sim\u00f3n, \u201cinmediatamente dejaron las redes y lo siguieron\u201d. En cuanto a los hijos de Zebedeo nos dice la lectura que \u201cinmediatamente dejaron la barca y a su padre y lo siguieron\u201d. En estos \u00faltimos vemos, no solo la inmediatez del seguimiento, sino tambi\u00e9n la radicalidad del mismo. Dejaron, no solo la barca, sino a su padre tambi\u00e9n. \u201cCualquiera que venga a m\u00ed y no me ame m\u00e1s que a su padre y a su madre, a su mujer y a sus hijos, a sus hermanos y hermanas, y hasta a su propia vida, no puede ser mi disc\u00edpulo\u201d (Lc 14,26; Mt 10,37). Dejarlo todo con tal de seguir a Jes\u00fas.<\/span><\/p>\n<p><span style=\"color: #000000; font-size: large;\">Mateo utiliza el lenguaje de la pesca en el escenario del mar de Galilea, y la frase \u201cpescadores de hombres\u201d con miras al objetivo de su relato evang\u00e9lico, dirigido a los jud\u00edos que se hab\u00edan convertido al cristianismo, con el prop\u00f3sito de demostrar que Jes\u00fas es el mes\u00edas prometido en quien se cumplen todas las profec\u00edas del Antiguo Testamento. As\u00ed, alude tambi\u00e9n a la profec\u00eda de Ezequiel, que utiliza la met\u00e1fora del mar, la pesca abundante y la variedad de peces (Ez 47,8-10) para significar la misi\u00f3n prof\u00e9tica a la que Jes\u00fas llama a sus disc\u00edpulos, dirigida a convertir a todos, jud\u00edos y paganos.<\/span><\/p>\n<p><span style=\"color: #000000; font-size: large;\">Hoy Jes\u00fas, a trav\u00e9s del papa Francsico, nos llama a ser \u201cpescadores de hombres\u201d en un ambiente no muy distinto al de la Galilea de tiempos de Jes\u00fas. Y la respesta que \u00c9l espera de nosotros no es una palabra, ni una explicaci\u00f3n o excusa (Cfr. Lc 9,59-61); es una acci\u00f3n, como la del mismo Mateo, quien cuando Jes\u00fas le dijo: \u201cs\u00edgueme\u201d, \u201cdej\u00e1ndolo todo, se levant\u00f3 y lo sigui\u00f3\u201d (Lc 5,27; Mt 9,9; Mc 2,14). \u00bfCu\u00e1l va ser tu respuesta?<\/span><\/p>\n<div style=\"padding-bottom:20px; padding-top:10px;\" class=\"hupso-share-buttons\"><!-- Hupso Share Buttons - https:\/\/www.hupso.com\/share\/ --><a class=\"hupso_toolbar\" href=\"https:\/\/www.hupso.com\/share\/\"><img src=\"http:\/\/static.hupso.com\/share\/buttons\/lang\/es\/share-medium.png\" style=\"border:0px; padding-top: 5px; float:left;\" alt=\"Share Button\"\/><\/a><script type=\"text\/javascript\">var hupso_services_t=new Array(\"Twitter\",\"Facebook\",\"Google Plus\",\"Pinterest\",\"Linkedin\",\"Email\",\"Print\");var hupso_background_t=\"#EAF4FF\";var hupso_border_t=\"#66CCFF\";var hupso_toolbar_size_t=\"medium\";var hupso_image_folder_url = \"\";var hupso_twitter_via=\"hectorops\";var hupso_url_t=\"\";var hupso_title_t=\"REFLEXI%C3%93N%20PARA%20EL%20TERCER%20DOMINGO%20DEL%20T.O.%20%28A%29%2026-01-14\";<\/script><script type=\"text\/javascript\" src=\"http:\/\/static.hupso.com\/share\/js\/share_toolbar.js\"><\/script><!-- Hupso Share Buttons --><\/div>","protected":false},"excerpt":{"rendered":"<p>El relato evang\u00e9lico que la liturgia dispone para este tercer domingo del tiempo ordinario\u00a0 (Mt 4,18-23), nos narra la vocaci\u00f3n de los primeros disc\u00edpulos, \u201cSim\u00f3n, al que llaman Pedro, y Andr\u00e9s, su hermano\u201d, y \u201ca otros dos hermanos, a Santiago, &hellip; <a href=\"http:\/\/delamanodemaria.com\/?p=2878\">Continue reading <span class=\"meta-nav\">&rarr;<\/span><\/a><\/p>\n<div style=\"padding-bottom:20px; padding-top:10px;\" class=\"hupso-share-buttons\"><!-- Hupso Share Buttons - https:\/\/www.hupso.com\/share\/ --><a class=\"hupso_toolbar\" href=\"https:\/\/www.hupso.com\/share\/\"><img src=\"http:\/\/static.hupso.com\/share\/buttons\/lang\/es\/share-medium.png\" style=\"border:0px; padding-top: 5px; float:left;\" alt=\"Share Button\"\/><\/a><script type=\"text\/javascript\">var hupso_services_t=new Array(\"Twitter\",\"Facebook\",\"Google Plus\",\"Pinterest\",\"Linkedin\",\"Email\",\"Print\");var hupso_background_t=\"#EAF4FF\";var hupso_border_t=\"#66CCFF\";var hupso_toolbar_size_t=\"medium\";var hupso_image_folder_url = \"\";var hupso_twitter_via=\"hectorops\";var hupso_url_t=\"\";var hupso_title_t=\"REFLEXI%C3%93N%20PARA%20EL%20TERCER%20DOMINGO%20DEL%20T.O.%20%28A%29%2026-01-14\";<\/script><script type=\"text\/javascript\" src=\"http:\/\/static.hupso.com\/share\/js\/share_toolbar.js\"><\/script><!-- Hupso Share Buttons --><\/div>","protected":false},"author":1,"featured_media":0,"comment_status":"open","ping_status":"open","sticky":false,"template":"","format":"standard","meta":{"jetpack_post_was_ever_published":false,"_jetpack_newsletter_access":"","_jetpack_newsletter_tier_id":0,"jetpack_publicize_message":"","jetpack_is_tweetstorm":false,"jetpack_publicize_feature_enabled":true,"jetpack_social_post_already_shared":true,"jetpack_social_options":{"image_generator_settings":{"template":"highway","enabled":false}}},"categories":[1],"tags":[89,105,12,70,200,96,227,112,432,202,97,144,199],"jetpack_publicize_connections":[],"jetpack_featured_media_url":"","jetpack_shortlink":"https:\/\/wp.me\/p3bBgS-Kq","jetpack_sharing_enabled":true,"jetpack_likes_enabled":true,"_links":{"self":[{"href":"http:\/\/delamanodemaria.com\/index.php?rest_route=\/wp\/v2\/posts\/2878"}],"collection":[{"href":"http:\/\/delamanodemaria.com\/index.php?rest_route=\/wp\/v2\/posts"}],"about":[{"href":"http:\/\/delamanodemaria.com\/index.php?rest_route=\/wp\/v2\/types\/post"}],"author":[{"embeddable":true,"href":"http:\/\/delamanodemaria.com\/index.php?rest_route=\/wp\/v2\/users\/1"}],"replies":[{"embeddable":true,"href":"http:\/\/delamanodemaria.com\/index.php?rest_route=%2Fwp%2Fv2%2Fcomments&post=2878"}],"version-history":[{"count":3,"href":"http:\/\/delamanodemaria.com\/index.php?rest_route=\/wp\/v2\/posts\/2878\/revisions"}],"predecessor-version":[{"id":2883,"href":"http:\/\/delamanodemaria.com\/index.php?rest_route=\/wp\/v2\/posts\/2878\/revisions\/2883"}],"wp:attachment":[{"href":"http:\/\/delamanodemaria.com\/index.php?rest_route=%2Fwp%2Fv2%2Fmedia&parent=2878"}],"wp:term":[{"taxonomy":"category","embeddable":true,"href":"http:\/\/delamanodemaria.com\/index.php?rest_route=%2Fwp%2Fv2%2Fcategories&post=2878"},{"taxonomy":"post_tag","embeddable":true,"href":"http:\/\/delamanodemaria.com\/index.php?rest_route=%2Fwp%2Fv2%2Ftags&post=2878"}],"curies":[{"name":"wp","href":"https:\/\/api.w.org\/{rel}","templated":true}]}}