{"id":2886,"date":"2014-01-26T21:17:51","date_gmt":"2014-01-27T01:17:51","guid":{"rendered":"http:\/\/delamanodemaria.com\/?p=2886"},"modified":"2014-01-26T22:00:38","modified_gmt":"2014-01-27T02:00:38","slug":"reflexion-para-el-lunes-de-la-tercera-semana-del-t-o-27-01-13","status":"publish","type":"post","link":"http:\/\/delamanodemaria.com\/?p=2886","title":{"rendered":"REFLEXI\u00d3N PARA EL LUNES DE LA TERCERA SEMANA DEL T.O. 27-01-13"},"content":{"rendered":"<p><a href=\"http:\/\/delamanodemaria.com\/wp-content\/uploads\/2014\/01\/El-que-blasfeme-contra-el-Esp\u00edritu-Santo-no-tendr\u00e1-perd\u00f3n-nunca.jpg\"><img decoding=\"async\" loading=\"lazy\" class=\"alignnone size-full wp-image-2887\" alt=\"El-que-blasfeme-contra-el-Esp\u00edritu-Santo-no-tendr\u00e1-perd\u00f3n-nunca\" src=\"http:\/\/delamanodemaria.com\/wp-content\/uploads\/2014\/01\/El-que-blasfeme-contra-el-Esp\u00edritu-Santo-no-tendr\u00e1-perd\u00f3n-nunca.jpg\" width=\"600\" height=\"321\" srcset=\"http:\/\/delamanodemaria.com\/wp-content\/uploads\/2014\/01\/El-que-blasfeme-contra-el-Esp\u00edritu-Santo-no-tendr\u00e1-perd\u00f3n-nunca.jpg 600w, http:\/\/delamanodemaria.com\/wp-content\/uploads\/2014\/01\/El-que-blasfeme-contra-el-Esp\u00edritu-Santo-no-tendr\u00e1-perd\u00f3n-nunca-300x160.jpg 300w, http:\/\/delamanodemaria.com\/wp-content\/uploads\/2014\/01\/El-que-blasfeme-contra-el-Esp\u00edritu-Santo-no-tendr\u00e1-perd\u00f3n-nunca-500x267.jpg 500w\" sizes=\"(max-width: 600px) 100vw, 600px\" \/><\/a><\/p>\n<p><span style=\"color: #000000; font-size: large;\">La primera lectura de hoy (2 Sam 5,1-7.10) contin\u00faa narr\u00e1ndonos la historia de David, y nos presenta el pacto que hicieron con \u00e9l los ancianos de Israel, ungi\u00e9ndolo como su rey: \u201cTodos los ancianos de Israel fueron a Hebr\u00f3n a ver al rey, y el rey David hizo con ellos un pacto en Hebr\u00f3n, en presencia del Se\u00f1or, y ellos ungieron a David como rey de Israel\u201d.<\/span><\/p>\n<p><span style=\"color: #000000; font-size: large;\">El pasaje nos narra, adem\u00e1s, c\u00f3mo David logr\u00f3 unificar todas las tribus de Israel, convirti\u00e9ndose en el primero en gobernar efectivamente sobre ambos reinos, el del Norte (Israel) y el del Sur (Jud\u00e1), que hasta entonces hab\u00edan estado divididos: \u201cen Jerusal\u00e9n rein\u00f3 treinta y tres a\u00f1os sobre Israel y Jud\u00e1\u201d. David fue quien conquist\u00f3 la ciudad de Jerusal\u00e9n y el monte Si\u00f3n, en donde a\u00fan permanecen sus restos. \u201cMi fidelidad y misericordia lo acompa\u00f1ar\u00e1n, por mi nombre crecer\u00e1 su poder: extender\u00e9 su izquierda hasta el mar, y su derecha hasta el Gran R\u00edo\u201d (Sal 88).<\/span><\/p>\n<p><span style=\"color: #000000; font-size: large;\">\u201cUn reino en guerra civil no puede subsistir; una familia dividida no puede subsistir\u201d. Esas palabras las pronuncia Jes\u00fas en la per\u00edcopa que nos narra el Evangelio de hoy (Mc 3,22-30), cuando los escribas le acusan de expulsar demonios \u201ccon el poder del jefe de los demonios\u201d.<\/span><\/p>\n<p><span style=\"color: #000000; font-size: large;\">Jes\u00fas contrapone la figura del reino dividido de Satan\u00e1s (\u201cSi Satan\u00e1s se rebela contra s\u00ed mismo, para hacerse la guerra, no puede subsistir, est\u00e1 perdido\u201d) con la figura del Reino que \u00c9l ha venido a instaurar en donde la constante es el perd\u00f3n, la dulzura (\u201cCreedme, todo se les podr\u00e1 perdonar a los hombres: los pecados y cualquier blasfemia que digan\u201d). Es entonces que Jes\u00fas pronuncia esa frase que resulta controversial para muchos: \u201cpero el que blasfeme contra el Esp\u00edritu Santo no tendr\u00e1 perd\u00f3n jam\u00e1s, cargar\u00e1 con su pecado para siempre\u201d. Esta frase, tan fuerte, se recoge en los tres evangelios sin\u00f3pticos (Mt 12,32; Mc 3,29; Lc 12,10)<\/span><\/p>\n<p><span style=\"color: #000000; font-size: large;\">\u00bfNo acaba de decir que \u201ctodo se les podr\u00e1 perdonar a los hombres: los pecados y cualquier blasfemia que digan\u201d? \u00bfA qu\u00e9 se refiere con \u201cblasfemia contra el Esp\u00edritu Santo\u201d? El Catecismo de la Iglesia Cat\u00f3lica (1864) nos dice que: \u201cquien se niega deliberadamente a acoger la misericordia de Dios mediante el arrepentimiento rechaza el perd\u00f3n de sus pecados y la salvaci\u00f3n ofrecida por el Esp\u00edritu Santo. Semejante endurecimiento puede conducir a la condenaci\u00f3n final y a la perdici\u00f3n eterna\u201d. Es obvio, Dios no puede perdonar a quien no acepta su perd\u00f3n. El Esp\u00edritu Santo es quien nos permite reconocer nuestros pecados, hacer acto de contrici\u00f3n y pedir el perd\u00f3n de los mismos, y es por Su poder que esos pecados son perdonados (Cfr. Jn 20,22-23).<\/span><\/p>\n<p><span style=\"color: #000000; font-size: large;\">Los fariseos del pasaje que contemplamos hoy blasfemaban contra el Esp\u00edritu Santo al atribuir al poder de Satan\u00e1s los milagros y portentos que Jes\u00fas suscitaba en virtud de su propia divinidad y por la operaci\u00f3n del Esp\u00edritu Santo, cuyo poder se negaban a reconocer. Esa actitud obstinada e impenitente les imped\u00eda recibir el perd\u00f3n de sus pecados, con lo que compraban su condenaci\u00f3n.<\/span><\/p>\n<p><span style=\"color: #000000; font-size: large;\">Se\u00f1or, ay\u00fadanos a ser d\u00f3ciles a la voz de tu Santo Esp\u00edritu para que podamos reconocer nuestros pecados, conscientes de que mediante Su poder, acudiendo al sacramento de la reconciliaci\u00f3n, podemos recibir el perd\u00f3n de los mismos.<\/span><\/p>\n<div style=\"padding-bottom:20px; padding-top:10px;\" class=\"hupso-share-buttons\"><!-- Hupso Share Buttons - https:\/\/www.hupso.com\/share\/ --><a class=\"hupso_toolbar\" href=\"https:\/\/www.hupso.com\/share\/\"><img src=\"http:\/\/static.hupso.com\/share\/buttons\/lang\/es\/share-medium.png\" style=\"border:0px; padding-top: 5px; float:left;\" alt=\"Share Button\"\/><\/a><script type=\"text\/javascript\">var hupso_services_t=new Array(\"Twitter\",\"Facebook\",\"Google Plus\",\"Pinterest\",\"Linkedin\",\"Email\",\"Print\");var hupso_background_t=\"#EAF4FF\";var hupso_border_t=\"#66CCFF\";var hupso_toolbar_size_t=\"medium\";var hupso_image_folder_url = \"\";var hupso_twitter_via=\"hectorops\";var hupso_url_t=\"\";var hupso_title_t=\"REFLEXI%C3%93N%20PARA%20EL%20LUNES%20DE%20LA%20TERCERA%20SEMANA%20DEL%20T.O.%2027-01-13\";<\/script><script type=\"text\/javascript\" src=\"http:\/\/static.hupso.com\/share\/js\/share_toolbar.js\"><\/script><!-- Hupso Share Buttons --><\/div>","protected":false},"excerpt":{"rendered":"<p>La primera lectura de hoy (2 Sam 5,1-7.10) contin\u00faa narr\u00e1ndonos la historia de David, y nos presenta el pacto que hicieron con \u00e9l los ancianos de Israel, ungi\u00e9ndolo como su rey: \u201cTodos los ancianos de Israel fueron a Hebr\u00f3n a &hellip; <a href=\"http:\/\/delamanodemaria.com\/?p=2886\">Continue reading <span class=\"meta-nav\">&rarr;<\/span><\/a><\/p>\n<div style=\"padding-bottom:20px; padding-top:10px;\" class=\"hupso-share-buttons\"><!-- Hupso Share Buttons - https:\/\/www.hupso.com\/share\/ --><a class=\"hupso_toolbar\" href=\"https:\/\/www.hupso.com\/share\/\"><img src=\"http:\/\/static.hupso.com\/share\/buttons\/lang\/es\/share-medium.png\" style=\"border:0px; padding-top: 5px; float:left;\" alt=\"Share Button\"\/><\/a><script type=\"text\/javascript\">var hupso_services_t=new Array(\"Twitter\",\"Facebook\",\"Google Plus\",\"Pinterest\",\"Linkedin\",\"Email\",\"Print\");var hupso_background_t=\"#EAF4FF\";var hupso_border_t=\"#66CCFF\";var hupso_toolbar_size_t=\"medium\";var hupso_image_folder_url = \"\";var hupso_twitter_via=\"hectorops\";var hupso_url_t=\"\";var hupso_title_t=\"REFLEXI%C3%93N%20PARA%20EL%20LUNES%20DE%20LA%20TERCERA%20SEMANA%20DEL%20T.O.%2027-01-13\";<\/script><script type=\"text\/javascript\" src=\"http:\/\/static.hupso.com\/share\/js\/share_toolbar.js\"><\/script><!-- Hupso Share Buttons --><\/div>","protected":false},"author":1,"featured_media":0,"comment_status":"open","ping_status":"open","sticky":false,"template":"","format":"standard","meta":{"jetpack_post_was_ever_published":false,"_jetpack_newsletter_access":"","_jetpack_newsletter_tier_id":0,"jetpack_publicize_message":"","jetpack_is_tweetstorm":false,"jetpack_publicize_feature_enabled":true,"jetpack_social_post_already_shared":true,"jetpack_social_options":{"image_generator_settings":{"template":"highway","enabled":false}}},"categories":[1],"tags":[433,435,370,384,29,212,386,67,15,2,82,434],"jetpack_publicize_connections":[],"jetpack_featured_media_url":"","jetpack_shortlink":"https:\/\/wp.me\/p3bBgS-Ky","jetpack_sharing_enabled":true,"jetpack_likes_enabled":true,"_links":{"self":[{"href":"http:\/\/delamanodemaria.com\/index.php?rest_route=\/wp\/v2\/posts\/2886"}],"collection":[{"href":"http:\/\/delamanodemaria.com\/index.php?rest_route=\/wp\/v2\/posts"}],"about":[{"href":"http:\/\/delamanodemaria.com\/index.php?rest_route=\/wp\/v2\/types\/post"}],"author":[{"embeddable":true,"href":"http:\/\/delamanodemaria.com\/index.php?rest_route=\/wp\/v2\/users\/1"}],"replies":[{"embeddable":true,"href":"http:\/\/delamanodemaria.com\/index.php?rest_route=%2Fwp%2Fv2%2Fcomments&post=2886"}],"version-history":[{"count":3,"href":"http:\/\/delamanodemaria.com\/index.php?rest_route=\/wp\/v2\/posts\/2886\/revisions"}],"predecessor-version":[{"id":2890,"href":"http:\/\/delamanodemaria.com\/index.php?rest_route=\/wp\/v2\/posts\/2886\/revisions\/2890"}],"wp:attachment":[{"href":"http:\/\/delamanodemaria.com\/index.php?rest_route=%2Fwp%2Fv2%2Fmedia&parent=2886"}],"wp:term":[{"taxonomy":"category","embeddable":true,"href":"http:\/\/delamanodemaria.com\/index.php?rest_route=%2Fwp%2Fv2%2Fcategories&post=2886"},{"taxonomy":"post_tag","embeddable":true,"href":"http:\/\/delamanodemaria.com\/index.php?rest_route=%2Fwp%2Fv2%2Ftags&post=2886"}],"curies":[{"name":"wp","href":"https:\/\/api.w.org\/{rel}","templated":true}]}}