{"id":2893,"date":"2014-01-27T19:46:27","date_gmt":"2014-01-27T23:46:27","guid":{"rendered":"http:\/\/delamanodemaria.com\/?p=2893"},"modified":"2014-01-27T19:46:27","modified_gmt":"2014-01-27T23:46:27","slug":"reflexion-para-el-martes-de-la-tercera-semana-del-t-o-28-01-14","status":"publish","type":"post","link":"http:\/\/delamanodemaria.com\/?p=2893","title":{"rendered":"REFLEXI\u00d3N PARA EL MARTES DE LA TERCERA SEMANA DEL T.O. 28-01-14"},"content":{"rendered":"<p><a href=\"http:\/\/delamanodemaria.com\/wp-content\/uploads\/2014\/01\/la-verdadera-familia-de-Jesus.jpg\"><img decoding=\"async\" loading=\"lazy\" class=\"alignnone size-full wp-image-2894\" alt=\"la verdadera familia de Jesus\" src=\"http:\/\/delamanodemaria.com\/wp-content\/uploads\/2014\/01\/la-verdadera-familia-de-Jesus.jpg\" width=\"600\" height=\"321\" srcset=\"http:\/\/delamanodemaria.com\/wp-content\/uploads\/2014\/01\/la-verdadera-familia-de-Jesus.jpg 600w, http:\/\/delamanodemaria.com\/wp-content\/uploads\/2014\/01\/la-verdadera-familia-de-Jesus-300x160.jpg 300w, http:\/\/delamanodemaria.com\/wp-content\/uploads\/2014\/01\/la-verdadera-familia-de-Jesus-500x267.jpg 500w\" sizes=\"(max-width: 600px) 100vw, 600px\" \/><\/a><\/p>\n<p><span style=\"color: #000000; font-size: large;\">La primera lectura que nos brinda la liturgia para hoy (2 Sam 6,12b-15.17-19), nos presenta al rey David concluyendo la traslaci\u00f3n del Arca de la Alianza desde la casa de Obededom hasta Jerusal\u00e9n, y su instalaci\u00f3n en la tienda que \u00e9l mismo le hab\u00eda preparado en la \u201cciudad de David\u201d. La narraci\u00f3n est\u00e1 llena de im\u00e1genes visuales, destacando la del rey David \u201cdanzando ante el Se\u00f1or con todo entusiasmo, vestido s\u00f3lo con un roquete de lino\u201d mientras trasladaban el Arca \u201centre v\u00edtores y al sonido de las trompetas\u201d.<\/span><\/p>\n<p><span style=\"color: #000000; font-size: large;\">El pasaje termina con un banquete en el cual el rey \u201creparti\u00f3 a todos, hombres y mujeres de la multitud israelita, un bollo de pan, una tajada de carne y un pastel de uvas pasas a cada uno\u201d. Un gesto propio del padre de familia al sentarse a la mesa, que repart\u00eda los alimentos a toda su familia, gesto lleno de simbolismo que repetir\u00eda Jes\u00fas en la \u00faltima cena al instituir la Eucarist\u00eda.<\/span><\/p>\n<p><span style=\"color: #000000; font-size: large;\">El Evangelio, por su parte, nos presenta la versi\u00f3n de Marcos (3,31-35) del pasaje de \u201cla verdadera familia\u201d de Jes\u00fas. Relata el episodio en que la familia de Jes\u00fas vino a buscarlo y, como de costumbre, hab\u00eda tanta gente arremolinada a su alrededor, que no pod\u00edan llegar hasta \u00c9l, as\u00ed que le enviaron un recado. Los que estaban cerca de \u00c9l le dijeron: \u201cMira, tu madre y tus hermanos est\u00e1n fuera y te buscan\u201d.<\/span><\/p>\n<p><span style=\"color: #000000; font-size: large;\">Jes\u00fas, como en tantas otras ocasiones, aprovecha la oportunidad para hacer un comentario con un fin pedag\u00f3gico: \u201cLes contest\u00f3: \u2018\u00bfQui\u00e9nes son mi madre y mis hermanos?\u2019 Y, paseando la mirada por el corro, dijo: \u2018Estos son mi madre y mis hermanos. El que cumple la voluntad de Dios, \u00e9se es mi hermano y mi hermana y mi madre\u2019\u201d.<\/span><\/p>\n<p><span style=\"color: #000000; font-size: large;\">El mensaje de Jes\u00fas es claro: a la familia del Se\u00f1or se ingresa por escuchar su Palabra, no por lazos de sangre. De hecho, la versi\u00f3n de Lucas del mismo pasaje, la m\u00e1s tard\u00eda de todas (escrita entre los a\u00f1os 80 y 90 d.C.), sin mencionar que pase\u00f3 la mirada por el grupo de personas presentes, se limita a relatar que Jes\u00fas dijo: \u201cMi madre y mis hermanos son los que escuchan la Palabra de Dios y la practican\u201d (Lc 8,21). Otras versiones dicen: \u201clos que escuchan la Palabra de Dios y la ponen en pr\u00e1ctica\u201d. No se trata tan solo de escuchar su Palabra, hay que \u201cponerla en pr\u00e1ctica\u201d, seguirle.<\/span><\/p>\n<p><span style=\"color: #000000; font-size: large;\">Jes\u00fas ha expresado claramente que el que quiera seguirle tiene que estar dispuesto a sobreponerse a los lazos humanos familiares (Cfr. Mt 10,37-38). Se trata de la \u201cgran familia\u201d de Dios abierta a toda la humanidad sin distinci\u00f3n de raza ni nacionalidad, el \u201cnuevo Pueblo de Dios\u201d. Ya no se trata de una familia en el orden biol\u00f3gico, sino de otra muy diferente, del orden espiritual. Una familia universal (\u201ccat\u00f3lica\u201d) convocada al amor.<\/span><\/p>\n<p><span style=\"color: #000000; font-size: large;\">\u201cTe pedimos, Se\u00f1or, fe y confianza. Haz que tu voluntad sea nuestra, para que pueda conducirnos a tu casa bajo la gu\u00eda de aquel que siempre y en todo cumpli\u00f3 tu voluntad: Jesucristo, nuestro Se\u00f1or\u201d (de la Oraci\u00f3n Colecta).<\/span><\/p>\n<div style=\"padding-bottom:20px; padding-top:10px;\" class=\"hupso-share-buttons\"><!-- Hupso Share Buttons - https:\/\/www.hupso.com\/share\/ --><a class=\"hupso_toolbar\" href=\"https:\/\/www.hupso.com\/share\/\"><img src=\"http:\/\/static.hupso.com\/share\/buttons\/lang\/es\/share-medium.png\" style=\"border:0px; padding-top: 5px; float:left;\" alt=\"Share Button\"\/><\/a><script type=\"text\/javascript\">var hupso_services_t=new Array(\"Twitter\",\"Facebook\",\"Google Plus\",\"Pinterest\",\"Linkedin\",\"Email\",\"Print\");var hupso_background_t=\"#EAF4FF\";var hupso_border_t=\"#66CCFF\";var hupso_toolbar_size_t=\"medium\";var hupso_image_folder_url = \"\";var hupso_twitter_via=\"hectorops\";var hupso_url_t=\"\";var hupso_title_t=\"REFLEXI%C3%93N%20PARA%20EL%20MARTES%20DE%20LA%20TERCERA%20SEMANA%20DEL%20T.O.%2028-01-14\";<\/script><script type=\"text\/javascript\" src=\"http:\/\/static.hupso.com\/share\/js\/share_toolbar.js\"><\/script><!-- Hupso Share Buttons --><\/div>","protected":false},"excerpt":{"rendered":"<p>La primera lectura que nos brinda la liturgia para hoy (2 Sam 6,12b-15.17-19), nos presenta al rey David concluyendo la traslaci\u00f3n del Arca de la Alianza desde la casa de Obededom hasta Jerusal\u00e9n, y su instalaci\u00f3n en la tienda que &hellip; <a href=\"http:\/\/delamanodemaria.com\/?p=2893\">Continue reading <span class=\"meta-nav\">&rarr;<\/span><\/a><\/p>\n<div style=\"padding-bottom:20px; padding-top:10px;\" class=\"hupso-share-buttons\"><!-- Hupso Share Buttons - https:\/\/www.hupso.com\/share\/ --><a class=\"hupso_toolbar\" href=\"https:\/\/www.hupso.com\/share\/\"><img src=\"http:\/\/static.hupso.com\/share\/buttons\/lang\/es\/share-medium.png\" style=\"border:0px; padding-top: 5px; float:left;\" alt=\"Share Button\"\/><\/a><script type=\"text\/javascript\">var hupso_services_t=new Array(\"Twitter\",\"Facebook\",\"Google Plus\",\"Pinterest\",\"Linkedin\",\"Email\",\"Print\");var hupso_background_t=\"#EAF4FF\";var hupso_border_t=\"#66CCFF\";var hupso_toolbar_size_t=\"medium\";var hupso_image_folder_url = \"\";var hupso_twitter_via=\"hectorops\";var hupso_url_t=\"\";var hupso_title_t=\"REFLEXI%C3%93N%20PARA%20EL%20MARTES%20DE%20LA%20TERCERA%20SEMANA%20DEL%20T.O.%2028-01-14\";<\/script><script type=\"text\/javascript\" src=\"http:\/\/static.hupso.com\/share\/js\/share_toolbar.js\"><\/script><!-- Hupso Share Buttons --><\/div>","protected":false},"author":1,"featured_media":0,"comment_status":"open","ping_status":"open","sticky":false,"template":"","format":"standard","meta":{"jetpack_post_was_ever_published":false,"_jetpack_newsletter_access":"","_jetpack_newsletter_tier_id":0,"jetpack_publicize_message":"","jetpack_is_tweetstorm":false,"jetpack_publicize_feature_enabled":true,"jetpack_social_post_already_shared":true,"jetpack_social_options":{"image_generator_settings":{"template":"highway","enabled":false}}},"categories":[1],"tags":[436,370,384,292,291,2,232],"jetpack_publicize_connections":[],"jetpack_featured_media_url":"","jetpack_shortlink":"https:\/\/wp.me\/p3bBgS-KF","jetpack_sharing_enabled":true,"jetpack_likes_enabled":true,"_links":{"self":[{"href":"http:\/\/delamanodemaria.com\/index.php?rest_route=\/wp\/v2\/posts\/2893"}],"collection":[{"href":"http:\/\/delamanodemaria.com\/index.php?rest_route=\/wp\/v2\/posts"}],"about":[{"href":"http:\/\/delamanodemaria.com\/index.php?rest_route=\/wp\/v2\/types\/post"}],"author":[{"embeddable":true,"href":"http:\/\/delamanodemaria.com\/index.php?rest_route=\/wp\/v2\/users\/1"}],"replies":[{"embeddable":true,"href":"http:\/\/delamanodemaria.com\/index.php?rest_route=%2Fwp%2Fv2%2Fcomments&post=2893"}],"version-history":[{"count":1,"href":"http:\/\/delamanodemaria.com\/index.php?rest_route=\/wp\/v2\/posts\/2893\/revisions"}],"predecessor-version":[{"id":2895,"href":"http:\/\/delamanodemaria.com\/index.php?rest_route=\/wp\/v2\/posts\/2893\/revisions\/2895"}],"wp:attachment":[{"href":"http:\/\/delamanodemaria.com\/index.php?rest_route=%2Fwp%2Fv2%2Fmedia&parent=2893"}],"wp:term":[{"taxonomy":"category","embeddable":true,"href":"http:\/\/delamanodemaria.com\/index.php?rest_route=%2Fwp%2Fv2%2Fcategories&post=2893"},{"taxonomy":"post_tag","embeddable":true,"href":"http:\/\/delamanodemaria.com\/index.php?rest_route=%2Fwp%2Fv2%2Ftags&post=2893"}],"curies":[{"name":"wp","href":"https:\/\/api.w.org\/{rel}","templated":true}]}}