{"id":2987,"date":"2014-02-13T11:51:53","date_gmt":"2014-02-13T15:51:53","guid":{"rendered":"http:\/\/delamanodemaria.com\/?p=2987"},"modified":"2014-02-13T11:57:56","modified_gmt":"2014-02-13T15:57:56","slug":"el-papa-francisco-responde-a-razones-de-quienes-no-quieren-ir-a-misa","status":"publish","type":"post","link":"http:\/\/delamanodemaria.com\/?p=2987","title":{"rendered":"El Papa Francisco responde a \u201crazones\u201d de quienes no quieren ir a Misa"},"content":{"rendered":"<p><a href=\"http:\/\/delamanodemaria.com\/wp-content\/uploads\/2013\/11\/pppapafeliz.jpg\"><img decoding=\"async\" loading=\"lazy\" class=\"wp-image-2280 aligncenter\" alt=\"pppapafeliz\" src=\"http:\/\/delamanodemaria.com\/wp-content\/uploads\/2013\/11\/pppapafeliz.jpg\" width=\"500\" height=\"340\" srcset=\"http:\/\/delamanodemaria.com\/wp-content\/uploads\/2013\/11\/pppapafeliz.jpg 500w, http:\/\/delamanodemaria.com\/wp-content\/uploads\/2013\/11\/pppapafeliz-300x204.jpg 300w, http:\/\/delamanodemaria.com\/wp-content\/uploads\/2013\/11\/pppapafeliz-441x300.jpg 441w\" sizes=\"(max-width: 500px) 100vw, 500px\" \/><\/a> VATICANO, 12 Feb. 14 \/ 10:55 am (<b>ACI\/EWTN Noticias<\/b>).- En su catequesis de la audiencia general realizada esta ma\u00f1ana en la Plaza de San Pedro ante unas 30 mil personas, el Papa Francisco respondi\u00f3 a una serie de preguntas sobre c\u00f3mo vivir la Misa y respondi\u00f3 a diversos cuestionamientos de quienes no quieren asistir a la Eucarist\u00eda dominical.<\/p>\n<p>\u201c\u00bfC\u00f3mo vivimos nosotros la Eucarist\u00eda? \u00bfC\u00f3mo vivimos la Misa, cuando vamos a Misa los domingos? \u00bfEs s\u00f3lo un momento de fiesta? \u00bfEs una tradici\u00f3n bien establecida, que se hace? \u00bfEs una ocasi\u00f3n para encontrarnos o para sentirnos bien o es algo m\u00e1s? Hay se\u00f1ales muy espec\u00edficas para averiguar c\u00f3mo vivir esto. C\u00f3mo vivimos la Eucarist\u00eda. Se\u00f1ales que nos dicen si vivimos la Eucarist\u00eda bien, o no la vivimos tan bien\u201d.<\/p>\n<p>El Santo Padre dijo que, en cuanto a la Misa, es fundamental saber que all\u00ed tenemos la gracia \u201cde ser perdonados y perdonar. A veces alguien pregunta: \u2018\u00bfPor qu\u00e9 hay que ir a la iglesia, si los que participan regularmente en la Misa son pecadores como los dem\u00e1s?\u2019. \u00a1Cu\u00e1ntas veces hemos o\u00eddo esto!\u201d<\/p>\n<p>\u201cEn realidad, quien celebra la Eucarist\u00eda no lo hace porque cree o quiere aparentar m\u00e1s que los dem\u00e1s, sino porque se reconoce siempre con la necesidad de ser aceptado y regenerado por la misericordia de Dios, hecha carne en Jesucristo. \u00a1Si cada uno de nosotros no se siente con la necesidad de la misericordia de Dios, no se siente un pecador, es mejor que no vaya a Misa!\u201d<\/p>\n<p>\u201c\u00bfPor qu\u00e9 vamos a Misa?\u201d, cuestion\u00f3 el Papa y respondi\u00f3: \u201cporque somos pecadores y queremos recibir el perd\u00f3n de Jes\u00fas, participar en su redenci\u00f3n, en su perd\u00f3n. \u00a1Ese \u2018confieso\u2019, que decimos al principio no es algo \u2018formal\u2019, es un verdadero acto de penitencia! \u00a1Yo soy pecador y confieso! As\u00ed da inicio la Misa\u201d.<\/p>\n<p>\u201cNo debemos olvidar nunca que la \u00daltima Cena de Jes\u00fas tuvo lugar \u2018la noche en que fue traicionado\u2019. En el pan y el vino que ofrecemos y en torno al cual nos reunimos se renueva cada vez el don del Cuerpo y la Sangre de Cristo para la remisi\u00f3n de nuestros pecados. Debemos ir a Misa humildemente, como pecadores y el Se\u00f1or nos reconciliar\u00e1\u201d.<\/p>\n<p>Otro indicador de la vivencia de la Misa adecuadamente, dijo el Pont\u00edfice, es la capacidad de descubrir a los otros como hermanos a partir del amor a Jes\u00fas, para lugar compartir su Pasi\u00f3n y su Resurrecci\u00f3n, especialmente con los m\u00e1s necesitados como aquellos que han sido afectados por la lluvia en los d\u00edas recientes en los alrededores de Roma.<\/p>\n<p>\u201cMe pregunto, todos pregunt\u00e9monos: yo, que voy a misa, \u00bfc\u00f3mo vivo esto? \u00bfMe preocupo de ayudar, de acercarme, de rezar por ellos, que tienen este problema? \u00bfO soy un poco indiferente? O tal vez me preocupo de chismorrear: \u2018\u00bfviste c\u00f3mo iba vestida aquella, como iba vestido aqu\u00e9l?\u2019&#8230;. A veces se hace esto despu\u00e9s de la Misa, \u00bfo no? \u00a1Se hace! \u00a1Y esto no se debe hacer! Debemos preocuparnos por nuestros hermanos y hermanas que tienen una necesidad, una enfermedad, un problema\u201d.<\/p>\n<p>Un \u201c\u00faltimo y valioso indicador\u201d sobre la vivencia de la Misa es la relaci\u00f3n entre la Eucarist\u00eda y las comunidades cristianas: \u201cdebemos tener siempre presente que la Eucarist\u00eda no es algo que hacemos nosotros; no es una conmemoraci\u00f3n nuestra de lo que Jes\u00fas dijo e hizo. No \u00a1Es propiamente una acci\u00f3n de Cristo! \u00a1Es Cristo quien los realiza, que est\u00e1 en el altar! Y Cristo es el Se\u00f1or. Es un don de Cristo, que se hace presente y nos re\u00fane en torno a \u00c9l, para alimentarnos con su Palabra y con su vida\u201d.<\/p>\n<p>\u201cEsto significa que la misi\u00f3n y la misma identidad de la Iglesia fluyen a partir de ah\u00ed, de la Eucarist\u00eda, y all\u00ed siempre toman forma. Una celebraci\u00f3n puede llegar a ser impecable en t\u00e9rminos de apariencia, hermos\u00edsima, pero si no nos lleva al encuentro con Jes\u00fas, puede que no comporte ning\u00fan alimento a nuestro coraz\u00f3n y a nuestra vida. A trav\u00e9s de la Eucarist\u00eda, en cambio, Cristo quiere entrar en nuestra existencia e impregnarla de su gracia, para que en cada comunidad cristiana haya coherencia entre liturgia y vida: esta coherencia entre liturgia y vida\u201d.<\/p>\n<p>Tomado de: <a href=\"http:\/\/www.aciprensa.com\/noticias\/el-papa-francisco-responde-a-razones-de-quienes-no-quieren-ir-a-misa-55579\/#.Uvu_naq9LCR\">http:\/\/www.aciprensa.com\/noticias\/el-papa-francisco-responde-a-razones-de-quienes-no-quieren-ir-a-misa-55579\/#.Uvu_naq9LCR<\/a><\/p>\n<div style=\"padding-bottom:20px; padding-top:10px;\" class=\"hupso-share-buttons\"><!-- Hupso Share Buttons - https:\/\/www.hupso.com\/share\/ --><a class=\"hupso_toolbar\" href=\"https:\/\/www.hupso.com\/share\/\"><img src=\"http:\/\/static.hupso.com\/share\/buttons\/lang\/es\/share-medium.png\" style=\"border:0px; padding-top: 5px; float:left;\" alt=\"Share Button\"\/><\/a><script type=\"text\/javascript\">var hupso_services_t=new Array(\"Twitter\",\"Facebook\",\"Google Plus\",\"Pinterest\",\"Linkedin\",\"Email\",\"Print\");var hupso_background_t=\"#EAF4FF\";var hupso_border_t=\"#66CCFF\";var hupso_toolbar_size_t=\"medium\";var hupso_image_folder_url = \"\";var hupso_twitter_via=\"hectorops\";var hupso_url_t=\"\";var hupso_title_t=\"El%20Papa%20Francisco%20responde%20a%20%E2%80%9Crazones%E2%80%9D%20de%20quienes%20no%20quieren%20ir%20a%20Misa\";<\/script><script type=\"text\/javascript\" src=\"http:\/\/static.hupso.com\/share\/js\/share_toolbar.js\"><\/script><!-- Hupso Share Buttons --><\/div>","protected":false},"excerpt":{"rendered":"<p>VATICANO, 12 Feb. 14 \/ 10:55 am (ACI\/EWTN Noticias).- En su catequesis de la audiencia general realizada esta ma\u00f1ana en la Plaza de San Pedro ante unas 30 mil personas, el Papa Francisco respondi\u00f3 a una serie de preguntas sobre &hellip; <a href=\"http:\/\/delamanodemaria.com\/?p=2987\">Continue reading <span class=\"meta-nav\">&rarr;<\/span><\/a><\/p>\n<div style=\"padding-bottom:20px; padding-top:10px;\" class=\"hupso-share-buttons\"><!-- Hupso Share Buttons - https:\/\/www.hupso.com\/share\/ --><a class=\"hupso_toolbar\" href=\"https:\/\/www.hupso.com\/share\/\"><img src=\"http:\/\/static.hupso.com\/share\/buttons\/lang\/es\/share-medium.png\" style=\"border:0px; padding-top: 5px; float:left;\" alt=\"Share Button\"\/><\/a><script type=\"text\/javascript\">var hupso_services_t=new Array(\"Twitter\",\"Facebook\",\"Google Plus\",\"Pinterest\",\"Linkedin\",\"Email\",\"Print\");var hupso_background_t=\"#EAF4FF\";var hupso_border_t=\"#66CCFF\";var hupso_toolbar_size_t=\"medium\";var hupso_image_folder_url = \"\";var hupso_twitter_via=\"hectorops\";var hupso_url_t=\"\";var hupso_title_t=\"El%20Papa%20Francisco%20responde%20a%20%E2%80%9Crazones%E2%80%9D%20de%20quienes%20no%20quieren%20ir%20a%20Misa\";<\/script><script type=\"text\/javascript\" src=\"http:\/\/static.hupso.com\/share\/js\/share_toolbar.js\"><\/script><!-- Hupso Share Buttons --><\/div>","protected":false},"author":1,"featured_media":0,"comment_status":"open","ping_status":"open","sticky":false,"template":"","format":"standard","meta":{"jetpack_post_was_ever_published":false,"_jetpack_newsletter_access":"","_jetpack_newsletter_tier_id":0,"jetpack_publicize_message":"","jetpack_is_tweetstorm":false,"jetpack_publicize_feature_enabled":true,"jetpack_social_post_already_shared":true,"jetpack_social_options":{"image_generator_settings":{"template":"highway","enabled":false}}},"categories":[1],"tags":[92,45,35,91,6,11],"jetpack_publicize_connections":[],"jetpack_featured_media_url":"","jetpack_shortlink":"https:\/\/wp.me\/p3bBgS-Mb","jetpack_sharing_enabled":true,"jetpack_likes_enabled":true,"_links":{"self":[{"href":"http:\/\/delamanodemaria.com\/index.php?rest_route=\/wp\/v2\/posts\/2987"}],"collection":[{"href":"http:\/\/delamanodemaria.com\/index.php?rest_route=\/wp\/v2\/posts"}],"about":[{"href":"http:\/\/delamanodemaria.com\/index.php?rest_route=\/wp\/v2\/types\/post"}],"author":[{"embeddable":true,"href":"http:\/\/delamanodemaria.com\/index.php?rest_route=\/wp\/v2\/users\/1"}],"replies":[{"embeddable":true,"href":"http:\/\/delamanodemaria.com\/index.php?rest_route=%2Fwp%2Fv2%2Fcomments&post=2987"}],"version-history":[{"count":4,"href":"http:\/\/delamanodemaria.com\/index.php?rest_route=\/wp\/v2\/posts\/2987\/revisions"}],"predecessor-version":[{"id":2991,"href":"http:\/\/delamanodemaria.com\/index.php?rest_route=\/wp\/v2\/posts\/2987\/revisions\/2991"}],"wp:attachment":[{"href":"http:\/\/delamanodemaria.com\/index.php?rest_route=%2Fwp%2Fv2%2Fmedia&parent=2987"}],"wp:term":[{"taxonomy":"category","embeddable":true,"href":"http:\/\/delamanodemaria.com\/index.php?rest_route=%2Fwp%2Fv2%2Fcategories&post=2987"},{"taxonomy":"post_tag","embeddable":true,"href":"http:\/\/delamanodemaria.com\/index.php?rest_route=%2Fwp%2Fv2%2Ftags&post=2987"}],"curies":[{"name":"wp","href":"https:\/\/api.w.org\/{rel}","templated":true}]}}