{"id":3259,"date":"2014-03-25T23:15:41","date_gmt":"2014-03-26T03:15:41","guid":{"rendered":"http:\/\/delamanodemaria.com\/?p=3259"},"modified":"2014-03-25T23:15:41","modified_gmt":"2014-03-26T03:15:41","slug":"reflexion-para-el-miercoles-de-la-tercera-semana-de-cuaresma-26-03-14","status":"publish","type":"post","link":"http:\/\/delamanodemaria.com\/?p=3259","title":{"rendered":"REFLEXI\u00d3N PARA EL MI\u00c9RCOLES DE LA TERCERA SEMANA DE CUARESMA 26-03-14"},"content":{"rendered":"<p><a href=\"http:\/\/delamanodemaria.com\/wp-content\/uploads\/2013\/10\/sigueme.jpg\"><img decoding=\"async\" loading=\"lazy\" class=\"size-full wp-image-2059 aligncenter\" alt=\"sigueme\" src=\"http:\/\/delamanodemaria.com\/wp-content\/uploads\/2013\/10\/sigueme.jpg\" width=\"500\" height=\"380\" srcset=\"http:\/\/delamanodemaria.com\/wp-content\/uploads\/2013\/10\/sigueme.jpg 500w, http:\/\/delamanodemaria.com\/wp-content\/uploads\/2013\/10\/sigueme-300x228.jpg 300w, http:\/\/delamanodemaria.com\/wp-content\/uploads\/2013\/10\/sigueme-394x300.jpg 394w\" sizes=\"(max-width: 500px) 100vw, 500px\" \/><\/a><\/p>\n<p><span style=\"font-size: large;\">El pasaje evang\u00e9lico que contemplamos en la liturgia de hoy (Mt 5,17-19), que Mateo coloca dentro del discurso de las Bienaventuranzas, nos presenta la visi\u00f3n de Jes\u00fas respecto a la Ley:<\/span><\/p>\n<p><span style=\"font-size: large;\">\u201cNo cre\u00e1is que he venido a abolir la Ley y los profetas: no he venido a abolir, sino a dar plenitud\u201d. Para los jud\u00edos la ley y los profetas constitu\u00edan la expresi\u00f3n de la voluntad de Dios, la esencia de las Sagradas Escrituras. Jes\u00fas era jud\u00edo; m\u00e1s a\u00fan, era el Mes\u00edas que hab\u00eda sido anunciado por los profetas. Era inconcebible que viniera a echar por tierra lo que constitu\u00eda el fundamento de la fe de su pueblo. \u201cNo he venido a abolir, sino a dar plenitud\u201d.<\/span><\/p>\n<p><span style=\"font-size: large;\">Esa plenitud la encontramos en la Ley del amor: \u201cOs doy un mandamiento nuevo: que os am\u00e9is los unos a los otros. Que, como yo os he amado, as\u00ed os am\u00e9is tambi\u00e9n vosotros los unos a los otros. En esto conocer\u00e1n todos que sois disc\u00edpulos m\u00edos: si os ten\u00e9is amor los unos a los otros\u201d (Jn 13,34-35). Antes se obedec\u00eda la Ley por temor al castigo; ahora se cumple porque amamos. Ya no se trata del cumplimiento exterior, vac\u00edo de contenido, ahora se trata de un imperativo producto del amor. As\u00ed, el que ama cumple los mandamientos. Si amamos a Dios y a nuestro pr\u00f3jimo como \u00c9l nos ama, el dec\u00e1logo se convierte en un \u201cretrato\u201d de nuestra conducta, de nuestra forma de vida.<\/span><\/p>\n<p><span style=\"font-size: large;\">Durante su vida terrena Jes\u00fas nos dio unos indicadores, como: \u201cEl s\u00e1bado ha sido hecho para el hombre, y no el hombre para el s\u00e1bado\u201d (Mc 2,27). La primac\u00eda del amor. La Iglesia cristiana tuvo su origen en el juda\u00edsmo, en la ley y los profetas del Antiguo Testamento (Antigua Alianza), y dio paso a la Alianza Nueva y Eterna (Nuevo Testamento). \u00bfCu\u00e1les de aquellas leyes y tradiciones ancestrales hab\u00eda que mantener? \u00bfCu\u00e1les constitu\u00edan Ley, y cu\u00e1les eran meros preceptos establecidos por los hombres interpretando la Ley? La prueba para determinarlo habr\u00eda de ser: \u00bfMe impide ese precepto amar como Cristo me ama?<\/span><\/p>\n<p><span style=\"font-size: large;\">La Iglesia en sus comienzos tuvo que enfrentar esa disyuntiva; se vio precisada a determinar si ten\u00eda que continuar observando la circuncisi\u00f3n, la pureza ritual, la prohibici\u00f3n de comer ciertos alimentos, el s\u00e1bado, los sacrificios de animales en el Templo, etc. Esas interrogantes propiciaron el Concilio de Jerusal\u00e9n, alrededor del a\u00f1o 50, y la intervenci\u00f3n de Pedro, como pont\u00edfice de la Iglesia, a favor de la apertura (Hc 15,4-12). As\u00ed, la Iglesia comenz\u00f3 un proceso de crecimiento que le ha hecho mudar el carapacho varias veces a lo largo de su historia, como lo hacen los crust\u00e1ceos. Y ha logrado sobrevivir todos los cambios gracias al Esp\u00edritu que el mismo Jes\u00fas nos dej\u00f3, y que la ha guiado para asegurar el cumplimento de la promesa de Jes\u00fas al momento de establecer el primado de Pedro, de que las puertas del infierno no prevalecer\u00edan contra ella (Mt 16,18).<\/span><\/p>\n<p><span style=\"font-size: large;\">El Concilio Vaticano II, convocado por el Beato Juan XXIII por inspiraci\u00f3n del Esp\u00edritu Santo, represent\u00f3 un \u201csalto cu\u00e1ntico\u201d para nuestra Iglesia, atendiendo al llamado del pont\u00edfice para una puesta al d\u00eda (<i>aggiornamento<\/i>) de la Iglesia. All\u00ed se continu\u00f3 el proceso de \u201cdarle plenitud\u201d a tenor con los \u201csignos de los tiempos\u201d. La vertiginosidad de los cambios sociales ocurridos desde el Vaticano II, propiciados en parte por la explosi\u00f3n tecnol\u00f3gica y en los medios de comunicaci\u00f3n, apuntan a la necesidad de un nuevo ejercicio de \u201caggiornamento\u201d en la Iglesia.<\/span><\/p>\n<p><span style=\"font-size: large;\">Hace apenas un a\u00f1o ese Esp\u00edritu nos regal\u00f3 la persona de Francisco, signo inequ\u00edvoco de que el Se\u00f1or cumple sus promesas (Cfr. Mt 28,20).\u00a0<\/span><\/p>\n<div><span style=\"font-size: large;\">\u00a0<\/span><\/div>\n<p><span style=\"font-size: large;\">&#8212;\u00a0<\/span><\/p>\n<div style=\"padding-bottom:20px; padding-top:10px;\" class=\"hupso-share-buttons\"><!-- Hupso Share Buttons - https:\/\/www.hupso.com\/share\/ --><a class=\"hupso_toolbar\" href=\"https:\/\/www.hupso.com\/share\/\"><img src=\"http:\/\/static.hupso.com\/share\/buttons\/lang\/es\/share-medium.png\" style=\"border:0px; padding-top: 5px; float:left;\" alt=\"Share Button\"\/><\/a><script type=\"text\/javascript\">var hupso_services_t=new Array(\"Twitter\",\"Facebook\",\"Google Plus\",\"Pinterest\",\"Linkedin\",\"Email\",\"Print\");var hupso_background_t=\"#EAF4FF\";var hupso_border_t=\"#66CCFF\";var hupso_toolbar_size_t=\"medium\";var hupso_image_folder_url = \"\";var hupso_twitter_via=\"hectorops\";var hupso_url_t=\"\";var hupso_title_t=\"REFLEXI%C3%93N%20PARA%20EL%20MI%C3%89RCOLES%20DE%20LA%20TERCERA%20SEMANA%20DE%20CUARESMA%2026-03-14\";<\/script><script type=\"text\/javascript\" src=\"http:\/\/static.hupso.com\/share\/js\/share_toolbar.js\"><\/script><!-- Hupso Share Buttons --><\/div>","protected":false},"excerpt":{"rendered":"<p>El pasaje evang\u00e9lico que contemplamos en la liturgia de hoy (Mt 5,17-19), que Mateo coloca dentro del discurso de las Bienaventuranzas, nos presenta la visi\u00f3n de Jes\u00fas respecto a la Ley: \u201cNo cre\u00e1is que he venido a abolir la Ley &hellip; <a href=\"http:\/\/delamanodemaria.com\/?p=3259\">Continue reading <span class=\"meta-nav\">&rarr;<\/span><\/a><\/p>\n<div style=\"padding-bottom:20px; padding-top:10px;\" class=\"hupso-share-buttons\"><!-- Hupso Share Buttons - https:\/\/www.hupso.com\/share\/ --><a class=\"hupso_toolbar\" href=\"https:\/\/www.hupso.com\/share\/\"><img src=\"http:\/\/static.hupso.com\/share\/buttons\/lang\/es\/share-medium.png\" style=\"border:0px; padding-top: 5px; float:left;\" alt=\"Share Button\"\/><\/a><script type=\"text\/javascript\">var hupso_services_t=new Array(\"Twitter\",\"Facebook\",\"Google Plus\",\"Pinterest\",\"Linkedin\",\"Email\",\"Print\");var hupso_background_t=\"#EAF4FF\";var hupso_border_t=\"#66CCFF\";var hupso_toolbar_size_t=\"medium\";var hupso_image_folder_url = \"\";var hupso_twitter_via=\"hectorops\";var hupso_url_t=\"\";var hupso_title_t=\"REFLEXI%C3%93N%20PARA%20EL%20MI%C3%89RCOLES%20DE%20LA%20TERCERA%20SEMANA%20DE%20CUARESMA%2026-03-14\";<\/script><script type=\"text\/javascript\" src=\"http:\/\/static.hupso.com\/share\/js\/share_toolbar.js\"><\/script><!-- Hupso Share Buttons --><\/div>","protected":false},"author":1,"featured_media":0,"comment_status":"open","ping_status":"open","sticky":false,"template":"","format":"standard","meta":{"jetpack_post_was_ever_published":false,"_jetpack_newsletter_access":"","_jetpack_newsletter_tier_id":0,"jetpack_publicize_message":"","jetpack_is_tweetstorm":false,"jetpack_publicize_feature_enabled":true,"jetpack_social_post_already_shared":true,"jetpack_social_options":{"image_generator_settings":{"template":"highway","enabled":false}}},"categories":[1],"tags":[493,211,447,278,467,267,96,35,189,428,154,110,11,202,2],"jetpack_publicize_connections":[],"jetpack_featured_media_url":"","jetpack_shortlink":"https:\/\/wp.me\/p3bBgS-Qz","jetpack_sharing_enabled":true,"jetpack_likes_enabled":true,"_links":{"self":[{"href":"http:\/\/delamanodemaria.com\/index.php?rest_route=\/wp\/v2\/posts\/3259"}],"collection":[{"href":"http:\/\/delamanodemaria.com\/index.php?rest_route=\/wp\/v2\/posts"}],"about":[{"href":"http:\/\/delamanodemaria.com\/index.php?rest_route=\/wp\/v2\/types\/post"}],"author":[{"embeddable":true,"href":"http:\/\/delamanodemaria.com\/index.php?rest_route=\/wp\/v2\/users\/1"}],"replies":[{"embeddable":true,"href":"http:\/\/delamanodemaria.com\/index.php?rest_route=%2Fwp%2Fv2%2Fcomments&post=3259"}],"version-history":[{"count":1,"href":"http:\/\/delamanodemaria.com\/index.php?rest_route=\/wp\/v2\/posts\/3259\/revisions"}],"predecessor-version":[{"id":3260,"href":"http:\/\/delamanodemaria.com\/index.php?rest_route=\/wp\/v2\/posts\/3259\/revisions\/3260"}],"wp:attachment":[{"href":"http:\/\/delamanodemaria.com\/index.php?rest_route=%2Fwp%2Fv2%2Fmedia&parent=3259"}],"wp:term":[{"taxonomy":"category","embeddable":true,"href":"http:\/\/delamanodemaria.com\/index.php?rest_route=%2Fwp%2Fv2%2Fcategories&post=3259"},{"taxonomy":"post_tag","embeddable":true,"href":"http:\/\/delamanodemaria.com\/index.php?rest_route=%2Fwp%2Fv2%2Ftags&post=3259"}],"curies":[{"name":"wp","href":"https:\/\/api.w.org\/{rel}","templated":true}]}}