{"id":3402,"date":"2014-04-20T22:08:25","date_gmt":"2014-04-21T02:08:25","guid":{"rendered":"http:\/\/delamanodemaria.com\/?p=3402"},"modified":"2014-04-20T22:36:09","modified_gmt":"2014-04-21T02:36:09","slug":"reflexion-para-el-lunes-de-la-octava-de-pascua-21-04-14","status":"publish","type":"post","link":"http:\/\/delamanodemaria.com\/?p=3402","title":{"rendered":"REFLEXI\u00d3N PARA EL LUNES DE LA OCTAVA DE PASCUA 21-04-14"},"content":{"rendered":"<p>&nbsp;<\/p>\n<p><a href=\"http:\/\/delamanodemaria.com\/wp-content\/uploads\/2014\/04\/el-vive-crop.png\"><img decoding=\"async\" loading=\"lazy\" class=\"alignnone size-full wp-image-3405\" src=\"http:\/\/delamanodemaria.com\/wp-content\/uploads\/2014\/04\/el-vive-crop.png\" alt=\"el-vive crop\" width=\"600\" height=\"412\" srcset=\"http:\/\/delamanodemaria.com\/wp-content\/uploads\/2014\/04\/el-vive-crop.png 600w, http:\/\/delamanodemaria.com\/wp-content\/uploads\/2014\/04\/el-vive-crop-300x206.png 300w, http:\/\/delamanodemaria.com\/wp-content\/uploads\/2014\/04\/el-vive-crop-436x300.png 436w\" sizes=\"(max-width: 600px) 100vw, 600px\" \/><\/a><\/p>\n<p>Nos encontramos de lleno en la octava de Pascua. Con el Domingo de Resurrecci\u00f3n comenzamos la cincuentena del tiempo pascual que culmina con la solemnidad de Pentecost\u00e9s. Llamamos Octava de Pascua a la primera semana de la cincuentena. Es como si se tratara de un solo d\u00eda, o sea, que la alegr\u00eda del domingo de Pascua se prolonga por ocho d\u00edas seguidos. Durante la octava, las lecturas evang\u00e9licas que nos brinda la liturgia se concentran en el signo \u201cpositivo\u201d de la resurrecci\u00f3n, las apariciones de Jes\u00fas, que junto al signo \u201cnegativo\u201d (el sepulcro vac\u00edo), conforman los hechos que demuestran sin lugar a dudas que \u00a1Jes\u00fas ha resucitado! Estas lecturas nos transmitir\u00e1n fielmente las experiencias de los ap\u00f3stoles y otros con el Resucitado.<\/p>\n<p>La lectura de hoy (Mt 28,8-15), lunes de la Octava de Pascua, nos presenta a Mar\u00eda Magdalena y \u201cla otra Mar\u00eda\u201d (Mar\u00eda la de Santiago) march\u00e1ndose a toda prisa del sepulcro despu\u00e9s de haber presenciado al \u201c\u00c1ngel del Se\u00f1or\u201d bajar del cielo en medio de un terremoto y rodar la piedra que serv\u00eda de l\u00e1pida. El \u00c1ngel les anunci\u00f3 que no temieran, que el Se\u00f1or hab\u00eda resucitado tal como lo hab\u00eda anunciado, pidi\u00e9ndoles que fueran a informar lo ocurrido a los disc\u00edpulos (vv. 1-7).<\/p>\n<p>Estando de camino a comunicarles la buena noticia de la resurrecci\u00f3n a los dem\u00e1s disc\u00edpulos, Jes\u00fas se aparece a las mujeres y les dice: \u201cAlegraos. No teng\u00e1is miedo: id a comunicar a mis hermanos que vayan a Galilea; all\u00ed me ver\u00e1n\u201d.<\/p>\n<p>Cuando examinamos los relatos de la Resurrecci\u00f3n de Jes\u00fas, lo primero que salta a la vista es el papel tan importante que ocupan las mujeres en los mismos. En ocasiones anteriores hemos dicho que el Resucitado, con su cuerpo glorificado escoge a qui\u00e9n le permite verle. Muchos se preguntan por qu\u00e9 Jes\u00fas se apareci\u00f3 primero a las mujeres. La pregunta es v\u00e1lida.<\/p>\n<p>El papa San Gregorio Magno nos brinda una posible explicaci\u00f3n: \u201cLo que hay que considerar en estos hechos es la intensidad del amor que ard\u00eda en el coraz\u00f3n de aquellas mujeres, que no se apartaban del sepulcro. Buscaban al que no hab\u00edan hallado, lo buscaban llorando y encendidas en el fuego del amor. Por ello, las mujeres fueron las \u00fanicas en verlo entonces, por que se hab\u00edan quedado busc\u00e1ndolo, pues lo que da fuerza a las buenas obras es la perseverancia en ellas\u201d.<\/p>\n<p>En otras palabras, lo encontraron porque fueron las \u00fanicas que se atrevieron, las \u00fanicas que lo buscaron (Cfr. Mt 7,7-8). No hay duda, ese amor que ard\u00eda en los corazones de aquellas mujeres piadosas les proporcion\u00f3 algo que le falt\u00f3 a los hombres, quienes se hab\u00edan escondido por temor a las autoridades: <strong>VALOR<\/strong>. Un valor capaz de enfrentar los peligros de la noche y la presencia de los guardias que custodiaban el sepulcro.<\/p>\n<p>El papa pr\u00f3ximo a ser san Juan Pablo II, al tratar el tema nos dice: \u201cEs a las mujeres a quienes por primera vez conf\u00eda el misterio de su resurrecci\u00f3n, haci\u00e9ndolas las primeras testigos de esta verdad. Quiz\u00e1 quiera premiar su delicadeza, su sensibilidad a su mensaje, su fortaleza, que las hab\u00eda impulsado hasta el Calvario\u201d.<\/p>\n<p>Pid\u00e1mosle al Resucitado nos conceda el amor y la perseverancia de aquellas mujeres, para tener un verdadero encuentro con \u00c9l y poder anunciar a todos la noticia: \u00a1Ha resucitado!<\/p>\n<div style=\"padding-bottom:20px; padding-top:10px;\" class=\"hupso-share-buttons\"><!-- Hupso Share Buttons - https:\/\/www.hupso.com\/share\/ --><a class=\"hupso_toolbar\" href=\"https:\/\/www.hupso.com\/share\/\"><img src=\"http:\/\/static.hupso.com\/share\/buttons\/lang\/es\/share-medium.png\" style=\"border:0px; padding-top: 5px; float:left;\" alt=\"Share Button\"\/><\/a><script type=\"text\/javascript\">var hupso_services_t=new Array(\"Twitter\",\"Facebook\",\"Google Plus\",\"Pinterest\",\"Linkedin\",\"Email\",\"Print\");var hupso_background_t=\"#EAF4FF\";var hupso_border_t=\"#66CCFF\";var hupso_toolbar_size_t=\"medium\";var hupso_image_folder_url = \"\";var hupso_twitter_via=\"hectorops\";var hupso_url_t=\"\";var hupso_title_t=\"REFLEXI%C3%93N%20PARA%20EL%20LUNES%20DE%20LA%20OCTAVA%20DE%20PASCUA%2021-04-14\";<\/script><script type=\"text\/javascript\" src=\"http:\/\/static.hupso.com\/share\/js\/share_toolbar.js\"><\/script><!-- Hupso Share Buttons --><\/div>","protected":false},"excerpt":{"rendered":"<p>&nbsp; Nos encontramos de lleno en la octava de Pascua. Con el Domingo de Resurrecci\u00f3n comenzamos la cincuentena del tiempo pascual que culmina con la solemnidad de Pentecost\u00e9s. Llamamos Octava de Pascua a la primera semana de la cincuentena. Es &hellip; <a href=\"http:\/\/delamanodemaria.com\/?p=3402\">Continue reading <span class=\"meta-nav\">&rarr;<\/span><\/a><\/p>\n<div style=\"padding-bottom:20px; padding-top:10px;\" class=\"hupso-share-buttons\"><!-- Hupso Share Buttons - https:\/\/www.hupso.com\/share\/ --><a class=\"hupso_toolbar\" href=\"https:\/\/www.hupso.com\/share\/\"><img src=\"http:\/\/static.hupso.com\/share\/buttons\/lang\/es\/share-medium.png\" style=\"border:0px; padding-top: 5px; float:left;\" alt=\"Share Button\"\/><\/a><script type=\"text\/javascript\">var hupso_services_t=new Array(\"Twitter\",\"Facebook\",\"Google Plus\",\"Pinterest\",\"Linkedin\",\"Email\",\"Print\");var hupso_background_t=\"#EAF4FF\";var hupso_border_t=\"#66CCFF\";var hupso_toolbar_size_t=\"medium\";var hupso_image_folder_url = \"\";var hupso_twitter_via=\"hectorops\";var hupso_url_t=\"\";var hupso_title_t=\"REFLEXI%C3%93N%20PARA%20EL%20LUNES%20DE%20LA%20OCTAVA%20DE%20PASCUA%2021-04-14\";<\/script><script type=\"text\/javascript\" src=\"http:\/\/static.hupso.com\/share\/js\/share_toolbar.js\"><\/script><!-- Hupso Share Buttons --><\/div>","protected":false},"author":1,"featured_media":0,"comment_status":"open","ping_status":"open","sticky":false,"template":"","format":"standard","meta":{"jetpack_post_was_ever_published":false,"_jetpack_newsletter_access":"","_jetpack_newsletter_tier_id":0,"jetpack_publicize_message":"","jetpack_is_tweetstorm":false,"jetpack_publicize_feature_enabled":true,"jetpack_social_post_already_shared":true,"jetpack_social_options":{"image_generator_settings":{"template":"highway","enabled":false}}},"categories":[1],"tags":[370,520,64,71,2,519,54],"jetpack_publicize_connections":[],"jetpack_featured_media_url":"","jetpack_shortlink":"https:\/\/wp.me\/p3bBgS-SS","jetpack_sharing_enabled":true,"jetpack_likes_enabled":true,"_links":{"self":[{"href":"http:\/\/delamanodemaria.com\/index.php?rest_route=\/wp\/v2\/posts\/3402"}],"collection":[{"href":"http:\/\/delamanodemaria.com\/index.php?rest_route=\/wp\/v2\/posts"}],"about":[{"href":"http:\/\/delamanodemaria.com\/index.php?rest_route=\/wp\/v2\/types\/post"}],"author":[{"embeddable":true,"href":"http:\/\/delamanodemaria.com\/index.php?rest_route=\/wp\/v2\/users\/1"}],"replies":[{"embeddable":true,"href":"http:\/\/delamanodemaria.com\/index.php?rest_route=%2Fwp%2Fv2%2Fcomments&post=3402"}],"version-history":[{"count":3,"href":"http:\/\/delamanodemaria.com\/index.php?rest_route=\/wp\/v2\/posts\/3402\/revisions"}],"predecessor-version":[{"id":3408,"href":"http:\/\/delamanodemaria.com\/index.php?rest_route=\/wp\/v2\/posts\/3402\/revisions\/3408"}],"wp:attachment":[{"href":"http:\/\/delamanodemaria.com\/index.php?rest_route=%2Fwp%2Fv2%2Fmedia&parent=3402"}],"wp:term":[{"taxonomy":"category","embeddable":true,"href":"http:\/\/delamanodemaria.com\/index.php?rest_route=%2Fwp%2Fv2%2Fcategories&post=3402"},{"taxonomy":"post_tag","embeddable":true,"href":"http:\/\/delamanodemaria.com\/index.php?rest_route=%2Fwp%2Fv2%2Ftags&post=3402"}],"curies":[{"name":"wp","href":"https:\/\/api.w.org\/{rel}","templated":true}]}}