{"id":3429,"date":"2014-04-24T20:01:33","date_gmt":"2014-04-25T00:01:33","guid":{"rendered":"http:\/\/delamanodemaria.com\/?p=3429"},"modified":"2014-04-24T20:01:33","modified_gmt":"2014-04-25T00:01:33","slug":"reflexion-para-el-viernes-de-la-octava-de-pascua-25-04-14","status":"publish","type":"post","link":"http:\/\/delamanodemaria.com\/?p=3429","title":{"rendered":"REFLEXI\u00d3N PARA EL VIERNES DE LA OCTAVA DE PASCUA 25-04-14"},"content":{"rendered":"<p><a href=\"http:\/\/delamanodemaria.com\/wp-content\/uploads\/2013\/07\/Jesus-red.jpg\"><img decoding=\"async\" loading=\"lazy\" class=\"alignnone size-full wp-image-1577\" src=\"http:\/\/delamanodemaria.com\/wp-content\/uploads\/2013\/07\/Jesus-red.jpg\" alt=\"Jesus red\" width=\"1000\" height=\"985\" srcset=\"http:\/\/delamanodemaria.com\/wp-content\/uploads\/2013\/07\/Jesus-red.jpg 1000w, http:\/\/delamanodemaria.com\/wp-content\/uploads\/2013\/07\/Jesus-red-300x295.jpg 300w, http:\/\/delamanodemaria.com\/wp-content\/uploads\/2013\/07\/Jesus-red-304x300.jpg 304w\" sizes=\"(max-width: 1000px) 100vw, 1000px\" \/><\/a><\/p>\n<p>La lectura evang\u00e9lica que nos presenta la liturgia para hoy, viernes de la Octava de Pascua, es la tercera aparici\u00f3n de Jes\u00fas a sus disc\u00edpulos en el relato evang\u00e9lico de Juan (21,1-14). Esta narraci\u00f3n la coloca Juan en un ap\u00e9ndice o ep\u00edlogo de su relato evang\u00e9lico. Da la impresi\u00f3n que se le hab\u00eda olvidado este relato de \u201cla pesca milagrosa\u201d que el consider\u00f3 importante, y como ya hab\u00eda concluido su evangelio, se lo a\u00f1ade al final. Y para darle continuidad a la trama, nos lo presenta con Jes\u00fas ya resucitado y con su cuerpo glorificado. Por eso vemos cierto grado de misterio sobre su identidad al comienzo del relato, pues de primera intenci\u00f3n no le reconocen.<\/p>\n<p>Comparar con el mismo relato en Lucas (5,1-11), donde el episodio ocurre en el contexto de una predicaci\u00f3n de Jes\u00fas en la cual se sube a la barca de Pedro para continuar predicando por el gent\u00edo tan grande que se hab\u00eda congregado y luego, por indicaci\u00f3n de Jes\u00fas, salen a pescar y ocurre la \u201cpesca milagrosa\u201d.<\/p>\n<p>Aparte del simbolismo obvio de la barca de Pedro con la Iglesia, y de las redes con la predicaci\u00f3n la Palabra por parte de los ap\u00f3stoles y c\u00f3mo esta dar\u00e1 fruto abundante, Juan le a\u00f1ade otros elementos y s\u00edmbolos en funci\u00f3n de su tesis, para hacer su relato c\u00f3nsono con los relatos de las apariciones de Jes\u00fas.<\/p>\n<p>As\u00ed, por ejemplo, le a\u00f1ade un elemento que no encontramos en el relato de Lucas: Jes\u00fas, con su cuerpo glorificado, come delante de los disc\u00edpulos, y es \u00c9l mismo quien reparte el pan y los peces. Este detalle nos evoca la insistencia de parte de Jes\u00fas en comer delante de sus disc\u00edpulos, al igual que vimos en el relato de los disc\u00edpulos de Ema\u00fas (Lc 24,13-35) y en la continuaci\u00f3n que contemplamos ayer (Lc 24,35-48), hecho que, adem\u00e1s de enfatizar la realidad de la resurrecci\u00f3n, nos presenta un s\u00edmbolo de la Eucarist\u00eda.<\/p>\n<p>Otro detalle que Juan le a\u00f1ade; el n\u00famero de \u201cpeces grandes\u201d que sacaron de la red: \u201cciento cincuenta y tres\u201d. Podemos preguntar: \u00bfHabr\u00e1n realmente contado los peces? \u00bfPor qu\u00e9 la insistencia de Juan en mencionar el n\u00famero de peces? Recordemos que Juan escribe su relato evang\u00e9lico hacia el a\u00f1o 100, en plena persecuci\u00f3n de los cristianos por parte del Imperio Romano, por cuyo territorio el anuncio del Reino iba expandi\u00e9ndose cada vez m\u00e1s. Si tomamos la barca de Pedro como s\u00edmbolo de la Iglesia, y las redes como s\u00edmbolo de la predicaci\u00f3n de la Palabra (una red que a pesar del n\u00famero tan grande de peces \u201cno se rompi\u00f3\u201d) en el contexto hist\u00f3rico de la \u00e9poca, encontramos que ciento cincuenta y tres era el n\u00famero de provincias del Imperio Romano. Es decir que el anuncio del Reino, y el testimonio de la gloriosa Resurrecci\u00f3n de Jes\u00fas, habr\u00edan de llegar a los confines del mundo conocido, y la red no se romper\u00eda.<\/p>\n<p>Jes\u00fas llam\u00f3 a los de su \u00e9poca a dar testimonio de \u00c9l, y esa Palabra es \u201cviva y eficaz\u201d (Hb 4,12). As\u00ed, nos interpela a nosotros hoy tambi\u00e9n. Que nuestras palabras durante la liturgia eucar\u00edstica, al decir: \u201cAnunciamos Tu muerte; proclamamos Tu resurrecci\u00f3n\u201d, no sean tan solo una f\u00f3rmula ritual, sino un plan de vida.<\/p>\n<div style=\"padding-bottom:20px; padding-top:10px;\" class=\"hupso-share-buttons\"><!-- Hupso Share Buttons - https:\/\/www.hupso.com\/share\/ --><a class=\"hupso_toolbar\" href=\"https:\/\/www.hupso.com\/share\/\"><img src=\"http:\/\/static.hupso.com\/share\/buttons\/lang\/es\/share-medium.png\" style=\"border:0px; padding-top: 5px; float:left;\" alt=\"Share Button\"\/><\/a><script type=\"text\/javascript\">var hupso_services_t=new Array(\"Twitter\",\"Facebook\",\"Google Plus\",\"Pinterest\",\"Linkedin\",\"Email\",\"Print\");var hupso_background_t=\"#EAF4FF\";var hupso_border_t=\"#66CCFF\";var hupso_toolbar_size_t=\"medium\";var hupso_image_folder_url = \"\";var hupso_twitter_via=\"hectorops\";var hupso_url_t=\"\";var hupso_title_t=\"REFLEXI%C3%93N%20PARA%20EL%20VIERNES%20DE%20LA%20OCTAVA%20DE%20PASCUA%2025-04-14\";<\/script><script type=\"text\/javascript\" src=\"http:\/\/static.hupso.com\/share\/js\/share_toolbar.js\"><\/script><!-- Hupso Share Buttons --><\/div>","protected":false},"excerpt":{"rendered":"<p>La lectura evang\u00e9lica que nos presenta la liturgia para hoy, viernes de la Octava de Pascua, es la tercera aparici\u00f3n de Jes\u00fas a sus disc\u00edpulos en el relato evang\u00e9lico de Juan (21,1-14). Esta narraci\u00f3n la coloca Juan en un ap\u00e9ndice &hellip; <a href=\"http:\/\/delamanodemaria.com\/?p=3429\">Continue reading <span class=\"meta-nav\">&rarr;<\/span><\/a><\/p>\n<div style=\"padding-bottom:20px; padding-top:10px;\" class=\"hupso-share-buttons\"><!-- Hupso Share Buttons - https:\/\/www.hupso.com\/share\/ --><a class=\"hupso_toolbar\" href=\"https:\/\/www.hupso.com\/share\/\"><img src=\"http:\/\/static.hupso.com\/share\/buttons\/lang\/es\/share-medium.png\" style=\"border:0px; padding-top: 5px; float:left;\" alt=\"Share Button\"\/><\/a><script type=\"text\/javascript\">var hupso_services_t=new Array(\"Twitter\",\"Facebook\",\"Google Plus\",\"Pinterest\",\"Linkedin\",\"Email\",\"Print\");var hupso_background_t=\"#EAF4FF\";var hupso_border_t=\"#66CCFF\";var hupso_toolbar_size_t=\"medium\";var hupso_image_folder_url = \"\";var hupso_twitter_via=\"hectorops\";var hupso_url_t=\"\";var hupso_title_t=\"REFLEXI%C3%93N%20PARA%20EL%20VIERNES%20DE%20LA%20OCTAVA%20DE%20PASCUA%2025-04-14\";<\/script><script type=\"text\/javascript\" src=\"http:\/\/static.hupso.com\/share\/js\/share_toolbar.js\"><\/script><!-- Hupso Share Buttons --><\/div>","protected":false},"author":1,"featured_media":0,"comment_status":"open","ping_status":"open","sticky":false,"template":"","format":"standard","meta":{"jetpack_post_was_ever_published":false,"_jetpack_newsletter_access":"","_jetpack_newsletter_tier_id":0,"jetpack_publicize_message":"","jetpack_is_tweetstorm":false,"jetpack_publicize_feature_enabled":true,"jetpack_social_post_already_shared":true,"jetpack_social_options":{"image_generator_settings":{"template":"highway","enabled":false}}},"categories":[1],"tags":[96,139,64,138,140,75,2,519,127],"jetpack_publicize_connections":[],"jetpack_featured_media_url":"","jetpack_shortlink":"https:\/\/wp.me\/p3bBgS-Tj","jetpack_sharing_enabled":true,"jetpack_likes_enabled":true,"_links":{"self":[{"href":"http:\/\/delamanodemaria.com\/index.php?rest_route=\/wp\/v2\/posts\/3429"}],"collection":[{"href":"http:\/\/delamanodemaria.com\/index.php?rest_route=\/wp\/v2\/posts"}],"about":[{"href":"http:\/\/delamanodemaria.com\/index.php?rest_route=\/wp\/v2\/types\/post"}],"author":[{"embeddable":true,"href":"http:\/\/delamanodemaria.com\/index.php?rest_route=\/wp\/v2\/users\/1"}],"replies":[{"embeddable":true,"href":"http:\/\/delamanodemaria.com\/index.php?rest_route=%2Fwp%2Fv2%2Fcomments&post=3429"}],"version-history":[{"count":3,"href":"http:\/\/delamanodemaria.com\/index.php?rest_route=\/wp\/v2\/posts\/3429\/revisions"}],"predecessor-version":[{"id":3433,"href":"http:\/\/delamanodemaria.com\/index.php?rest_route=\/wp\/v2\/posts\/3429\/revisions\/3433"}],"wp:attachment":[{"href":"http:\/\/delamanodemaria.com\/index.php?rest_route=%2Fwp%2Fv2%2Fmedia&parent=3429"}],"wp:term":[{"taxonomy":"category","embeddable":true,"href":"http:\/\/delamanodemaria.com\/index.php?rest_route=%2Fwp%2Fv2%2Fcategories&post=3429"},{"taxonomy":"post_tag","embeddable":true,"href":"http:\/\/delamanodemaria.com\/index.php?rest_route=%2Fwp%2Fv2%2Ftags&post=3429"}],"curies":[{"name":"wp","href":"https:\/\/api.w.org\/{rel}","templated":true}]}}