{"id":3440,"date":"2014-04-26T17:11:54","date_gmt":"2014-04-26T21:11:54","guid":{"rendered":"http:\/\/delamanodemaria.com\/?p=3440"},"modified":"2014-04-26T17:11:54","modified_gmt":"2014-04-26T21:11:54","slug":"siga-en-vivo-la-canonizacion-de-los-papas-juan-xxiii-y-juan-pablo-ii","status":"publish","type":"post","link":"http:\/\/delamanodemaria.com\/?p=3440","title":{"rendered":"SIGA EN VIVO LA CANONIZACI\u00d3N DE LOS PAPAS JUAN XXIII Y JUAN PABLO II"},"content":{"rendered":"<p><a href=\"http:\/\/delamanodemaria.com\/wp-content\/uploads\/2013\/07\/ppjpiijuanxxiii020713.jpg\"><img decoding=\"async\" loading=\"lazy\" class=\"size-full wp-image-1389 aligncenter\" src=\"http:\/\/delamanodemaria.com\/wp-content\/uploads\/2013\/07\/ppjpiijuanxxiii020713.jpg\" alt=\"ppjpiijuanxxiii020713\" width=\"500\" height=\"340\" srcset=\"http:\/\/delamanodemaria.com\/wp-content\/uploads\/2013\/07\/ppjpiijuanxxiii020713.jpg 500w, http:\/\/delamanodemaria.com\/wp-content\/uploads\/2013\/07\/ppjpiijuanxxiii020713-300x204.jpg 300w, http:\/\/delamanodemaria.com\/wp-content\/uploads\/2013\/07\/ppjpiijuanxxiii020713-441x300.jpg 441w\" sizes=\"(max-width: 500px) 100vw, 500px\" \/><\/a><\/p>\n<p>Gracias a las nuevas tecnolog\u00edas, este Domingo de la Divina Misericordia tendremos la oportunidad \u00fanica en la historia de presenciar la canonizaci\u00f3n de dos papas, Juan XXIII y Juan Pablo II, con la presencia del papa Francisco y el papa em\u00e9rito Benedicto XVI.\u00a0<strong style=\"color: #555555;\">&#8220;Roma vivir\u00e1 un evento hist\u00f3rico: Dos papas vivos y dos papas santos.\u00a0<\/strong><span style=\"font-weight: normal; color: #555555;\">Imagino qu\u00e9 emoci\u00f3n sentir\u00e1n Benedicto XVI y Francisco&#8221;, dijo Liberio Andreatta,\u00a0presidente de la Obra Romana de Peregrinaciones.<\/span><\/p>\n<p>La ceremonia comenzar\u00e1 a las 4:00 A.M. (hora del este de los EEUU).<\/p>\n<p>Si no tienes la oportunidad de ver esta hist\u00f3rica ceremonia por la televisi\u00f3n, puedes presenciarla en <a href=\"http:\/\/www.youtube.com\/watch?v=Z1koIC-ngco\" target=\"_blank\">vivo\u00a0a trav\u00e9s del Centro Televisivo Vaticano<\/a>.<\/p>\n<p><iframe loading=\"lazy\" src=\"\/\/www.youtube.com\/embed\/Z1koIC-ngco\" width=\"560\" height=\"315\" frameborder=\"0\" allowfullscreen=\"allowfullscreen\"><\/iframe><\/p>\n<div style=\"padding-bottom:20px; padding-top:10px;\" class=\"hupso-share-buttons\"><!-- Hupso Share Buttons - https:\/\/www.hupso.com\/share\/ --><a class=\"hupso_toolbar\" href=\"https:\/\/www.hupso.com\/share\/\"><img src=\"http:\/\/static.hupso.com\/share\/buttons\/lang\/es\/share-medium.png\" style=\"border:0px; padding-top: 5px; float:left;\" alt=\"Share Button\"\/><\/a><script type=\"text\/javascript\">var hupso_services_t=new Array(\"Twitter\",\"Facebook\",\"Google Plus\",\"Pinterest\",\"Linkedin\",\"Email\",\"Print\");var hupso_background_t=\"#EAF4FF\";var hupso_border_t=\"#66CCFF\";var hupso_toolbar_size_t=\"medium\";var hupso_image_folder_url = \"\";var hupso_twitter_via=\"hectorops\";var hupso_url_t=\"\";var hupso_title_t=\"SIGA%20EN%20VIVO%20LA%20CANONIZACI%C3%93N%20DE%20LOS%20PAPAS%20JUAN%20XXIII%20Y%20JUAN%20PABLO%20II\";<\/script><script type=\"text\/javascript\" src=\"http:\/\/static.hupso.com\/share\/js\/share_toolbar.js\"><\/script><!-- Hupso Share Buttons --><\/div>","protected":false},"excerpt":{"rendered":"<p>Gracias a las nuevas tecnolog\u00edas, este Domingo de la Divina Misericordia tendremos la oportunidad \u00fanica en la historia de presenciar la canonizaci\u00f3n de dos papas, Juan XXIII y Juan Pablo II, con la presencia del papa Francisco y el papa &hellip; <a href=\"http:\/\/delamanodemaria.com\/?p=3440\">Continue reading <span class=\"meta-nav\">&rarr;<\/span><\/a><\/p>\n<div style=\"padding-bottom:20px; padding-top:10px;\" class=\"hupso-share-buttons\"><!-- Hupso Share Buttons - https:\/\/www.hupso.com\/share\/ --><a class=\"hupso_toolbar\" href=\"https:\/\/www.hupso.com\/share\/\"><img src=\"http:\/\/static.hupso.com\/share\/buttons\/lang\/es\/share-medium.png\" style=\"border:0px; padding-top: 5px; float:left;\" alt=\"Share Button\"\/><\/a><script type=\"text\/javascript\">var hupso_services_t=new Array(\"Twitter\",\"Facebook\",\"Google Plus\",\"Pinterest\",\"Linkedin\",\"Email\",\"Print\");var hupso_background_t=\"#EAF4FF\";var hupso_border_t=\"#66CCFF\";var hupso_toolbar_size_t=\"medium\";var hupso_image_folder_url = \"\";var hupso_twitter_via=\"hectorops\";var hupso_url_t=\"\";var hupso_title_t=\"SIGA%20EN%20VIVO%20LA%20CANONIZACI%C3%93N%20DE%20LOS%20PAPAS%20JUAN%20XXIII%20Y%20JUAN%20PABLO%20II\";<\/script><script type=\"text\/javascript\" src=\"http:\/\/static.hupso.com\/share\/js\/share_toolbar.js\"><\/script><!-- Hupso Share Buttons --><\/div>","protected":false},"author":1,"featured_media":0,"comment_status":"open","ping_status":"open","sticky":false,"template":"","format":"standard","meta":{"jetpack_post_was_ever_published":false,"_jetpack_newsletter_access":"","_jetpack_newsletter_tier_id":0,"jetpack_publicize_message":"","jetpack_is_tweetstorm":false,"jetpack_publicize_feature_enabled":true,"jetpack_social_post_already_shared":true,"jetpack_social_options":{"image_generator_settings":{"template":"highway","enabled":false}}},"categories":[1],"tags":[207,65,222,20],"jetpack_publicize_connections":[],"jetpack_featured_media_url":"","jetpack_shortlink":"https:\/\/wp.me\/p3bBgS-Tu","jetpack_sharing_enabled":true,"jetpack_likes_enabled":true,"_links":{"self":[{"href":"http:\/\/delamanodemaria.com\/index.php?rest_route=\/wp\/v2\/posts\/3440"}],"collection":[{"href":"http:\/\/delamanodemaria.com\/index.php?rest_route=\/wp\/v2\/posts"}],"about":[{"href":"http:\/\/delamanodemaria.com\/index.php?rest_route=\/wp\/v2\/types\/post"}],"author":[{"embeddable":true,"href":"http:\/\/delamanodemaria.com\/index.php?rest_route=\/wp\/v2\/users\/1"}],"replies":[{"embeddable":true,"href":"http:\/\/delamanodemaria.com\/index.php?rest_route=%2Fwp%2Fv2%2Fcomments&post=3440"}],"version-history":[{"count":4,"href":"http:\/\/delamanodemaria.com\/index.php?rest_route=\/wp\/v2\/posts\/3440\/revisions"}],"predecessor-version":[{"id":3444,"href":"http:\/\/delamanodemaria.com\/index.php?rest_route=\/wp\/v2\/posts\/3440\/revisions\/3444"}],"wp:attachment":[{"href":"http:\/\/delamanodemaria.com\/index.php?rest_route=%2Fwp%2Fv2%2Fmedia&parent=3440"}],"wp:term":[{"taxonomy":"category","embeddable":true,"href":"http:\/\/delamanodemaria.com\/index.php?rest_route=%2Fwp%2Fv2%2Fcategories&post=3440"},{"taxonomy":"post_tag","embeddable":true,"href":"http:\/\/delamanodemaria.com\/index.php?rest_route=%2Fwp%2Fv2%2Ftags&post=3440"}],"curies":[{"name":"wp","href":"https:\/\/api.w.org\/{rel}","templated":true}]}}