{"id":3457,"date":"2014-04-28T19:37:33","date_gmt":"2014-04-28T23:37:33","guid":{"rendered":"http:\/\/delamanodemaria.com\/?p=3457"},"modified":"2014-04-28T20:07:54","modified_gmt":"2014-04-29T00:07:54","slug":"video-completo-de-la-canonizacion-del-juan-xxiii-y-juan-pablo-ii","status":"publish","type":"post","link":"http:\/\/delamanodemaria.com\/?p=3457","title":{"rendered":"VIDEO COMPLETO DE LA CANONIZACI\u00d3N DE JUAN XXIII Y JUAN PABLO II"},"content":{"rendered":"<p><a href=\"http:\/\/delamanodemaria.com\/wp-content\/uploads\/2014\/04\/JPII-JXXIII-a.jpg\"><img decoding=\"async\" loading=\"lazy\" class=\"alignnone size-full wp-image-3463\" src=\"http:\/\/delamanodemaria.com\/wp-content\/uploads\/2014\/04\/JPII-JXXIII-a.jpg\" alt=\"JPII JXXIII a\" width=\"619\" height=\"347\" srcset=\"http:\/\/delamanodemaria.com\/wp-content\/uploads\/2014\/04\/JPII-JXXIII-a.jpg 619w, http:\/\/delamanodemaria.com\/wp-content\/uploads\/2014\/04\/JPII-JXXIII-a-300x168.jpg 300w, http:\/\/delamanodemaria.com\/wp-content\/uploads\/2014\/04\/JPII-JXXIII-a-500x280.jpg 500w\" sizes=\"(max-width: 619px) 100vw, 619px\" \/><\/a><\/p>\n<p>Para los que no tuvieron la oportunidad de verlo en vivo, aqu\u00ed el enlace para ver el v\u00eddeo completo de la ceremonia de canonizaci\u00f3n de Juan XXIII y Juan Pablo II.<\/p>\n<p>Para escuchar comentarios y traducci\u00f3n al espa\u00f1ol, presionen la barra que dice &#8220;ESPA\u00d1OL&#8221; en la parte superior del video.<\/p>\n<p>La canonizaci\u00f3n propiamente comienza alrededor el minuto n\u00famero 40&#8230;<\/p>\n<p>Espero que la disfruten.<\/p>\n<p><a href=\"http:\/\/www.youtube.com\/watch?v=CoftCRiuPCY\" target=\"_blank\">http:\/\/www.youtube.com\/watch?v=CoftCRiuPCY<\/a><\/p>\n<div style=\"padding-bottom:20px; padding-top:10px;\" class=\"hupso-share-buttons\"><!-- Hupso Share Buttons - https:\/\/www.hupso.com\/share\/ --><a class=\"hupso_toolbar\" href=\"https:\/\/www.hupso.com\/share\/\"><img src=\"http:\/\/static.hupso.com\/share\/buttons\/lang\/es\/share-medium.png\" style=\"border:0px; padding-top: 5px; float:left;\" alt=\"Share Button\"\/><\/a><script type=\"text\/javascript\">var hupso_services_t=new Array(\"Twitter\",\"Facebook\",\"Google Plus\",\"Pinterest\",\"Linkedin\",\"Email\",\"Print\");var hupso_background_t=\"#EAF4FF\";var hupso_border_t=\"#66CCFF\";var hupso_toolbar_size_t=\"medium\";var hupso_image_folder_url = \"\";var hupso_twitter_via=\"hectorops\";var hupso_url_t=\"\";var hupso_title_t=\"VIDEO%20COMPLETO%20DE%20LA%20CANONIZACI%C3%93N%20DE%20JUAN%20XXIII%20Y%20JUAN%20PABLO%20II\";<\/script><script type=\"text\/javascript\" src=\"http:\/\/static.hupso.com\/share\/js\/share_toolbar.js\"><\/script><!-- Hupso Share Buttons --><\/div>","protected":false},"excerpt":{"rendered":"<p>Para los que no tuvieron la oportunidad de verlo en vivo, aqu\u00ed el enlace para ver el v\u00eddeo completo de la ceremonia de canonizaci\u00f3n de Juan XXIII y Juan Pablo II. Para escuchar comentarios y traducci\u00f3n al espa\u00f1ol, presionen la &hellip; <a href=\"http:\/\/delamanodemaria.com\/?p=3457\">Continue reading <span class=\"meta-nav\">&rarr;<\/span><\/a><\/p>\n<div style=\"padding-bottom:20px; padding-top:10px;\" class=\"hupso-share-buttons\"><!-- Hupso Share Buttons - https:\/\/www.hupso.com\/share\/ --><a class=\"hupso_toolbar\" href=\"https:\/\/www.hupso.com\/share\/\"><img src=\"http:\/\/static.hupso.com\/share\/buttons\/lang\/es\/share-medium.png\" style=\"border:0px; padding-top: 5px; float:left;\" alt=\"Share Button\"\/><\/a><script type=\"text\/javascript\">var hupso_services_t=new Array(\"Twitter\",\"Facebook\",\"Google Plus\",\"Pinterest\",\"Linkedin\",\"Email\",\"Print\");var hupso_background_t=\"#EAF4FF\";var hupso_border_t=\"#66CCFF\";var hupso_toolbar_size_t=\"medium\";var hupso_image_folder_url = \"\";var hupso_twitter_via=\"hectorops\";var hupso_url_t=\"\";var hupso_title_t=\"VIDEO%20COMPLETO%20DE%20LA%20CANONIZACI%C3%93N%20DE%20JUAN%20XXIII%20Y%20JUAN%20PABLO%20II\";<\/script><script type=\"text\/javascript\" src=\"http:\/\/static.hupso.com\/share\/js\/share_toolbar.js\"><\/script><!-- Hupso Share Buttons --><\/div>","protected":false},"author":1,"featured_media":0,"comment_status":"open","ping_status":"open","sticky":false,"template":"","format":"standard","meta":{"jetpack_post_was_ever_published":false,"_jetpack_newsletter_access":"","_jetpack_newsletter_tier_id":0,"jetpack_publicize_message":"","jetpack_is_tweetstorm":false,"jetpack_publicize_feature_enabled":true,"jetpack_social_post_already_shared":true,"jetpack_social_options":{"image_generator_settings":{"template":"highway","enabled":false}}},"categories":[1],"tags":[207,35,65,222,6,11,20,77],"jetpack_publicize_connections":[],"jetpack_featured_media_url":"","jetpack_shortlink":"https:\/\/wp.me\/p3bBgS-TL","jetpack_sharing_enabled":true,"jetpack_likes_enabled":true,"_links":{"self":[{"href":"http:\/\/delamanodemaria.com\/index.php?rest_route=\/wp\/v2\/posts\/3457"}],"collection":[{"href":"http:\/\/delamanodemaria.com\/index.php?rest_route=\/wp\/v2\/posts"}],"about":[{"href":"http:\/\/delamanodemaria.com\/index.php?rest_route=\/wp\/v2\/types\/post"}],"author":[{"embeddable":true,"href":"http:\/\/delamanodemaria.com\/index.php?rest_route=\/wp\/v2\/users\/1"}],"replies":[{"embeddable":true,"href":"http:\/\/delamanodemaria.com\/index.php?rest_route=%2Fwp%2Fv2%2Fcomments&post=3457"}],"version-history":[{"count":9,"href":"http:\/\/delamanodemaria.com\/index.php?rest_route=\/wp\/v2\/posts\/3457\/revisions"}],"predecessor-version":[{"id":3467,"href":"http:\/\/delamanodemaria.com\/index.php?rest_route=\/wp\/v2\/posts\/3457\/revisions\/3467"}],"wp:attachment":[{"href":"http:\/\/delamanodemaria.com\/index.php?rest_route=%2Fwp%2Fv2%2Fmedia&parent=3457"}],"wp:term":[{"taxonomy":"category","embeddable":true,"href":"http:\/\/delamanodemaria.com\/index.php?rest_route=%2Fwp%2Fv2%2Fcategories&post=3457"},{"taxonomy":"post_tag","embeddable":true,"href":"http:\/\/delamanodemaria.com\/index.php?rest_route=%2Fwp%2Fv2%2Ftags&post=3457"}],"curies":[{"name":"wp","href":"https:\/\/api.w.org\/{rel}","templated":true}]}}