{"id":3468,"date":"2014-04-29T22:46:31","date_gmt":"2014-04-30T02:46:31","guid":{"rendered":"http:\/\/delamanodemaria.com\/?p=3468"},"modified":"2014-04-29T22:46:31","modified_gmt":"2014-04-30T02:46:31","slug":"reflexion-para-el-miercoles-de-la-segunda-semana-de-pascua-30-04-14","status":"publish","type":"post","link":"http:\/\/delamanodemaria.com\/?p=3468","title":{"rendered":"REFLEXI\u00d3N PARA EL MI\u00c9RCOLES DE LA SEGUNDA SEMANA DE PASCUA 30-04-14"},"content":{"rendered":"<p><a href=\"http:\/\/delamanodemaria.com\/wp-content\/uploads\/2013\/12\/Envio-a-su-hijo-para-dar-luz-al-mundo-med.jpg\"><img decoding=\"async\" loading=\"lazy\" class=\"alignnone size-full wp-image-2667\" src=\"http:\/\/delamanodemaria.com\/wp-content\/uploads\/2013\/12\/Envio-a-su-hijo-para-dar-luz-al-mundo-med.jpg\" alt=\"Envio a su hijo para dar luz al mundo med\" width=\"600\" height=\"398\" srcset=\"http:\/\/delamanodemaria.com\/wp-content\/uploads\/2013\/12\/Envio-a-su-hijo-para-dar-luz-al-mundo-med.jpg 600w, http:\/\/delamanodemaria.com\/wp-content\/uploads\/2013\/12\/Envio-a-su-hijo-para-dar-luz-al-mundo-med-300x199.jpg 300w, http:\/\/delamanodemaria.com\/wp-content\/uploads\/2013\/12\/Envio-a-su-hijo-para-dar-luz-al-mundo-med-452x300.jpg 452w\" sizes=\"(max-width: 600px) 100vw, 600px\" \/><\/a><\/p>\n<p>La lectura evang\u00e9lica que nos presenta la liturgia para hoy (Jn 3,16-21) es la culminaci\u00f3n del di\u00e1logo de Jes\u00fas con Nicodemo que comenz\u00e1ramos este lunes. Algunos ex\u00e9getas sostienen que esta parte del di\u00e1logo no fue pronunciada por Jes\u00fas, sino que es una conclusi\u00f3n teol\u00f3gica que el autor a\u00f1ade a lo que pudo ser el di\u00e1logo original. Lo cierto es que en esta parte del di\u00e1logo Jes\u00fas llega a una mayor profundidad en la revelaci\u00f3n de su propio misterio.<\/p>\n<p>\u201cTanto am\u00f3 Dios al mundo, que entreg\u00f3 a su Hijo \u00fanico\u201d\u2026 Todo es iniciativa de Dios, iniciativa de amor. Todo el relato evang\u00e9lico de Juan, toda su teolog\u00eda gira en torno a este principio del amor gratuito, incondicional, e infinito de Dios, que es el Amor mismo. Analicemos esta frase. El uso del superlativo \u201ctanto\u201d, implica que ese amor no tiene l\u00edmites, es hasta el fin, hasta el extremo (Jn 13,2). Juan no cesa de repetirlo. Dios nos ama con locura, con pasi\u00f3n; y ese amor lo llev\u00f3 a regalarnos a su propio Hijo, para que todos podamos salvarnos, \u201cpara que no perezca ninguno de los que creen en \u00e9l, sino que tengan vida eterna\u201d. Tanto nos ama Jes\u00fas, tanto te ama, tanto me ama\u2026<\/p>\n<p>Y todo el que conoce ese amor incondicional de Dios cree en \u00c9l. \u201cHemos conocido el amor que Dios nos tiene y hemos cre\u00eddo en \u00c9l\u201d (1 Jn 4,16).<\/p>\n<p>Pero Dios nos ama tanto que respeta nuestra libertad, nuestro libre albedr\u00edo; nos da la opci\u00f3n del aceptar el regalo, o rechazarlo: \u201cEl que cree en \u00e9l no ser\u00e1 juzgado; el que no cree ya est\u00e1 juzgado, porque no ha cre\u00eddo en el nombre del Hijo \u00fanico de Dios\u201d. Para mostrar su punto, Juan echa mano de la contraposici\u00f3n entre la luz y las tinieblas: \u201cEl juicio consiste en esto: que la luz vino al mundo, y los hombres prefirieron la tiniebla a la luz, porque sus obras eran malas. Pues todo el que obra perversamente detesta la luz y no se acerca a la luz, para no verse acusado por sus obras. En cambio, el que realiza la verdad se acerca a la luz, para que se vea que sus obras est\u00e1n hechas seg\u00fan Dios\u201d.<\/p>\n<p>En el mismo Evangelio Jes\u00fas dir\u00e1 m\u00e1s adelante: \u201cYo soy la luz del mundo. El que me sigue no andar\u00e1 en tinieblas, sino que tendr\u00e1 la luz de la Vida\u201d (Jn 8,12)<\/p>\n<p>En el pasaje que nos ocupa hoy vemos que la contraposici\u00f3n entre la luz y las tinieblas no depende del conocimiento de Jes\u00fas y su doctrina, sino de nuestras obras. \u201cEl que <strong><em>obra<\/em><\/strong> perversamente detesta a Luz\u2026 el que <strong><em>realiza<\/em><\/strong> la verdad se acerca a la Luz, para que vea que sus <strong><em>obras<\/em><\/strong> est\u00e1n hechas seg\u00fan Dios\u201d. Es claro: todo el que ha conocido el amor de Dios no tiene m\u00e1s remedio que reciprocarlo, y esa reciprocidad se traduce en obras. Es \u201cla fe que se ve\u201d\u2026 \u201cLa fe, si no va acompa\u00f1ada de las obras, est\u00e1 completamente muerta\u201d\u2026. \u201cel hombre no es justificado s\u00f3lo por la fe, sino tambi\u00e9n por las obras\u201d (St 2, 17.24). En eso consiste el plan de salvaci\u00f3n que Jes\u00fas nos presenta.<\/p>\n<p>Dios es amor. \u00c9l no condena a nadie como lo har\u00eda un juez humano. Cada uno de nosotros, seg\u00fan nuestro modo de actuar, estamos forjando nuestra salvaci\u00f3n o condenaci\u00f3n. El cielo, la salvaci\u00f3n, comienza aqu\u00ed. \u00a1Manos a la obra!<\/p>\n<div style=\"padding-bottom:20px; padding-top:10px;\" class=\"hupso-share-buttons\"><!-- Hupso Share Buttons - https:\/\/www.hupso.com\/share\/ --><a class=\"hupso_toolbar\" href=\"https:\/\/www.hupso.com\/share\/\"><img src=\"http:\/\/static.hupso.com\/share\/buttons\/lang\/es\/share-medium.png\" style=\"border:0px; padding-top: 5px; float:left;\" alt=\"Share Button\"\/><\/a><script type=\"text\/javascript\">var hupso_services_t=new Array(\"Twitter\",\"Facebook\",\"Google Plus\",\"Pinterest\",\"Linkedin\",\"Email\",\"Print\");var hupso_background_t=\"#EAF4FF\";var hupso_border_t=\"#66CCFF\";var hupso_toolbar_size_t=\"medium\";var hupso_image_folder_url = \"\";var hupso_twitter_via=\"hectorops\";var hupso_url_t=\"\";var hupso_title_t=\"REFLEXI%C3%93N%20PARA%20EL%20MI%C3%89RCOLES%20DE%20LA%20SEGUNDA%20SEMANA%20DE%20PASCUA%2030-04-14\";<\/script><script type=\"text\/javascript\" src=\"http:\/\/static.hupso.com\/share\/js\/share_toolbar.js\"><\/script><!-- Hupso Share Buttons --><\/div>","protected":false},"excerpt":{"rendered":"<p>La lectura evang\u00e9lica que nos presenta la liturgia para hoy (Jn 3,16-21) es la culminaci\u00f3n del di\u00e1logo de Jes\u00fas con Nicodemo que comenz\u00e1ramos este lunes. Algunos ex\u00e9getas sostienen que esta parte del di\u00e1logo no fue pronunciada por Jes\u00fas, sino que &hellip; <a href=\"http:\/\/delamanodemaria.com\/?p=3468\">Continue reading <span class=\"meta-nav\">&rarr;<\/span><\/a><\/p>\n<div style=\"padding-bottom:20px; padding-top:10px;\" class=\"hupso-share-buttons\"><!-- Hupso Share Buttons - https:\/\/www.hupso.com\/share\/ --><a class=\"hupso_toolbar\" href=\"https:\/\/www.hupso.com\/share\/\"><img src=\"http:\/\/static.hupso.com\/share\/buttons\/lang\/es\/share-medium.png\" style=\"border:0px; padding-top: 5px; float:left;\" alt=\"Share Button\"\/><\/a><script type=\"text\/javascript\">var hupso_services_t=new Array(\"Twitter\",\"Facebook\",\"Google Plus\",\"Pinterest\",\"Linkedin\",\"Email\",\"Print\");var hupso_background_t=\"#EAF4FF\";var hupso_border_t=\"#66CCFF\";var hupso_toolbar_size_t=\"medium\";var hupso_image_folder_url = \"\";var hupso_twitter_via=\"hectorops\";var hupso_url_t=\"\";var hupso_title_t=\"REFLEXI%C3%93N%20PARA%20EL%20MI%C3%89RCOLES%20DE%20LA%20SEGUNDA%20SEMANA%20DE%20PASCUA%2030-04-14\";<\/script><script type=\"text\/javascript\" src=\"http:\/\/static.hupso.com\/share\/js\/share_toolbar.js\"><\/script><!-- Hupso Share Buttons --><\/div>","protected":false},"author":1,"featured_media":0,"comment_status":"open","ping_status":"open","sticky":false,"template":"","format":"standard","meta":{"jetpack_post_was_ever_published":false,"_jetpack_newsletter_access":"","_jetpack_newsletter_tier_id":0,"jetpack_publicize_message":"","jetpack_is_tweetstorm":false,"jetpack_publicize_feature_enabled":true,"jetpack_social_post_already_shared":true,"jetpack_social_options":{"image_generator_settings":{"template":"highway","enabled":false}}},"categories":[1],"tags":[30,22,419,203,37,160,525,528,42,2,87,86],"jetpack_publicize_connections":[],"jetpack_featured_media_url":"","jetpack_shortlink":"https:\/\/wp.me\/p3bBgS-TW","jetpack_sharing_enabled":true,"jetpack_likes_enabled":true,"_links":{"self":[{"href":"http:\/\/delamanodemaria.com\/index.php?rest_route=\/wp\/v2\/posts\/3468"}],"collection":[{"href":"http:\/\/delamanodemaria.com\/index.php?rest_route=\/wp\/v2\/posts"}],"about":[{"href":"http:\/\/delamanodemaria.com\/index.php?rest_route=\/wp\/v2\/types\/post"}],"author":[{"embeddable":true,"href":"http:\/\/delamanodemaria.com\/index.php?rest_route=\/wp\/v2\/users\/1"}],"replies":[{"embeddable":true,"href":"http:\/\/delamanodemaria.com\/index.php?rest_route=%2Fwp%2Fv2%2Fcomments&post=3468"}],"version-history":[{"count":2,"href":"http:\/\/delamanodemaria.com\/index.php?rest_route=\/wp\/v2\/posts\/3468\/revisions"}],"predecessor-version":[{"id":3470,"href":"http:\/\/delamanodemaria.com\/index.php?rest_route=\/wp\/v2\/posts\/3468\/revisions\/3470"}],"wp:attachment":[{"href":"http:\/\/delamanodemaria.com\/index.php?rest_route=%2Fwp%2Fv2%2Fmedia&parent=3468"}],"wp:term":[{"taxonomy":"category","embeddable":true,"href":"http:\/\/delamanodemaria.com\/index.php?rest_route=%2Fwp%2Fv2%2Fcategories&post=3468"},{"taxonomy":"post_tag","embeddable":true,"href":"http:\/\/delamanodemaria.com\/index.php?rest_route=%2Fwp%2Fv2%2Ftags&post=3468"}],"curies":[{"name":"wp","href":"https:\/\/api.w.org\/{rel}","templated":true}]}}