{"id":3537,"date":"2014-05-12T20:35:57","date_gmt":"2014-05-13T00:35:57","guid":{"rendered":"http:\/\/delamanodemaria.com\/?p=3537"},"modified":"2014-05-12T20:39:40","modified_gmt":"2014-05-13T00:39:40","slug":"reflexion-para-el-martes-de-la-cuarta-semana-de-pascua-nuestra-senora-de-fatima-13-05-14","status":"publish","type":"post","link":"http:\/\/delamanodemaria.com\/?p=3537","title":{"rendered":"REFLEXI\u00d3N PARA EL MARTES DE LA CUARTA SEMANA DE PASCUA (NUESTRA SE\u00d1ORA DE F\u00c1TIMA) 13-05-14"},"content":{"rendered":"<p><a href=\"http:\/\/delamanodemaria.com\/wp-content\/uploads\/2014\/05\/Fatima-JP-II.jpg\"><img decoding=\"async\" loading=\"lazy\" class=\"size-full wp-image-3538 aligncenter\" src=\"http:\/\/delamanodemaria.com\/wp-content\/uploads\/2014\/05\/Fatima-JP-II.jpg\" alt=\"Fatima JP II\" width=\"585\" height=\"519\" srcset=\"http:\/\/delamanodemaria.com\/wp-content\/uploads\/2014\/05\/Fatima-JP-II.jpg 585w, http:\/\/delamanodemaria.com\/wp-content\/uploads\/2014\/05\/Fatima-JP-II-300x266.jpg 300w, http:\/\/delamanodemaria.com\/wp-content\/uploads\/2014\/05\/Fatima-JP-II-338x300.jpg 338w\" sizes=\"(max-width: 585px) 100vw, 585px\" \/><\/a><\/p>\n<p>Hoy la Iglesia Universal conmemora la aparici\u00f3n de la Nuestra Se\u00f1ora de F\u00e1tima a los ni\u00f1os Luc\u00eda, Jacinta y Francisco. En <a href=\"http:\/\/delamanodemaria.com\/?p=1018\" target=\"_blank\">nuestra reflexi\u00f3n del pasado a\u00f1o<\/a> ofrecimos detalles sobre esta aparici\u00f3n, y sobre la \u00faltima, ocurrida el 13 de octubre de 1917, que es la m\u00e1s conocida y espectacular de toda la historia.<\/p>\n<p>En la liturgia pascual continuamos leyendo el libro de los Hechos de los Ap\u00f3stoles. El pasaje que leemos hoy (Hc 11,19-26) nos presenta a Bernab\u00e9 predicando exitosamente el Evangelio en Antioqu\u00eda. Entusiasmado por la acogida de la Palabra en Antioqu\u00eda, fue a buscar a Pablo y lo trajo a esa ciudad, en donde ambos permanecieron un a\u00f1o. Antioqu\u00eda se convirti\u00f3 en el gran centro de evangelizaci\u00f3n de mundo pagano. Tan visible fue el \u00e9xito de Pablo y Bernab\u00e9 en esta misi\u00f3n, y tan floreciente la comunidad de Antioqu\u00eda, que fue all\u00ed donde por primera vez llamaron \u201ccristianos\u201d a los seguidores de Jes\u00fas (11,26). Hasta entonces se les conoc\u00eda como los seguidores de \u201cel Camino\u201d.<\/p>\n<p>La lectura evang\u00e9lica (Jn 10,22-30) contin\u00faa present\u00e1ndonos la figura de Jes\u00fas-Buen Pastor. El pasaje de hoy nos narra el \u00faltimo encuentro entre Jes\u00fas y los dirigentes jud\u00edos en el relato de Juan. Es el \u00faltimo intento de estos de lograr que Jes\u00fas acepte p\u00fablicamente ante ellos su mesianismo: \u201c\u00bfHasta cu\u00e1ndo nos vas a tener en suspenso? Si t\u00fa eres el Mes\u00edas, d\u00ednoslo francamente\u201d. La pregunta iba dirigida a hacerles m\u00e1s f\u00e1cil su trabajo, pues ya para entonces la decisi\u00f3n estaba tomada: hab\u00eda que \u201celiminar\u201d a Jes\u00fas.<\/p>\n<p>Jes\u00fas evade contestar directamente la pregunta y les remite a sus obras, que \u00c9l hace \u201cen nombre de [su] Padre\u201d. Pero los dirigentes jud\u00edos se niegan a creer porque est\u00e1n cegados. Aceptar que Jes\u00fas es el Mes\u00edas les quitar\u00eda su base de poder. Eso no les permite \u201cver\u201d las obras de Jes\u00fas, y mucho menos escuchar su voz. \u201cPero vosotros no cre\u00e9is, porque no sois ovejas m\u00edas. Mis ovejas escuchan mi voz, y yo las conozco, y ellas me siguen, y yo les doy la vida eterna; no perecer\u00e1n para siempre, y nadie las arrebatar\u00e1 de mi mano\u201d.<\/p>\n<p>De nuevo la referencia a la relaci\u00f3n entre el pastor y sus ovejas: \u201cYo las conozco y ellas me siguen\u201d. Cuando hablamos de \u201cconocer\u201d en t\u00e9rminos b\u00edblicos, nos referimos a algo m\u00e1s que saber el nombre o reconocer a alguien. Ese verbo implica una intimidad que va m\u00e1s all\u00e1 de lo cotidiano. Y esa intimidad lleva a los verdaderos disc\u00edpulos de Jes\u00fas a seguirle sin reservas, a confiar plenamente el \u00c9l, a aceptar su camino, como las ovejas que siguen la voz del pastor sabiendo que este les conducir\u00e1 a las verdes praderas, hacia fuentes tranquilas (<em>Cfr.<\/em> Sal 22). En el caso de los disc\u00edpulos de Jes\u00fas ese seguimiento es el que nos conduce a la \u201cVida eterna\u201d.<\/p>\n<p>Vemos que Jes\u00fas siempre habla en plural al referirse a nosotros como sus ovejas. Nos est\u00e1 diciendo que formamos parte de un pueblo, de un \u201creba\u00f1o\u201d, de una Iglesia; que nuestra salvaci\u00f3n no es individual, que no podemos desentendernos de nuestros hermanos ni de nuestra Iglesia, aunque en ocasiones nos sintamos inc\u00f3modos con alguien o algo. No podemos caminar separados del \u201creba\u00f1o\u201d, pues si nos separamos del reba\u00f1o, nos separamos del Pastor.<\/p>\n<div style=\"padding-bottom:20px; padding-top:10px;\" class=\"hupso-share-buttons\"><!-- Hupso Share Buttons - https:\/\/www.hupso.com\/share\/ --><a class=\"hupso_toolbar\" href=\"https:\/\/www.hupso.com\/share\/\"><img src=\"http:\/\/static.hupso.com\/share\/buttons\/lang\/es\/share-medium.png\" style=\"border:0px; padding-top: 5px; float:left;\" alt=\"Share Button\"\/><\/a><script type=\"text\/javascript\">var hupso_services_t=new Array(\"Twitter\",\"Facebook\",\"Google Plus\",\"Pinterest\",\"Linkedin\",\"Email\",\"Print\");var hupso_background_t=\"#EAF4FF\";var hupso_border_t=\"#66CCFF\";var hupso_toolbar_size_t=\"medium\";var hupso_image_folder_url = \"\";var hupso_twitter_via=\"hectorops\";var hupso_url_t=\"\";var hupso_title_t=\"REFLEXI%C3%93N%20PARA%20EL%20MARTES%20DE%20LA%20CUARTA%20SEMANA%20DE%20PASCUA%20%28NUESTRA%20SE%C3%91ORA%20DE%20F%C3%81TIMA%29%2013-05-14\";<\/script><script type=\"text\/javascript\" src=\"http:\/\/static.hupso.com\/share\/js\/share_toolbar.js\"><\/script><!-- Hupso Share Buttons --><\/div>","protected":false},"excerpt":{"rendered":"<p>Hoy la Iglesia Universal conmemora la aparici\u00f3n de la Nuestra Se\u00f1ora de F\u00e1tima a los ni\u00f1os Luc\u00eda, Jacinta y Francisco. En nuestra reflexi\u00f3n del pasado a\u00f1o ofrecimos detalles sobre esta aparici\u00f3n, y sobre la \u00faltima, ocurrida el 13 de octubre &hellip; <a href=\"http:\/\/delamanodemaria.com\/?p=3537\">Continue reading <span class=\"meta-nav\">&rarr;<\/span><\/a><\/p>\n<div style=\"padding-bottom:20px; padding-top:10px;\" class=\"hupso-share-buttons\"><!-- Hupso Share Buttons - https:\/\/www.hupso.com\/share\/ --><a class=\"hupso_toolbar\" href=\"https:\/\/www.hupso.com\/share\/\"><img src=\"http:\/\/static.hupso.com\/share\/buttons\/lang\/es\/share-medium.png\" style=\"border:0px; padding-top: 5px; float:left;\" alt=\"Share Button\"\/><\/a><script type=\"text\/javascript\">var hupso_services_t=new Array(\"Twitter\",\"Facebook\",\"Google Plus\",\"Pinterest\",\"Linkedin\",\"Email\",\"Print\");var hupso_background_t=\"#EAF4FF\";var hupso_border_t=\"#66CCFF\";var hupso_toolbar_size_t=\"medium\";var hupso_image_folder_url = \"\";var hupso_twitter_via=\"hectorops\";var hupso_url_t=\"\";var hupso_title_t=\"REFLEXI%C3%93N%20PARA%20EL%20MARTES%20DE%20LA%20CUARTA%20SEMANA%20DE%20PASCUA%20%28NUESTRA%20SE%C3%91ORA%20DE%20F%C3%81TIMA%29%2013-05-14\";<\/script><script type=\"text\/javascript\" src=\"http:\/\/static.hupso.com\/share\/js\/share_toolbar.js\"><\/script><!-- Hupso Share Buttons --><\/div>","protected":false},"author":1,"featured_media":0,"comment_status":"open","ping_status":"open","sticky":false,"template":"","format":"standard","meta":{"jetpack_post_was_ever_published":false,"_jetpack_newsletter_access":"","_jetpack_newsletter_tier_id":0,"jetpack_publicize_message":"","jetpack_is_tweetstorm":false,"jetpack_publicize_feature_enabled":true,"jetpack_social_post_already_shared":true,"jetpack_social_options":{"image_generator_settings":{"template":"highway","enabled":false}}},"categories":[1],"tags":[66,106,94,139,179,311,188,418,144,86],"jetpack_publicize_connections":[],"jetpack_featured_media_url":"","jetpack_shortlink":"https:\/\/wp.me\/p3bBgS-V3","jetpack_sharing_enabled":true,"jetpack_likes_enabled":true,"_links":{"self":[{"href":"http:\/\/delamanodemaria.com\/index.php?rest_route=\/wp\/v2\/posts\/3537"}],"collection":[{"href":"http:\/\/delamanodemaria.com\/index.php?rest_route=\/wp\/v2\/posts"}],"about":[{"href":"http:\/\/delamanodemaria.com\/index.php?rest_route=\/wp\/v2\/types\/post"}],"author":[{"embeddable":true,"href":"http:\/\/delamanodemaria.com\/index.php?rest_route=\/wp\/v2\/users\/1"}],"replies":[{"embeddable":true,"href":"http:\/\/delamanodemaria.com\/index.php?rest_route=%2Fwp%2Fv2%2Fcomments&post=3537"}],"version-history":[{"count":4,"href":"http:\/\/delamanodemaria.com\/index.php?rest_route=\/wp\/v2\/posts\/3537\/revisions"}],"predecessor-version":[{"id":3542,"href":"http:\/\/delamanodemaria.com\/index.php?rest_route=\/wp\/v2\/posts\/3537\/revisions\/3542"}],"wp:attachment":[{"href":"http:\/\/delamanodemaria.com\/index.php?rest_route=%2Fwp%2Fv2%2Fmedia&parent=3537"}],"wp:term":[{"taxonomy":"category","embeddable":true,"href":"http:\/\/delamanodemaria.com\/index.php?rest_route=%2Fwp%2Fv2%2Fcategories&post=3537"},{"taxonomy":"post_tag","embeddable":true,"href":"http:\/\/delamanodemaria.com\/index.php?rest_route=%2Fwp%2Fv2%2Ftags&post=3537"}],"curies":[{"name":"wp","href":"https:\/\/api.w.org\/{rel}","templated":true}]}}