{"id":3594,"date":"2014-05-23T19:58:45","date_gmt":"2014-05-23T23:58:45","guid":{"rendered":"http:\/\/delamanodemaria.com\/?p=3594"},"modified":"2014-05-23T19:58:45","modified_gmt":"2014-05-23T23:58:45","slug":"reflexion-para-el-sabado-de-la-quinta-semana-de-pascua-24-05-14","status":"publish","type":"post","link":"http:\/\/delamanodemaria.com\/?p=3594","title":{"rendered":"REFLEXI\u00d3N PARA EL S\u00c1BADO DE LA QUINTA SEMANA DE PASCUA 24-05-14"},"content":{"rendered":"<p><a href=\"http:\/\/delamanodemaria.com\/wp-content\/uploads\/2014\/05\/Si-el-mundo-os-odia.jpg\"><img decoding=\"async\" loading=\"lazy\" class=\"alignnone size-full wp-image-3596\" src=\"http:\/\/delamanodemaria.com\/wp-content\/uploads\/2014\/05\/Si-el-mundo-os-odia.jpg\" alt=\"Si el mundo os odia\" width=\"600\" height=\"250\" srcset=\"http:\/\/delamanodemaria.com\/wp-content\/uploads\/2014\/05\/Si-el-mundo-os-odia.jpg 600w, http:\/\/delamanodemaria.com\/wp-content\/uploads\/2014\/05\/Si-el-mundo-os-odia-300x125.jpg 300w, http:\/\/delamanodemaria.com\/wp-content\/uploads\/2014\/05\/Si-el-mundo-os-odia-500x208.jpg 500w\" sizes=\"(max-width: 600px) 100vw, 600px\" \/><\/a><\/p>\n<p>En la lectura del evangelio que nos presenta la liturgia para hoy (Jn 15,18-21), que forma parte de la gran oraci\u00f3n de Jes\u00fas en la \u00faltima cena, \u00c9l le dice a los ap\u00f3stoles: \u201cSi fuerais del mundo, el mundo os amar\u00eda como cosa suya, pero como no sois del mundo, sino que yo os he escogido sac\u00e1ndoos del mundo, por eso el mundo os odia\u201d. En el evangelio que le\u00edamos ayer ya Jes\u00fas les hab\u00eda manifestado que fue \u00e9l quien les eligi\u00f3, y hoy vemos que a regl\u00f3n seguido les advierte que han de seguir su misma suerte. Ya desde la presentaci\u00f3n en el Templo, Sime\u00f3n hab\u00eda profetizado que el ni\u00f1o iba a ser signo de contradicci\u00f3n (Lc 2,34).<\/p>\n<p>Jes\u00fas nos ha \u201csacado de este mundo\u201d para que anunciemos a todos un nuevo modo de comprender el mundo y la vida, la Buena Noticia, que es Palabra de Dios, palabra que es viva y eficaz \u201cy m\u00e1s cortante que espada alguna de dos filos\u201d, que \u201cpenetra hasta la \u00faltima divisi\u00f3n entre alma y esp\u00edritu, articulaciones y m\u00e9dulas; y discierne sentimientos y pensamientos del coraz\u00f3n (Hb 4,12). Por eso, los que est\u00e1n \u201cen el mundo\u201d se sienten se\u00f1alados y se incomodan ante el anuncio de la Palabra. De ah\u00ed que el mundo nos \u201codie\u201d, nos persiga, como lo hicieron con \u00c9l.<\/p>\n<p>Jes\u00fas sigue invit\u00e1ndonos a seguir sus pasos, a compartir su destino, pero nos advierte que el precio puede ser alto. Y t\u00fa, \u00bfest\u00e1s dispuesto(a) a seguirlo?<\/p>\n<p>Antes de contestar esa pregunta, echemos un vistazo a la primera lectura (Hc 16,1-10), en la que vemos la acci\u00f3n decidida del Esp\u00edritu Santo en la expansi\u00f3n de la Iglesia por el mundo greco-romano, y c\u00f3mo gu\u00eda a los disc\u00edpulos en esa misi\u00f3n: \u201cComo el Esp\u00edritu Santo les impidi\u00f3 anunciar la palabra en la provincia de Asia, atravesaron Frigia y Galacia. Al llegar a la frontera de Misia, intentaron entrar en Bitinia, pero el Esp\u00edritu de Jes\u00fas no se lo consinti\u00f3. Entonces dejaron Misia a un lado y bajaron a Troas\u201d. \u00a0Aquella noche Pablo tuvo una visi\u00f3n en la que se le apareci\u00f3 un macedonio, de pie, que le rogaba ir a Macedonia a ayudarlos. Pablo y Timoteo partieron de inmediato para Macedonia, seguros de que Dios los llamaba a predicar el Evangelio a los macedonios.<\/p>\n<p>Est\u00e1 claro, es Jes\u00fas quien escoge y convoca a sus disc\u00edpulos, y a trav\u00e9s de su Santo Esp\u00edritu les dice cu\u00e1ndo y d\u00f3nde tienen que evangelizar. Por eso tenemos que aprender a orar, invocar, y ser d\u00f3ciles al Esp\u00edritu Santo. Si intentamos valernos tan solo de nuestras propias fuerzas y capacidades, nuestra predicaci\u00f3n ser\u00e1 est\u00e9ril; podremos presentar una imagen est\u00e1tica de Jes\u00fas, pero seremos incapaces de transmitir el Amor que solo la experiencia del Resucitado puede brindar.<\/p>\n<p>Que pasen un hermoso fin de semana, recordando visitar la Casa del Padre.<\/p>\n<div style=\"padding-bottom:20px; padding-top:10px;\" class=\"hupso-share-buttons\"><!-- Hupso Share Buttons - https:\/\/www.hupso.com\/share\/ --><a class=\"hupso_toolbar\" href=\"https:\/\/www.hupso.com\/share\/\"><img src=\"http:\/\/static.hupso.com\/share\/buttons\/lang\/es\/share-medium.png\" style=\"border:0px; padding-top: 5px; float:left;\" alt=\"Share Button\"\/><\/a><script type=\"text\/javascript\">var hupso_services_t=new Array(\"Twitter\",\"Facebook\",\"Google Plus\",\"Pinterest\",\"Linkedin\",\"Email\",\"Print\");var hupso_background_t=\"#EAF4FF\";var hupso_border_t=\"#66CCFF\";var hupso_toolbar_size_t=\"medium\";var hupso_image_folder_url = \"\";var hupso_twitter_via=\"hectorops\";var hupso_url_t=\"\";var hupso_title_t=\"REFLEXI%C3%93N%20PARA%20EL%20S%C3%81BADO%20DE%20LA%20QUINTA%20SEMANA%20DE%20PASCUA%2024-05-14%20\";<\/script><script type=\"text\/javascript\" src=\"http:\/\/static.hupso.com\/share\/js\/share_toolbar.js\"><\/script><!-- Hupso Share Buttons --><\/div>","protected":false},"excerpt":{"rendered":"<p>En la lectura del evangelio que nos presenta la liturgia para hoy (Jn 15,18-21), que forma parte de la gran oraci\u00f3n de Jes\u00fas en la \u00faltima cena, \u00c9l le dice a los ap\u00f3stoles: \u201cSi fuerais del mundo, el mundo os &hellip; <a href=\"http:\/\/delamanodemaria.com\/?p=3594\">Continue reading <span class=\"meta-nav\">&rarr;<\/span><\/a><\/p>\n<div style=\"padding-bottom:20px; padding-top:10px;\" class=\"hupso-share-buttons\"><!-- Hupso Share Buttons - https:\/\/www.hupso.com\/share\/ --><a class=\"hupso_toolbar\" href=\"https:\/\/www.hupso.com\/share\/\"><img src=\"http:\/\/static.hupso.com\/share\/buttons\/lang\/es\/share-medium.png\" style=\"border:0px; padding-top: 5px; float:left;\" alt=\"Share Button\"\/><\/a><script type=\"text\/javascript\">var hupso_services_t=new Array(\"Twitter\",\"Facebook\",\"Google Plus\",\"Pinterest\",\"Linkedin\",\"Email\",\"Print\");var hupso_background_t=\"#EAF4FF\";var hupso_border_t=\"#66CCFF\";var hupso_toolbar_size_t=\"medium\";var hupso_image_folder_url = \"\";var hupso_twitter_via=\"hectorops\";var hupso_url_t=\"\";var hupso_title_t=\"REFLEXI%C3%93N%20PARA%20EL%20S%C3%81BADO%20DE%20LA%20QUINTA%20SEMANA%20DE%20PASCUA%2024-05-14%20\";<\/script><script type=\"text\/javascript\" src=\"http:\/\/static.hupso.com\/share\/js\/share_toolbar.js\"><\/script><!-- Hupso Share Buttons --><\/div>","protected":false},"author":1,"featured_media":0,"comment_status":"open","ping_status":"open","sticky":false,"template":"","format":"standard","meta":{"jetpack_post_was_ever_published":false,"_jetpack_newsletter_access":"","_jetpack_newsletter_tier_id":0,"jetpack_publicize_message":"","jetpack_is_tweetstorm":false,"jetpack_publicize_feature_enabled":true,"jetpack_social_post_already_shared":true,"jetpack_social_options":{"image_generator_settings":{"template":"highway","enabled":false}}},"categories":[1],"tags":[30,29,42,10,2,418,144,542,463],"jetpack_publicize_connections":[],"jetpack_featured_media_url":"","jetpack_shortlink":"https:\/\/wp.me\/p3bBgS-VY","jetpack_sharing_enabled":true,"jetpack_likes_enabled":true,"_links":{"self":[{"href":"http:\/\/delamanodemaria.com\/index.php?rest_route=\/wp\/v2\/posts\/3594"}],"collection":[{"href":"http:\/\/delamanodemaria.com\/index.php?rest_route=\/wp\/v2\/posts"}],"about":[{"href":"http:\/\/delamanodemaria.com\/index.php?rest_route=\/wp\/v2\/types\/post"}],"author":[{"embeddable":true,"href":"http:\/\/delamanodemaria.com\/index.php?rest_route=\/wp\/v2\/users\/1"}],"replies":[{"embeddable":true,"href":"http:\/\/delamanodemaria.com\/index.php?rest_route=%2Fwp%2Fv2%2Fcomments&post=3594"}],"version-history":[{"count":2,"href":"http:\/\/delamanodemaria.com\/index.php?rest_route=\/wp\/v2\/posts\/3594\/revisions"}],"predecessor-version":[{"id":3597,"href":"http:\/\/delamanodemaria.com\/index.php?rest_route=\/wp\/v2\/posts\/3594\/revisions\/3597"}],"wp:attachment":[{"href":"http:\/\/delamanodemaria.com\/index.php?rest_route=%2Fwp%2Fv2%2Fmedia&parent=3594"}],"wp:term":[{"taxonomy":"category","embeddable":true,"href":"http:\/\/delamanodemaria.com\/index.php?rest_route=%2Fwp%2Fv2%2Fcategories&post=3594"},{"taxonomy":"post_tag","embeddable":true,"href":"http:\/\/delamanodemaria.com\/index.php?rest_route=%2Fwp%2Fv2%2Ftags&post=3594"}],"curies":[{"name":"wp","href":"https:\/\/api.w.org\/{rel}","templated":true}]}}