{"id":3609,"date":"2014-05-25T19:26:57","date_gmt":"2014-05-25T23:26:57","guid":{"rendered":"http:\/\/delamanodemaria.com\/?p=3609"},"modified":"2014-05-25T19:26:57","modified_gmt":"2014-05-25T23:26:57","slug":"reflexion-para-el-lunes-de-la-sexta-semana-de-pascua-26-05-14","status":"publish","type":"post","link":"http:\/\/delamanodemaria.com\/?p=3609","title":{"rendered":"REFLEXI\u00d3N PARA EL LUNES DE LA SEXTA SEMANA DE PASCUA 26-05-14"},"content":{"rendered":"<p><a href=\"http:\/\/delamanodemaria.com\/wp-content\/uploads\/2014\/05\/les-enviare-el-paraclito.jpg\"><img decoding=\"async\" loading=\"lazy\" class=\"size-full wp-image-3610 aligncenter\" src=\"http:\/\/delamanodemaria.com\/wp-content\/uploads\/2014\/05\/les-enviare-el-paraclito.jpg\" alt=\"les enviare el paraclito\" width=\"600\" height=\"397\" srcset=\"http:\/\/delamanodemaria.com\/wp-content\/uploads\/2014\/05\/les-enviare-el-paraclito.jpg 600w, http:\/\/delamanodemaria.com\/wp-content\/uploads\/2014\/05\/les-enviare-el-paraclito-300x198.jpg 300w, http:\/\/delamanodemaria.com\/wp-content\/uploads\/2014\/05\/les-enviare-el-paraclito-453x300.jpg 453w\" sizes=\"(max-width: 600px) 100vw, 600px\" \/><\/a><\/p>\n<p>La liturgia pascual contin\u00faa present\u00e1ndonos la historia de la Iglesia primitiva y su expansi\u00f3n por todo el mundo conocido, gracias a la acci\u00f3n del Esp\u00edritu Santo. La primera lectura para hoy (Hc 16,11-15), en un pasaje aparentemente sencillo, nos presenta un hecho trascendental en la historia de la Iglesia. El relato de un viaje en barco nos presenta a Pablo, ya acompa\u00f1ado por Lucas, poniendo pie y predicando por primera vez la Buena Noticia de Jes\u00fas en el continente europeo. El viaje nos muestra a Pablo llegando primero a Ne\u00e1plois, y luego a Filipos, donde permaneci\u00f3 un tiempo y fund\u00f3 la primera comunidad cristiana en Europa; comunidad a la que m\u00e1s tarde escribir\u00eda la carta que tambi\u00e9n forma parte del Nuevo Testamento. Corr\u00eda aproximadamente el a\u00f1o 50.<\/p>\n<p>Gracias a ese viaje misionero de Pablo lleg\u00f3 tambi\u00e9n el Evangelio a tierras americanas, por voz de aquellos primeros misioneros europeos que arriesgaron sus vidas cruzando el Atl\u00e1ntico para traer el mensaje de salvaci\u00f3n a estas tierras.<\/p>\n<p>Hay un dato que no quiero dejar de mencionar. Si nos fijamos, de este punto en adelante la narraci\u00f3n de los Hechos de los Ap\u00f3stoles cambia de tercera persona a primera persona (\u201czarpamos\u201d, \u201csalimos\u201d, \u201cnos detuvimos\u201d, etc.); lo que significa que desde ese momento en adelante, ya Lucas, el autor del libro, acompa\u00f1a a Pablo en sus viajes.<\/p>\n<p>En ese primer encuentro con unas mujeres que estaba orando, sobresale la figura de Lidia, una comerciante a quien \u201cel Se\u00f1or le abri\u00f3 el coraz\u00f3n para que aceptara lo que dec\u00eda Pablo\u201d. Vemos la acci\u00f3n del Esp\u00edritu abriendo caminos, ayudando a los misioneros, provey\u00e9ndoles los medios. Habiendo escuchado y aceptado el Evangelio de Nuestro Se\u00f1or Jesucristo, Lidia se hizo bautizar, e invit\u00f3 a Pablo y Lucas a hospedarse en su casa (Cfr. Lc 10,5-7).<\/p>\n<p>La lectura evang\u00e9lica (Jn 15,26-16,4a) contin\u00faa narr\u00e1ndonos el discurso de despedida de Jes\u00fas, en el cual Jes\u00fas instruye y prepara a sus disc\u00edpulos para lo que les espera, incluyendo el martirio. Les asegura que ha de enviarles el Par\u00e1clito que dar\u00e1 testimonio de \u00c9l; y que ellos tambi\u00e9n dar\u00e1n testimonio de \u00c9l. La palabra \u201ctestimonio\u201d, seg\u00fan utilizada en el Nuevo Testamento, es sin\u00f3nimo de martirio. Dar la vida por el Evangelio es el gran Testimonio, confesar con la sangre la Verdad. Jes\u00fas les est\u00e1 diciendo de tendr\u00e1n que enfrentar el martirio: \u201cllegar\u00e1 incluso una hora cuando el que os d\u00e9 muerte pensar\u00e1 que da culto a Dios\u201d. Y les advierte que: \u201cOs he hablado de esto para que, cuando llegue la hora, os acord\u00e9is de que yo os lo hab\u00eda dicho\u201d.<\/p>\n<p>Es el Esp\u00edritu quien ha de darles las fuerzas para \u201cdar testimonio\u201d. Y mientras existan en el mundo el pecado, el ego\u00edsmo y el mal, los cristianos seremos perseguidos, humillados, ridiculizados. La mayor\u00eda de nosotros tenemos la dicha de proclamar nuestra fe en un mundo donde no tenemos que confesar la Verdad con nuestra sangre, pero ello no nos exime de la burla, la persecuci\u00f3n, a veces abierta y (la peor) a veces vedada. Y esto siempre vendr\u00e1 de aquellos que no han conocido al Padre ni a Jes\u00fas o, peor a\u00fan, que se niegan a reconocerlo, porque hacerlo les obligar\u00eda a reconocer su maldad y podredumbre interior.<\/p>\n<p>Se\u00f1or, env\u00eda tu Santo Esp\u00edritu sobre nosotros, para que tengamos la valent\u00eda y perseverancia de proclamar tu Evangelio, a tiempo y a destiempo, sin importar las consecuencias.<\/p>\n<div style=\"padding-bottom:20px; padding-top:10px;\" class=\"hupso-share-buttons\"><!-- Hupso Share Buttons - https:\/\/www.hupso.com\/share\/ --><a class=\"hupso_toolbar\" href=\"https:\/\/www.hupso.com\/share\/\"><img src=\"http:\/\/static.hupso.com\/share\/buttons\/lang\/es\/share-medium.png\" style=\"border:0px; padding-top: 5px; float:left;\" alt=\"Share Button\"\/><\/a><script type=\"text\/javascript\">var hupso_services_t=new Array(\"Twitter\",\"Facebook\",\"Google Plus\",\"Pinterest\",\"Linkedin\",\"Email\",\"Print\");var hupso_background_t=\"#EAF4FF\";var hupso_border_t=\"#66CCFF\";var hupso_toolbar_size_t=\"medium\";var hupso_image_folder_url = \"\";var hupso_twitter_via=\"hectorops\";var hupso_url_t=\"\";var hupso_title_t=\"REFLEXI%C3%93N%20PARA%20EL%20LUNES%20DE%20LA%20SEXTA%20SEMANA%20DE%20PASCUA%2026-05-14\";<\/script><script type=\"text\/javascript\" src=\"http:\/\/static.hupso.com\/share\/js\/share_toolbar.js\"><\/script><!-- Hupso Share Buttons --><\/div>","protected":false},"excerpt":{"rendered":"<p>La liturgia pascual contin\u00faa present\u00e1ndonos la historia de la Iglesia primitiva y su expansi\u00f3n por todo el mundo conocido, gracias a la acci\u00f3n del Esp\u00edritu Santo. La primera lectura para hoy (Hc 16,11-15), en un pasaje aparentemente sencillo, nos presenta &hellip; <a href=\"http:\/\/delamanodemaria.com\/?p=3609\">Continue reading <span class=\"meta-nav\">&rarr;<\/span><\/a><\/p>\n<div style=\"padding-bottom:20px; padding-top:10px;\" class=\"hupso-share-buttons\"><!-- Hupso Share Buttons - https:\/\/www.hupso.com\/share\/ --><a class=\"hupso_toolbar\" href=\"https:\/\/www.hupso.com\/share\/\"><img src=\"http:\/\/static.hupso.com\/share\/buttons\/lang\/es\/share-medium.png\" style=\"border:0px; padding-top: 5px; float:left;\" alt=\"Share Button\"\/><\/a><script type=\"text\/javascript\">var hupso_services_t=new Array(\"Twitter\",\"Facebook\",\"Google Plus\",\"Pinterest\",\"Linkedin\",\"Email\",\"Print\");var hupso_background_t=\"#EAF4FF\";var hupso_border_t=\"#66CCFF\";var hupso_toolbar_size_t=\"medium\";var hupso_image_folder_url = \"\";var hupso_twitter_via=\"hectorops\";var hupso_url_t=\"\";var hupso_title_t=\"REFLEXI%C3%93N%20PARA%20EL%20LUNES%20DE%20LA%20SEXTA%20SEMANA%20DE%20PASCUA%2026-05-14\";<\/script><script type=\"text\/javascript\" src=\"http:\/\/static.hupso.com\/share\/js\/share_toolbar.js\"><\/script><!-- Hupso Share Buttons --><\/div>","protected":false},"author":1,"featured_media":0,"comment_status":"open","ping_status":"open","sticky":false,"template":"","format":"standard","meta":{"jetpack_post_was_ever_published":false,"_jetpack_newsletter_access":"","_jetpack_newsletter_tier_id":0,"jetpack_publicize_message":"","jetpack_is_tweetstorm":false,"jetpack_publicize_feature_enabled":true,"jetpack_social_post_already_shared":true,"jetpack_social_options":{"image_generator_settings":{"template":"highway","enabled":false}}},"categories":[1],"tags":[105,29,200,137,139,126,42,2,306,418,127],"jetpack_publicize_connections":[],"jetpack_featured_media_url":"","jetpack_shortlink":"https:\/\/wp.me\/p3bBgS-Wd","jetpack_sharing_enabled":true,"jetpack_likes_enabled":true,"_links":{"self":[{"href":"http:\/\/delamanodemaria.com\/index.php?rest_route=\/wp\/v2\/posts\/3609"}],"collection":[{"href":"http:\/\/delamanodemaria.com\/index.php?rest_route=\/wp\/v2\/posts"}],"about":[{"href":"http:\/\/delamanodemaria.com\/index.php?rest_route=\/wp\/v2\/types\/post"}],"author":[{"embeddable":true,"href":"http:\/\/delamanodemaria.com\/index.php?rest_route=\/wp\/v2\/users\/1"}],"replies":[{"embeddable":true,"href":"http:\/\/delamanodemaria.com\/index.php?rest_route=%2Fwp%2Fv2%2Fcomments&post=3609"}],"version-history":[{"count":1,"href":"http:\/\/delamanodemaria.com\/index.php?rest_route=\/wp\/v2\/posts\/3609\/revisions"}],"predecessor-version":[{"id":3611,"href":"http:\/\/delamanodemaria.com\/index.php?rest_route=\/wp\/v2\/posts\/3609\/revisions\/3611"}],"wp:attachment":[{"href":"http:\/\/delamanodemaria.com\/index.php?rest_route=%2Fwp%2Fv2%2Fmedia&parent=3609"}],"wp:term":[{"taxonomy":"category","embeddable":true,"href":"http:\/\/delamanodemaria.com\/index.php?rest_route=%2Fwp%2Fv2%2Fcategories&post=3609"},{"taxonomy":"post_tag","embeddable":true,"href":"http:\/\/delamanodemaria.com\/index.php?rest_route=%2Fwp%2Fv2%2Ftags&post=3609"}],"curies":[{"name":"wp","href":"https:\/\/api.w.org\/{rel}","templated":true}]}}