{"id":3818,"date":"2014-07-18T19:27:14","date_gmt":"2014-07-18T23:27:14","guid":{"rendered":"http:\/\/delamanodemaria.com\/?p=3818"},"modified":"2014-07-18T19:27:14","modified_gmt":"2014-07-18T23:27:14","slug":"reflexion-para-el-sabado-de-la-decimoquinta-semana-del-t-o-19-07-14","status":"publish","type":"post","link":"http:\/\/delamanodemaria.com\/?p=3818","title":{"rendered":"REFLEXI\u00d3N PARA EL S\u00c1BADO DE LA DECIMOQUINTA SEMANA DEL T.O. 19-07-14"},"content":{"rendered":"<p><a href=\"http:\/\/delamanodemaria.com\/wp-content\/uploads\/2014\/07\/Mt12_14-21.jpg\"><img decoding=\"async\" loading=\"lazy\" class=\"alignnone size-full wp-image-3820\" src=\"http:\/\/delamanodemaria.com\/wp-content\/uploads\/2014\/07\/Mt12_14-21.jpg\" alt=\"Mt12_14-21\" width=\"640\" height=\"480\" srcset=\"http:\/\/delamanodemaria.com\/wp-content\/uploads\/2014\/07\/Mt12_14-21.jpg 640w, http:\/\/delamanodemaria.com\/wp-content\/uploads\/2014\/07\/Mt12_14-21-300x225.jpg 300w, http:\/\/delamanodemaria.com\/wp-content\/uploads\/2014\/07\/Mt12_14-21-400x300.jpg 400w\" sizes=\"(max-width: 640px) 100vw, 640px\" \/><\/a><\/p>\n<p>El evangelio de hoy (Mt 12, 14-21) es secuela del que le\u00edamos ayer sobre las espigas arrancadas en s\u00e1bado por los disc\u00edpulos de Jes\u00fas. Recordaremos que al final del pasaje Jes\u00fas se hab\u00eda proclamado \u201cSe\u00f1or del s\u00e1bado\u201d ante la rabia de los fariseos. Pero lo que colm\u00f3 la copa fue que de all\u00ed se fue a la sinagoga y cur\u00f3 a un hombre que ten\u00eda la mano paralizada. Es decir \u201cviol\u00f3\u201d el s\u00e1bado haciendo una curaci\u00f3n, y \u00a1en plena sinagoga! (12,9-13). A pesar de las explicaciones de Jes\u00fas a los efectos de que es l\u00edcito hacer el bien a un ser humano incluso en s\u00e1bado, los fariseos comienzan a tramar la forma de eliminarle (\u201clos fariseos planearon el modo de acabar con Jes\u00fas\u201d). Ya la suerte que correr\u00eda Jes\u00fas estaba decidida. Por eso Jes\u00fas se marcha inmediatamente y contin\u00faa curando enfermos y expulsando demonios, pidiendo a todos que no revelaran su paradero (\u201cmand\u00e1ndoles que no lo descubrieran\u201d).<\/p>\n<p>Aunque Marcos narra tambi\u00e9n el episodio de la partida de Jes\u00fas de forma bien abreviada (Mc 1,35-39), Mateo lo narra con mayor detalle, enfatizando las curaciones en s\u00e1bado, y citando al profeta Isa\u00edas (Is 42,1-4). Recordemos que Mateo escribe su evangelio para los jud\u00edos de Palestina convertidos al cristianismo, con el prop\u00f3sito de probar que Jes\u00fas es el Mes\u00edas esperado, ya que el \u00c9l se cumplen todas las profec\u00edas del Antiguo Testamento. De ah\u00ed que preceda la cita de Isa\u00edas con la frase \u201cas\u00ed se cumpli\u00f3 lo que dijo el profeta\u201d, frase que Mateo repite en numerosas ocasiones a lo largo de su relato evang\u00e9lico. Marcos, por su parte, escribi\u00f3 para los paganos de la regi\u00f3n it\u00e1lica, quienes no conoc\u00edan el Antiguo Testamento; por eso no lo cita.<\/p>\n<p>\u201cMirad a mi siervo, mi elegido, mi amado, mi predilecto. Sobre \u00e9l he puesto mi esp\u00edritu para que anuncie el derecho a las naciones. No porfiar\u00e1, no gritar\u00e1, no vocear\u00e1 por las calles. La ca\u00f1a cascada no la quebrar\u00e1, el p\u00e1bilo vacilante no lo apagar\u00e1\u201d, nos dice la profec\u00eda de Isa\u00edas citada por Mateo. De esta manera el evangelista justifica la \u201chuida\u201d de Jes\u00fas. Nos est\u00e1 diciendo que Jes\u00fas no se escondi\u00f3 por miedo ni cobard\u00eda, ni por sentirse fracasado. En la huida de Jes\u00fas vemos el cumplimiento de la profec\u00eda. El Mes\u00edas vino a implantar el derecho y la justicia, pero no con espadas ni con ej\u00e9rcitos, sino desde la debilidad. La \u201crevoluci\u00f3n\u201d que Jes\u00fas vino a traer es una que se da en el interior de las personas, no en las instituciones de su \u00e9poca. Por eso a Dios le encanta usar a los d\u00e9biles (Cfr. 2 Cor 12,9; 13,4); as\u00ed manifiesta su gloria para que todos crean.<\/p>\n<p>Todos tenemos nuestras debilidades y defectos. Aun as\u00ed Dios nos est\u00e1 llamando a servirle. No miremos nuestra peque\u00f1ez, nuestra debilidad; miremos su Poder. Una vez m\u00e1s te invito a decir con Mar\u00eda: \u201cH\u00e1gase en m\u00ed seg\u00fan tu Palabra\u201d.<\/p>\n<p>Que disfruten\u00a0un hermoso fin de semana en la PAZ del Se\u00f1or, sin olvidarse de dar una vueltita por la Casa del Padre para decirle: \u201cAqu\u00ed estoy; dime Se\u00f1or qu\u00e9 quieres de m\u00ed\u201d.<\/p>\n<div style=\"padding-bottom:20px; padding-top:10px;\" class=\"hupso-share-buttons\"><!-- Hupso Share Buttons - https:\/\/www.hupso.com\/share\/ --><a class=\"hupso_toolbar\" href=\"https:\/\/www.hupso.com\/share\/\"><img src=\"http:\/\/static.hupso.com\/share\/buttons\/lang\/es\/share-medium.png\" style=\"border:0px; padding-top: 5px; float:left;\" alt=\"Share Button\"\/><\/a><script type=\"text\/javascript\">var hupso_services_t=new Array(\"Twitter\",\"Facebook\",\"Google Plus\",\"Pinterest\",\"Linkedin\",\"Email\",\"Print\");var hupso_background_t=\"#EAF4FF\";var hupso_border_t=\"#66CCFF\";var hupso_toolbar_size_t=\"medium\";var hupso_image_folder_url = \"\";var hupso_twitter_via=\"hectorops\";var hupso_url_t=\"\";var hupso_title_t=\"REFLEXI%C3%93N%20PARA%20EL%20S%C3%81BADO%20DE%20LA%20DECIMOQUINTA%20SEMANA%20DEL%20T.O.%2019-07-14\";<\/script><script type=\"text\/javascript\" src=\"http:\/\/static.hupso.com\/share\/js\/share_toolbar.js\"><\/script><!-- Hupso Share Buttons --><\/div>","protected":false},"excerpt":{"rendered":"<p>El evangelio de hoy (Mt 12, 14-21) es secuela del que le\u00edamos ayer sobre las espigas arrancadas en s\u00e1bado por los disc\u00edpulos de Jes\u00fas. Recordaremos que al final del pasaje Jes\u00fas se hab\u00eda proclamado \u201cSe\u00f1or del s\u00e1bado\u201d ante la rabia &hellip; <a href=\"http:\/\/delamanodemaria.com\/?p=3818\">Continue reading <span class=\"meta-nav\">&rarr;<\/span><\/a><\/p>\n<div style=\"padding-bottom:20px; padding-top:10px;\" class=\"hupso-share-buttons\"><!-- Hupso Share Buttons - https:\/\/www.hupso.com\/share\/ --><a class=\"hupso_toolbar\" href=\"https:\/\/www.hupso.com\/share\/\"><img src=\"http:\/\/static.hupso.com\/share\/buttons\/lang\/es\/share-medium.png\" style=\"border:0px; padding-top: 5px; float:left;\" alt=\"Share Button\"\/><\/a><script type=\"text\/javascript\">var hupso_services_t=new Array(\"Twitter\",\"Facebook\",\"Google Plus\",\"Pinterest\",\"Linkedin\",\"Email\",\"Print\");var hupso_background_t=\"#EAF4FF\";var hupso_border_t=\"#66CCFF\";var hupso_toolbar_size_t=\"medium\";var hupso_image_folder_url = \"\";var hupso_twitter_via=\"hectorops\";var hupso_url_t=\"\";var hupso_title_t=\"REFLEXI%C3%93N%20PARA%20EL%20S%C3%81BADO%20DE%20LA%20DECIMOQUINTA%20SEMANA%20DEL%20T.O.%2019-07-14\";<\/script><script type=\"text\/javascript\" src=\"http:\/\/static.hupso.com\/share\/js\/share_toolbar.js\"><\/script><!-- Hupso Share Buttons --><\/div>","protected":false},"author":1,"featured_media":0,"comment_status":"open","ping_status":"open","sticky":false,"template":"","format":"standard","meta":{"jetpack_post_was_ever_published":false,"_jetpack_newsletter_access":"","_jetpack_newsletter_tier_id":0,"jetpack_publicize_message":"","jetpack_is_tweetstorm":false,"jetpack_publicize_feature_enabled":true,"jetpack_social_post_already_shared":true,"jetpack_social_options":{"image_generator_settings":{"template":"highway","enabled":false}}},"categories":[1],"tags":[302,575,145,502,371,305,337,2,277,275,422,270],"jetpack_publicize_connections":[],"jetpack_featured_media_url":"","jetpack_shortlink":"https:\/\/wp.me\/p3bBgS-ZA","jetpack_sharing_enabled":true,"jetpack_likes_enabled":true,"_links":{"self":[{"href":"http:\/\/delamanodemaria.com\/index.php?rest_route=\/wp\/v2\/posts\/3818"}],"collection":[{"href":"http:\/\/delamanodemaria.com\/index.php?rest_route=\/wp\/v2\/posts"}],"about":[{"href":"http:\/\/delamanodemaria.com\/index.php?rest_route=\/wp\/v2\/types\/post"}],"author":[{"embeddable":true,"href":"http:\/\/delamanodemaria.com\/index.php?rest_route=\/wp\/v2\/users\/1"}],"replies":[{"embeddable":true,"href":"http:\/\/delamanodemaria.com\/index.php?rest_route=%2Fwp%2Fv2%2Fcomments&post=3818"}],"version-history":[{"count":2,"href":"http:\/\/delamanodemaria.com\/index.php?rest_route=\/wp\/v2\/posts\/3818\/revisions"}],"predecessor-version":[{"id":3821,"href":"http:\/\/delamanodemaria.com\/index.php?rest_route=\/wp\/v2\/posts\/3818\/revisions\/3821"}],"wp:attachment":[{"href":"http:\/\/delamanodemaria.com\/index.php?rest_route=%2Fwp%2Fv2%2Fmedia&parent=3818"}],"wp:term":[{"taxonomy":"category","embeddable":true,"href":"http:\/\/delamanodemaria.com\/index.php?rest_route=%2Fwp%2Fv2%2Fcategories&post=3818"},{"taxonomy":"post_tag","embeddable":true,"href":"http:\/\/delamanodemaria.com\/index.php?rest_route=%2Fwp%2Fv2%2Ftags&post=3818"}],"curies":[{"name":"wp","href":"https:\/\/api.w.org\/{rel}","templated":true}]}}