{"id":3841,"date":"2014-07-22T19:42:59","date_gmt":"2014-07-22T23:42:59","guid":{"rendered":"http:\/\/delamanodemaria.com\/?p=3841"},"modified":"2014-07-22T19:42:59","modified_gmt":"2014-07-22T23:42:59","slug":"reflexion-para-el-miercoles-de-la-decimosexta-semana-del-t-o-23-07-14","status":"publish","type":"post","link":"http:\/\/delamanodemaria.com\/?p=3841","title":{"rendered":"REFLEXI\u00d3N PARA EL MI\u00c9RCOLES DE LA DECIMOSEXTA SEMANA DEL T.O. 23-07-14"},"content":{"rendered":"<p><a href=\"http:\/\/delamanodemaria.com\/wp-content\/uploads\/2014\/07\/Vocacion-de-Jeremias.jpg\"><img decoding=\"async\" loading=\"lazy\" class=\"size-full wp-image-3843 aligncenter\" src=\"http:\/\/delamanodemaria.com\/wp-content\/uploads\/2014\/07\/Vocacion-de-Jeremias.jpg\" alt=\"Vocacion de Jeremias\" width=\"586\" height=\"267\" srcset=\"http:\/\/delamanodemaria.com\/wp-content\/uploads\/2014\/07\/Vocacion-de-Jeremias.jpg 586w, http:\/\/delamanodemaria.com\/wp-content\/uploads\/2014\/07\/Vocacion-de-Jeremias-300x136.jpg 300w, http:\/\/delamanodemaria.com\/wp-content\/uploads\/2014\/07\/Vocacion-de-Jeremias-500x227.jpg 500w\" sizes=\"(max-width: 586px) 100vw, 586px\" \/><\/a><\/p>\n<p>La lectura evang\u00e9lica que nos ofrece la liturgia para hoy (Mt 13,1-9) es la par\u00e1bola del sembrador que contempl\u00e1ramos junto a otras dos el pasado <a href=\"http:\/\/delamanodemaria.com\/?p=3786\" target=\"_blank\">domingo decimoquinto de tiempo ordinario<\/a>, por lo que les referimos a nuestra reflexi\u00f3n para ese d\u00eda.<\/p>\n<p>Como primera lectura, la liturgia nos presenta al profeta Jerem\u00edas, relat\u00e1ndonos el episodio de su vocaci\u00f3n (Jr 1,1.4-10): \u201cAntes de haberte formado yo en el seno materno, te conoc\u00eda, y antes que nacieses, te ten\u00eda consagrado: yo profeta de las naciones te constitu\u00ed. Yo dije: \u2018\u00a1Ah, Se\u00f1or Yahveh! Mira que no s\u00e9 expresarme, que soy un muchacho.\u2019 Y me dijo Yahveh: No digas: &#8216;Soy un muchacho&#8217;, pues adondequiera que yo te env\u00ede ir\u00e1s, y todo lo que te mande dir\u00e1s. No les tengas miedo, que contigo estoy yo para salvarte &#8211; or\u00e1culo de Yahveh -. Entonces alarg\u00f3 Yahveh su mano y toc\u00f3 mi boca. Y me dijo Yahveh: Mira que he puesto mis palabras en tu boca. Desde hoy mismo te doy autoridad sobre las gentes y sobre los reinos para extirpar y destruir, para perder y derrocar, para reconstruir y plantar\u201d.<\/p>\n<p>Arriesg\u00e1ndome a parecer un \u201cdisco rayado\u201d (creo que solo los que pintan canas entienden esta frase), siempre que leo este pasaje no puedo evitar que vengan a mi mente las palabras de Piet Van Breemen en uno de mis libros favoritos, <em>Te he llamado por tu nombre<\/em>, y que describe a cada uno de nosotros: \u201cAntes de que mis padres escogieran mi nombre, Dios ya lo ten\u00eda en su pensamiento. Me llam\u00f3 por mi nombre, y exist\u00ed; me dio mi nombre, y gracias a \u00e9l los dem\u00e1s pueden dirigirse a m\u00ed, y yo puedo responder, ser responsable. Dios sigue pronunciando mi nombre, y de ese modo me llama a ponerme incesantemente en marcha, a estar en continuo crecimiento\u201d.<\/p>\n<p>Desde la eternidad, Dios ya nos hab\u00eda pensado y, m\u00e1s a\u00fan, sab\u00eda nuestro nombre; y ese nombre va atado a una misi\u00f3n que \u00c9l mismo ha encomendado a cada uno de nosotros. Por eso somos \u00fanicos, irrepetibles; y por eso nuestra misi\u00f3n, aunque parezca sencilla, forma parte de ese plan maestro de Dios que llamamos historia de la salvaci\u00f3n.<\/p>\n<p>A veces esa misi\u00f3n nos asusta, o pensamos que no estamos capacitados. Entonces, al igual que Jerem\u00edas, ofrecemos toda clase de excusas: \u201c\u00a1Ah, Se\u00f1or Yahveh! Mira que no s\u00e9 expresarme, que soy un muchacho\u201d. Se nos olvida que Dios no escoge a los capacitados; Dios capacita a los que escoge para cada misi\u00f3n seg\u00fan sus misteriosos designios: \u201cEntonces alarg\u00f3 Yahveh su mano y toc\u00f3 mi boca. Y me dijo Yahveh: Mira que he puesto mis palabras en tu boca\u201d. <em>Cfr<\/em>. Is 6,1-8.<\/p>\n<p>El Esp\u00edritu reparte sus carismas a cada cual seg\u00fan la misi\u00f3n que se nos haya encomendado (1 Cor 12,4-7) desde la eternidad. Por eso, cuando logres discernir cu\u00e1l es tu carisma, no tengas miedo, que el que te llam\u00f3 te capacitar\u00e1.<\/p>\n<p>En este d\u00eda, pid\u00e1mosle al Se\u00f1or que nos ayude a discernir cu\u00e1l es la misi\u00f3n que \u00c9l ten\u00eda en mente para cada uno de nosotros el d\u00eda en que nos llam\u00f3 por nuestro nombre, y existimos\u2026<\/p>\n<div style=\"padding-bottom:20px; padding-top:10px;\" class=\"hupso-share-buttons\"><!-- Hupso Share Buttons - https:\/\/www.hupso.com\/share\/ --><a class=\"hupso_toolbar\" href=\"https:\/\/www.hupso.com\/share\/\"><img src=\"http:\/\/static.hupso.com\/share\/buttons\/lang\/es\/share-medium.png\" style=\"border:0px; padding-top: 5px; float:left;\" alt=\"Share Button\"\/><\/a><script type=\"text\/javascript\">var hupso_services_t=new Array(\"Twitter\",\"Facebook\",\"Google Plus\",\"Pinterest\",\"Linkedin\",\"Email\",\"Print\");var hupso_background_t=\"#EAF4FF\";var hupso_border_t=\"#66CCFF\";var hupso_toolbar_size_t=\"medium\";var hupso_image_folder_url = \"\";var hupso_twitter_via=\"hectorops\";var hupso_url_t=\"\";var hupso_title_t=\"REFLEXI%C3%93N%20PARA%20EL%20MI%C3%89RCOLES%20DE%20LA%20DECIMOSEXTA%20SEMANA%20DEL%20T.O.%2023-07-14\";<\/script><script type=\"text\/javascript\" src=\"http:\/\/static.hupso.com\/share\/js\/share_toolbar.js\"><\/script><!-- Hupso Share Buttons --><\/div>","protected":false},"excerpt":{"rendered":"<p>La lectura evang\u00e9lica que nos ofrece la liturgia para hoy (Mt 13,1-9) es la par\u00e1bola del sembrador que contempl\u00e1ramos junto a otras dos el pasado domingo decimoquinto de tiempo ordinario, por lo que les referimos a nuestra reflexi\u00f3n para ese &hellip; <a href=\"http:\/\/delamanodemaria.com\/?p=3841\">Continue reading <span class=\"meta-nav\">&rarr;<\/span><\/a><\/p>\n<div style=\"padding-bottom:20px; padding-top:10px;\" class=\"hupso-share-buttons\"><!-- Hupso Share Buttons - https:\/\/www.hupso.com\/share\/ --><a class=\"hupso_toolbar\" href=\"https:\/\/www.hupso.com\/share\/\"><img src=\"http:\/\/static.hupso.com\/share\/buttons\/lang\/es\/share-medium.png\" style=\"border:0px; padding-top: 5px; float:left;\" alt=\"Share Button\"\/><\/a><script type=\"text\/javascript\">var hupso_services_t=new Array(\"Twitter\",\"Facebook\",\"Google Plus\",\"Pinterest\",\"Linkedin\",\"Email\",\"Print\");var hupso_background_t=\"#EAF4FF\";var hupso_border_t=\"#66CCFF\";var hupso_toolbar_size_t=\"medium\";var hupso_image_folder_url = \"\";var hupso_twitter_via=\"hectorops\";var hupso_url_t=\"\";var hupso_title_t=\"REFLEXI%C3%93N%20PARA%20EL%20MI%C3%89RCOLES%20DE%20LA%20DECIMOSEXTA%20SEMANA%20DEL%20T.O.%2023-07-14\";<\/script><script type=\"text\/javascript\" src=\"http:\/\/static.hupso.com\/share\/js\/share_toolbar.js\"><\/script><!-- Hupso Share Buttons --><\/div>","protected":false},"author":1,"featured_media":0,"comment_status":"open","ping_status":"open","sticky":false,"template":"","format":"standard","meta":{"jetpack_post_was_ever_published":false,"_jetpack_newsletter_access":"","_jetpack_newsletter_tier_id":0,"jetpack_publicize_message":"","jetpack_is_tweetstorm":false,"jetpack_publicize_feature_enabled":true,"jetpack_social_post_already_shared":true,"jetpack_social_options":{"image_generator_settings":{"template":"highway","enabled":false}}},"categories":[1],"tags":[149,300,29,511,112,202,2,199,506],"jetpack_publicize_connections":[],"jetpack_featured_media_url":"","jetpack_shortlink":"https:\/\/wp.me\/p3bBgS-ZX","jetpack_sharing_enabled":true,"jetpack_likes_enabled":true,"_links":{"self":[{"href":"http:\/\/delamanodemaria.com\/index.php?rest_route=\/wp\/v2\/posts\/3841"}],"collection":[{"href":"http:\/\/delamanodemaria.com\/index.php?rest_route=\/wp\/v2\/posts"}],"about":[{"href":"http:\/\/delamanodemaria.com\/index.php?rest_route=\/wp\/v2\/types\/post"}],"author":[{"embeddable":true,"href":"http:\/\/delamanodemaria.com\/index.php?rest_route=\/wp\/v2\/users\/1"}],"replies":[{"embeddable":true,"href":"http:\/\/delamanodemaria.com\/index.php?rest_route=%2Fwp%2Fv2%2Fcomments&post=3841"}],"version-history":[{"count":4,"href":"http:\/\/delamanodemaria.com\/index.php?rest_route=\/wp\/v2\/posts\/3841\/revisions"}],"predecessor-version":[{"id":3847,"href":"http:\/\/delamanodemaria.com\/index.php?rest_route=\/wp\/v2\/posts\/3841\/revisions\/3847"}],"wp:attachment":[{"href":"http:\/\/delamanodemaria.com\/index.php?rest_route=%2Fwp%2Fv2%2Fmedia&parent=3841"}],"wp:term":[{"taxonomy":"category","embeddable":true,"href":"http:\/\/delamanodemaria.com\/index.php?rest_route=%2Fwp%2Fv2%2Fcategories&post=3841"},{"taxonomy":"post_tag","embeddable":true,"href":"http:\/\/delamanodemaria.com\/index.php?rest_route=%2Fwp%2Fv2%2Ftags&post=3841"}],"curies":[{"name":"wp","href":"https:\/\/api.w.org\/{rel}","templated":true}]}}