{"id":3876,"date":"2014-07-26T11:51:28","date_gmt":"2014-07-26T15:51:28","guid":{"rendered":"http:\/\/delamanodemaria.com\/?p=3876"},"modified":"2014-07-26T11:51:28","modified_gmt":"2014-07-26T15:51:28","slug":"el-papa-francisco-toma-su-bandeja-y-se-sienta-a-almorzar-con-empleados-del-vaticano","status":"publish","type":"post","link":"http:\/\/delamanodemaria.com\/?p=3876","title":{"rendered":"El Papa Francisco toma su bandeja y se sienta a almorzar con empleados del Vaticano"},"content":{"rendered":"<p><a href=\"http:\/\/delamanodemaria.com\/wp-content\/uploads\/2014\/07\/Papa-Francisco-cafeteria.jpg\"><img decoding=\"async\" loading=\"lazy\" class=\"size-full wp-image-3877 aligncenter\" src=\"http:\/\/delamanodemaria.com\/wp-content\/uploads\/2014\/07\/Papa-Francisco-cafeteria.jpg\" alt=\"Papa Francisco cafeteria\" width=\"600\" height=\"337\" srcset=\"http:\/\/delamanodemaria.com\/wp-content\/uploads\/2014\/07\/Papa-Francisco-cafeteria.jpg 600w, http:\/\/delamanodemaria.com\/wp-content\/uploads\/2014\/07\/Papa-Francisco-cafeteria-300x168.jpg 300w, http:\/\/delamanodemaria.com\/wp-content\/uploads\/2014\/07\/Papa-Francisco-cafeteria-500x280.jpg 500w\" sizes=\"(max-width: 600px) 100vw, 600px\" \/><\/a><\/p>\n<p><span style=\"font-weight: normal; color: #000000;\">VATICANO, 25 Jul. 14 \/ 12:35 pm (<\/span><a style=\"font-weight: normal; color: #006699;\" href=\"http:\/\/www.aciprensa.com\/\" target=\"_self\"><b>ACI\/EWTN Noticias<\/b><\/a><span style=\"font-weight: normal; color: #000000;\">).- \u201cSe present\u00f3 aqu\u00ed, agarr\u00f3 su bandeja, los cubiertos, y se puso a hacer la fila para que le sirvi\u00e9ramos&#8221;, relat\u00f3 a Radio Vaticana el cocinero del comedor, Franco Paini, mientras compart\u00eda la sorpresa de los empleados del centro industrial del Vaticano cuando vieron al Papa Francisco junto a ellos para almorzar pasta en blanco y merluza.<\/span><\/p>\n<p style=\"font-weight: normal; color: #000000;\">R\u00e1pidamente el hecho fue compartido en las redes sociales, pues los trabajadores comenzaron a tomarse fotos con el Pont\u00edfice, quien charlaba amenamente con ellos.<\/p>\n<p style=\"font-weight: normal; color: #000000;\">\u201cCerca de donde comi\u00f3 se encontraban cinco almacenistas de la farmacia vaticana quienes aseguran que le explicaron c\u00f3mo era su trabajo en el d\u00eda a d\u00eda y el Obispo de Roma, les habl\u00f3 de sus &#8230; [<a href=\"http:\/\/www.aciprensa.com\/noticias\/el-papa-francisco-coge-su-bandeja-y-se-sienta-a-almorzar-con-empleados-del-vaticano-24912\/#.U9PMc_ldWSq\" target=\"_blank\">CONTINUAR LEYENDO<\/a>]<\/p>\n<p style=\"font-weight: normal; color: #000000;\">Tomado de:\u00a0http:\/\/www.aciprensa.com\/noticias\/el-papa-francisco-coge-su-bandeja-y-se-sienta-a-almorzar-con-empleados-del-vaticano-24912\/#.U9PMc_ldWSq<\/p>\n<div style=\"padding-bottom:20px; padding-top:10px;\" class=\"hupso-share-buttons\"><!-- Hupso Share Buttons - https:\/\/www.hupso.com\/share\/ --><a class=\"hupso_toolbar\" href=\"https:\/\/www.hupso.com\/share\/\"><img src=\"http:\/\/static.hupso.com\/share\/buttons\/lang\/es\/share-medium.png\" style=\"border:0px; padding-top: 5px; float:left;\" alt=\"Share Button\"\/><\/a><script type=\"text\/javascript\">var hupso_services_t=new Array(\"Twitter\",\"Facebook\",\"Google Plus\",\"Pinterest\",\"Linkedin\",\"Email\",\"Print\");var hupso_background_t=\"#EAF4FF\";var hupso_border_t=\"#66CCFF\";var hupso_toolbar_size_t=\"medium\";var hupso_image_folder_url = \"\";var hupso_twitter_via=\"hectorops\";var hupso_url_t=\"\";var hupso_title_t=\"El%20Papa%20Francisco%20toma%20su%20bandeja%20y%20se%20sienta%20a%20almorzar%20con%20empleados%20del%20Vaticano\";<\/script><script type=\"text\/javascript\" src=\"http:\/\/static.hupso.com\/share\/js\/share_toolbar.js\"><\/script><!-- Hupso Share Buttons --><\/div>","protected":false},"excerpt":{"rendered":"<p>VATICANO, 25 Jul. 14 \/ 12:35 pm (ACI\/EWTN Noticias).- \u201cSe present\u00f3 aqu\u00ed, agarr\u00f3 su bandeja, los cubiertos, y se puso a hacer la fila para que le sirvi\u00e9ramos&#8221;, relat\u00f3 a Radio Vaticana el cocinero del comedor, Franco Paini, mientras compart\u00eda &hellip; <a href=\"http:\/\/delamanodemaria.com\/?p=3876\">Continue reading <span class=\"meta-nav\">&rarr;<\/span><\/a><\/p>\n<div style=\"padding-bottom:20px; padding-top:10px;\" class=\"hupso-share-buttons\"><!-- Hupso Share Buttons - https:\/\/www.hupso.com\/share\/ --><a class=\"hupso_toolbar\" href=\"https:\/\/www.hupso.com\/share\/\"><img src=\"http:\/\/static.hupso.com\/share\/buttons\/lang\/es\/share-medium.png\" style=\"border:0px; padding-top: 5px; float:left;\" alt=\"Share Button\"\/><\/a><script type=\"text\/javascript\">var hupso_services_t=new Array(\"Twitter\",\"Facebook\",\"Google Plus\",\"Pinterest\",\"Linkedin\",\"Email\",\"Print\");var hupso_background_t=\"#EAF4FF\";var hupso_border_t=\"#66CCFF\";var hupso_toolbar_size_t=\"medium\";var hupso_image_folder_url = \"\";var hupso_twitter_via=\"hectorops\";var hupso_url_t=\"\";var hupso_title_t=\"El%20Papa%20Francisco%20toma%20su%20bandeja%20y%20se%20sienta%20a%20almorzar%20con%20empleados%20del%20Vaticano\";<\/script><script type=\"text\/javascript\" src=\"http:\/\/static.hupso.com\/share\/js\/share_toolbar.js\"><\/script><!-- Hupso Share Buttons --><\/div>","protected":false},"author":1,"featured_media":0,"comment_status":"open","ping_status":"open","sticky":false,"template":"","format":"standard","meta":{"jetpack_post_was_ever_published":false,"_jetpack_newsletter_access":"","_jetpack_newsletter_tier_id":0,"jetpack_publicize_message":"","jetpack_is_tweetstorm":false,"jetpack_publicize_feature_enabled":true,"jetpack_social_post_already_shared":true,"jetpack_social_options":{"image_generator_settings":{"template":"highway","enabled":false}}},"categories":[1],"tags":[35,6,11,20],"jetpack_publicize_connections":[],"jetpack_featured_media_url":"","jetpack_shortlink":"https:\/\/wp.me\/p3bBgS-10w","jetpack_sharing_enabled":true,"jetpack_likes_enabled":true,"_links":{"self":[{"href":"http:\/\/delamanodemaria.com\/index.php?rest_route=\/wp\/v2\/posts\/3876"}],"collection":[{"href":"http:\/\/delamanodemaria.com\/index.php?rest_route=\/wp\/v2\/posts"}],"about":[{"href":"http:\/\/delamanodemaria.com\/index.php?rest_route=\/wp\/v2\/types\/post"}],"author":[{"embeddable":true,"href":"http:\/\/delamanodemaria.com\/index.php?rest_route=\/wp\/v2\/users\/1"}],"replies":[{"embeddable":true,"href":"http:\/\/delamanodemaria.com\/index.php?rest_route=%2Fwp%2Fv2%2Fcomments&post=3876"}],"version-history":[{"count":1,"href":"http:\/\/delamanodemaria.com\/index.php?rest_route=\/wp\/v2\/posts\/3876\/revisions"}],"predecessor-version":[{"id":3878,"href":"http:\/\/delamanodemaria.com\/index.php?rest_route=\/wp\/v2\/posts\/3876\/revisions\/3878"}],"wp:attachment":[{"href":"http:\/\/delamanodemaria.com\/index.php?rest_route=%2Fwp%2Fv2%2Fmedia&parent=3876"}],"wp:term":[{"taxonomy":"category","embeddable":true,"href":"http:\/\/delamanodemaria.com\/index.php?rest_route=%2Fwp%2Fv2%2Fcategories&post=3876"},{"taxonomy":"post_tag","embeddable":true,"href":"http:\/\/delamanodemaria.com\/index.php?rest_route=%2Fwp%2Fv2%2Ftags&post=3876"}],"curies":[{"name":"wp","href":"https:\/\/api.w.org\/{rel}","templated":true}]}}