{"id":3887,"date":"2014-07-29T09:43:39","date_gmt":"2014-07-29T13:43:39","guid":{"rendered":"http:\/\/delamanodemaria.com\/?p=3887"},"modified":"2014-07-29T09:43:39","modified_gmt":"2014-07-29T13:43:39","slug":"papa-francisco-visita-iglesia-pentecostal-de-la-reconciliacion-en-caserta","status":"publish","type":"post","link":"http:\/\/delamanodemaria.com\/?p=3887","title":{"rendered":"Papa Francisco visita Iglesia pentecostal de la Reconciliaci\u00f3n en Caserta"},"content":{"rendered":"<p><a href=\"http:\/\/delamanodemaria.com\/wp-content\/uploads\/2014\/07\/ppfranciscoconpentecostales.jpg\"><img decoding=\"async\" loading=\"lazy\" class=\"alignnone size-full wp-image-3888\" src=\"http:\/\/delamanodemaria.com\/wp-content\/uploads\/2014\/07\/ppfranciscoconpentecostales.jpg\" alt=\"ppfranciscoconpentecostales\" width=\"620\" height=\"413\" srcset=\"http:\/\/delamanodemaria.com\/wp-content\/uploads\/2014\/07\/ppfranciscoconpentecostales.jpg 620w, http:\/\/delamanodemaria.com\/wp-content\/uploads\/2014\/07\/ppfranciscoconpentecostales-300x199.jpg 300w, http:\/\/delamanodemaria.com\/wp-content\/uploads\/2014\/07\/ppfranciscoconpentecostales-450x300.jpg 450w\" sizes=\"(max-width: 620px) 100vw, 620px\" \/><\/a><\/p>\n<p><span style=\"font-weight: normal; color: #343434;\">(RV).- \u00a0<\/span><span style=\"font-weight: normal; color: #343434; text-decoration: underline;\">\u00a0<\/span><span style=\"font-weight: normal; color: #343434;\">El Esp\u00edritu Santo hace la diversidad pero tambi\u00e9n la unidad en la Iglesia: ha afirmado el Papa Francisco esta ma\u00f1ana en la Iglesia pentecostal de la Reconciliaci\u00f3n en Caserta durante el encuentro con el pastor Giovanni Traettino, amigo suyo desde los tiempos de Buenos Aires, y como \u00e9l, comprometido desde hace tantos a\u00f1os en el ecumenismo. En el encuentro han participado alrededor de 200 personas, la mayor\u00eda pentecostales provenientes de Italia, de los Estados Unidos, Argentina y otros pa\u00edses.<\/span><br style=\"font-weight: normal; color: #343434;\" \/><span style=\"font-weight: normal; color: #343434;\">Escuchemos el servicio de nuestro compa\u00f1ero Sergio Centofanti:<\/span><br style=\"font-weight: normal; color: #343434;\" \/><span style=\"font-weight: normal; color: #343434;\">Ha sido un encuentro muy bello y familiar, entre el Papa Francisco y el pastor amigo, reunido junto a su comunidad. Un saludo conmovedor el de Traettino al Papa, entre los calurosos aplausos de los presentes:<\/span><br style=\"font-weight: normal; color: #343434;\" \/><span style=\"font-weight: normal; color: #343434;\">\u201cQuerido Papa Francisco, amado hermano m\u00edo, es grande nuestra alegr\u00eda por esta visita: un grande don inesperado &#8230; [<a href=\"http:\/\/www.news.va\/es\/news\/el-papa-a-los-pentecostales-el-espiritu-hace-la-di\" target=\"_blank\">continuar leyendo<\/a>]<\/span><\/p>\n<p>Tomado de:<\/p>\n<h1 style=\"font-weight: bold; color: #57585c;\"><em>El Papa a los pentecostales: el Esp\u00edritu hace la diversidad, pero tambi\u00e9n la unidad.\u00a0http:\/\/www.news.va\/es\/news\/el-papa-a-los-pentecostales-el-espiritu-hace-la-di<\/em><\/h1>\n<div style=\"padding-bottom:20px; padding-top:10px;\" class=\"hupso-share-buttons\"><!-- Hupso Share Buttons - https:\/\/www.hupso.com\/share\/ --><a class=\"hupso_toolbar\" href=\"https:\/\/www.hupso.com\/share\/\"><img src=\"http:\/\/static.hupso.com\/share\/buttons\/lang\/es\/share-medium.png\" style=\"border:0px; padding-top: 5px; float:left;\" alt=\"Share Button\"\/><\/a><script type=\"text\/javascript\">var hupso_services_t=new Array(\"Twitter\",\"Facebook\",\"Google Plus\",\"Pinterest\",\"Linkedin\",\"Email\",\"Print\");var hupso_background_t=\"#EAF4FF\";var hupso_border_t=\"#66CCFF\";var hupso_toolbar_size_t=\"medium\";var hupso_image_folder_url = \"\";var hupso_twitter_via=\"hectorops\";var hupso_url_t=\"\";var hupso_title_t=\"Papa%20Francisco%20visita%20Iglesia%20pentecostal%20de%20la%20Reconciliaci%C3%B3n%20en%20Caserta\";<\/script><script type=\"text\/javascript\" src=\"http:\/\/static.hupso.com\/share\/js\/share_toolbar.js\"><\/script><!-- Hupso Share Buttons --><\/div>","protected":false},"excerpt":{"rendered":"<p>(RV).- \u00a0\u00a0El Esp\u00edritu Santo hace la diversidad pero tambi\u00e9n la unidad en la Iglesia: ha afirmado el Papa Francisco esta ma\u00f1ana en la Iglesia pentecostal de la Reconciliaci\u00f3n en Caserta durante el encuentro con el pastor Giovanni Traettino, amigo suyo &hellip; <a href=\"http:\/\/delamanodemaria.com\/?p=3887\">Continue reading <span class=\"meta-nav\">&rarr;<\/span><\/a><\/p>\n<div style=\"padding-bottom:20px; padding-top:10px;\" class=\"hupso-share-buttons\"><!-- Hupso Share Buttons - https:\/\/www.hupso.com\/share\/ --><a class=\"hupso_toolbar\" href=\"https:\/\/www.hupso.com\/share\/\"><img src=\"http:\/\/static.hupso.com\/share\/buttons\/lang\/es\/share-medium.png\" style=\"border:0px; padding-top: 5px; float:left;\" alt=\"Share Button\"\/><\/a><script type=\"text\/javascript\">var hupso_services_t=new Array(\"Twitter\",\"Facebook\",\"Google Plus\",\"Pinterest\",\"Linkedin\",\"Email\",\"Print\");var hupso_background_t=\"#EAF4FF\";var hupso_border_t=\"#66CCFF\";var hupso_toolbar_size_t=\"medium\";var hupso_image_folder_url = \"\";var hupso_twitter_via=\"hectorops\";var hupso_url_t=\"\";var hupso_title_t=\"Papa%20Francisco%20visita%20Iglesia%20pentecostal%20de%20la%20Reconciliaci%C3%B3n%20en%20Caserta\";<\/script><script type=\"text\/javascript\" src=\"http:\/\/static.hupso.com\/share\/js\/share_toolbar.js\"><\/script><!-- Hupso Share Buttons --><\/div>","protected":false},"author":1,"featured_media":0,"comment_status":"open","ping_status":"open","sticky":false,"template":"","format":"standard","meta":{"jetpack_post_was_ever_published":false,"_jetpack_newsletter_access":"","_jetpack_newsletter_tier_id":0,"jetpack_publicize_message":"","jetpack_is_tweetstorm":false,"jetpack_publicize_feature_enabled":true,"jetpack_social_post_already_shared":true,"jetpack_social_options":{"image_generator_settings":{"template":"highway","enabled":false}}},"categories":[1],"tags":[464,35,6,11,589,20],"jetpack_publicize_connections":[],"jetpack_featured_media_url":"","jetpack_shortlink":"https:\/\/wp.me\/p3bBgS-10H","jetpack_sharing_enabled":true,"jetpack_likes_enabled":true,"_links":{"self":[{"href":"http:\/\/delamanodemaria.com\/index.php?rest_route=\/wp\/v2\/posts\/3887"}],"collection":[{"href":"http:\/\/delamanodemaria.com\/index.php?rest_route=\/wp\/v2\/posts"}],"about":[{"href":"http:\/\/delamanodemaria.com\/index.php?rest_route=\/wp\/v2\/types\/post"}],"author":[{"embeddable":true,"href":"http:\/\/delamanodemaria.com\/index.php?rest_route=\/wp\/v2\/users\/1"}],"replies":[{"embeddable":true,"href":"http:\/\/delamanodemaria.com\/index.php?rest_route=%2Fwp%2Fv2%2Fcomments&post=3887"}],"version-history":[{"count":1,"href":"http:\/\/delamanodemaria.com\/index.php?rest_route=\/wp\/v2\/posts\/3887\/revisions"}],"predecessor-version":[{"id":3889,"href":"http:\/\/delamanodemaria.com\/index.php?rest_route=\/wp\/v2\/posts\/3887\/revisions\/3889"}],"wp:attachment":[{"href":"http:\/\/delamanodemaria.com\/index.php?rest_route=%2Fwp%2Fv2%2Fmedia&parent=3887"}],"wp:term":[{"taxonomy":"category","embeddable":true,"href":"http:\/\/delamanodemaria.com\/index.php?rest_route=%2Fwp%2Fv2%2Fcategories&post=3887"},{"taxonomy":"post_tag","embeddable":true,"href":"http:\/\/delamanodemaria.com\/index.php?rest_route=%2Fwp%2Fv2%2Ftags&post=3887"}],"curies":[{"name":"wp","href":"https:\/\/api.w.org\/{rel}","templated":true}]}}