{"id":3893,"date":"2014-07-30T19:59:26","date_gmt":"2014-07-30T23:59:26","guid":{"rendered":"http:\/\/delamanodemaria.com\/?p=3893"},"modified":"2014-07-30T19:59:26","modified_gmt":"2014-07-30T23:59:26","slug":"reflexion-para-el-jueves-de-la-decimoseptima-semana-del-t-o-memoria-de-san-ignacio-de-loyola-31-08-14","status":"publish","type":"post","link":"http:\/\/delamanodemaria.com\/?p=3893","title":{"rendered":"REFLEXI\u00d3N PARA EL JUEVES DE LA DECIMOS\u00c9PTIMA SEMANA DEL T.O. (Memoria de san Ignacio de Loyola)  31-08-14"},"content":{"rendered":"<p><a href=\"http:\/\/delamanodemaria.com\/wp-content\/uploads\/2014\/07\/alfarero-celestial.jpg\"><img decoding=\"async\" loading=\"lazy\" class=\"alignnone size-full wp-image-3894\" src=\"http:\/\/delamanodemaria.com\/wp-content\/uploads\/2014\/07\/alfarero-celestial.jpg\" alt=\"alfarero celestial\" width=\"625\" height=\"230\" srcset=\"http:\/\/delamanodemaria.com\/wp-content\/uploads\/2014\/07\/alfarero-celestial.jpg 625w, http:\/\/delamanodemaria.com\/wp-content\/uploads\/2014\/07\/alfarero-celestial-300x110.jpg 300w, http:\/\/delamanodemaria.com\/wp-content\/uploads\/2014\/07\/alfarero-celestial-500x184.jpg 500w\" sizes=\"(max-width: 625px) 100vw, 625px\" \/><\/a><\/p>\n<p>Hoy celebramos la memoria de San Ignacio de Loyola, fundador de la Compa\u00f1\u00eda de Jes\u00fas (mejor conocida como la orden de los Jesuitas), de la cual fue su primer general. Este santo, conocido por sus \u201cEjercicios espirituales\u201d, tuvo una vida llena de aventuras que comenz\u00f3 con una corta carrera militar que fue tronchada al ser gravemente herido el 20 de mayo de 1521 durante una batalla en la que \u00e9l luchaba en defensa del castillo de Pamplona.<\/p>\n<p>Esas heridas requirieron una larga convalecencia durante la cual, a falta de otro material de lectura, se sumergi\u00f3 en la lectura de la vida de Cristo y biograf\u00edas de santos. Ese evento marc\u00f3 el inicio de su largo camino de conversi\u00f3n, que culmin\u00f3 con la fundaci\u00f3n de la Compa\u00f1\u00eda de Jes\u00fas, que fue aprobada por el papa Pablo III, el 27 de septiembre de 1540.<\/p>\n<p>El evangelio de hoy (Mt 13,47-53) nos presenta la par\u00e1bola de la red, la \u00faltima de las par\u00e1bolas del Reino que ocupan el cap\u00edtulo 13 de san Mateo. Les referimos a nuestra <a href=\"http:\/\/delamanodemaria.com\/?p=3871\">reflexi\u00f3n para el pasado domingo XVII del T.O.<\/a>, en la que comentamos esta par\u00e1bola.<\/p>\n<p>Esta lectura evang\u00e9lica, con sabor escatol\u00f3gico, del final de los tiempos, nos presenta la imagen del Reino como una red en la que caben tanto los peces buenos como los malos. Nos apunta tambi\u00e9n al hecho de que el Reino ya est\u00e1 aqu\u00ed, que ha comenzado. La ventaja que tenemos es que el Pescador nos da la oportunidad de ser contados entre los \u201cpeces buenos\u201d. Y de la misma manera que nos cre\u00f3 del barro (Gn 2,7), si nos entregamos a las manos del Alfarero, \u00c9l puede triturarnos y hacernos de nuevo; criaturas nuevas nacidas de la conversi\u00f3n, el \u201chombre nuevo\u201d de que nos habla san Pablo (<em>Cfr<\/em>. Ef 4,24). Entonces seremos contados entre los elegidos (<em>Cfr<\/em>. Ap 7).<\/p>\n<p>La primera lectura de hoy, tomada del profeta Jerem\u00edas (18,1-6), nos presenta la figura del alfarero. Con esta figura Dios le est\u00e1 diciendo al profeta que as\u00ed como cuando el alfarero no est\u00e1 satisfecho con la vasija que ha hecho, en vez de desanimarse, la rompe y comienza otra pieza con ese mismo barro, \u00c9l har\u00e1 lo mismo con el pueblo. Del mismo modo act\u00faa Dios con nosotros, mostr\u00e1ndonos una vez m\u00e1s Su infinita paciencia, que hace que nunca se canse de esperar nuestra conversi\u00f3n, como lo hizo con san Ignacio de Loyola. A veces ese proceso es doloroso, pero cuando vemos el resultado final, comprendemos que era necesario.<\/p>\n<p>En la celebraci\u00f3n eucar\u00edstica entonamos un c\u00e1ntico que dice \u201cYo quiero ser Se\u00f1or amado, como el barro en manos del alfarero, toma mi vida hazla de nuevo, yo quiero ser un vaso nuevo\u201d.<\/p>\n<p>Hoy les invito a que nos preguntemos: \u00bfEstoy dispuesto a entregarme en manos del Alfarero Celestial para que \u00c9l me triture y me moldee en un \u201cvaso nuevo\u201d que sea de Su agrado?<\/p>\n<div style=\"padding-bottom:20px; padding-top:10px;\" class=\"hupso-share-buttons\"><!-- Hupso Share Buttons - https:\/\/www.hupso.com\/share\/ --><a class=\"hupso_toolbar\" href=\"https:\/\/www.hupso.com\/share\/\"><img src=\"http:\/\/static.hupso.com\/share\/buttons\/lang\/es\/share-medium.png\" style=\"border:0px; padding-top: 5px; float:left;\" alt=\"Share Button\"\/><\/a><script type=\"text\/javascript\">var hupso_services_t=new Array(\"Twitter\",\"Facebook\",\"Google Plus\",\"Pinterest\",\"Linkedin\",\"Email\",\"Print\");var hupso_background_t=\"#EAF4FF\";var hupso_border_t=\"#66CCFF\";var hupso_toolbar_size_t=\"medium\";var hupso_image_folder_url = \"\";var hupso_twitter_via=\"hectorops\";var hupso_url_t=\"\";var hupso_title_t=\"REFLEXI%C3%93N%20PARA%20EL%20JUEVES%20DE%20LA%20DECIMOS%C3%89PTIMA%20SEMANA%20DEL%20T.O.%20%28Memoria%20de%20san%20Ignacio%20de%20Loyola%29%20%2031-08-14\";<\/script><script type=\"text\/javascript\" src=\"http:\/\/static.hupso.com\/share\/js\/share_toolbar.js\"><\/script><!-- Hupso Share Buttons --><\/div>","protected":false},"excerpt":{"rendered":"<p>Hoy celebramos la memoria de San Ignacio de Loyola, fundador de la Compa\u00f1\u00eda de Jes\u00fas (mejor conocida como la orden de los Jesuitas), de la cual fue su primer general. Este santo, conocido por sus \u201cEjercicios espirituales\u201d, tuvo una vida &hellip; <a href=\"http:\/\/delamanodemaria.com\/?p=3893\">Continue reading <span class=\"meta-nav\">&rarr;<\/span><\/a><\/p>\n<div style=\"padding-bottom:20px; padding-top:10px;\" class=\"hupso-share-buttons\"><!-- Hupso Share Buttons - https:\/\/www.hupso.com\/share\/ --><a class=\"hupso_toolbar\" href=\"https:\/\/www.hupso.com\/share\/\"><img src=\"http:\/\/static.hupso.com\/share\/buttons\/lang\/es\/share-medium.png\" style=\"border:0px; padding-top: 5px; float:left;\" alt=\"Share Button\"\/><\/a><script type=\"text\/javascript\">var hupso_services_t=new Array(\"Twitter\",\"Facebook\",\"Google Plus\",\"Pinterest\",\"Linkedin\",\"Email\",\"Print\");var hupso_background_t=\"#EAF4FF\";var hupso_border_t=\"#66CCFF\";var hupso_toolbar_size_t=\"medium\";var hupso_image_folder_url = \"\";var hupso_twitter_via=\"hectorops\";var hupso_url_t=\"\";var hupso_title_t=\"REFLEXI%C3%93N%20PARA%20EL%20JUEVES%20DE%20LA%20DECIMOS%C3%89PTIMA%20SEMANA%20DEL%20T.O.%20%28Memoria%20de%20san%20Ignacio%20de%20Loyola%29%20%2031-08-14\";<\/script><script type=\"text\/javascript\" src=\"http:\/\/static.hupso.com\/share\/js\/share_toolbar.js\"><\/script><!-- Hupso Share Buttons --><\/div>","protected":false},"author":1,"featured_media":0,"comment_status":"open","ping_status":"open","sticky":false,"template":"","format":"standard","meta":{"jetpack_post_was_ever_published":false,"_jetpack_newsletter_access":"","_jetpack_newsletter_tier_id":0,"jetpack_publicize_message":"","jetpack_is_tweetstorm":false,"jetpack_publicize_feature_enabled":true,"jetpack_social_post_already_shared":true,"jetpack_social_options":{"image_generator_settings":{"template":"highway","enabled":false}}},"categories":[1],"tags":[592,586,342,243,511,585,21,2,97],"jetpack_publicize_connections":[],"jetpack_featured_media_url":"","jetpack_shortlink":"https:\/\/wp.me\/p3bBgS-10N","jetpack_sharing_enabled":true,"jetpack_likes_enabled":true,"_links":{"self":[{"href":"http:\/\/delamanodemaria.com\/index.php?rest_route=\/wp\/v2\/posts\/3893"}],"collection":[{"href":"http:\/\/delamanodemaria.com\/index.php?rest_route=\/wp\/v2\/posts"}],"about":[{"href":"http:\/\/delamanodemaria.com\/index.php?rest_route=\/wp\/v2\/types\/post"}],"author":[{"embeddable":true,"href":"http:\/\/delamanodemaria.com\/index.php?rest_route=\/wp\/v2\/users\/1"}],"replies":[{"embeddable":true,"href":"http:\/\/delamanodemaria.com\/index.php?rest_route=%2Fwp%2Fv2%2Fcomments&post=3893"}],"version-history":[{"count":2,"href":"http:\/\/delamanodemaria.com\/index.php?rest_route=\/wp\/v2\/posts\/3893\/revisions"}],"predecessor-version":[{"id":3896,"href":"http:\/\/delamanodemaria.com\/index.php?rest_route=\/wp\/v2\/posts\/3893\/revisions\/3896"}],"wp:attachment":[{"href":"http:\/\/delamanodemaria.com\/index.php?rest_route=%2Fwp%2Fv2%2Fmedia&parent=3893"}],"wp:term":[{"taxonomy":"category","embeddable":true,"href":"http:\/\/delamanodemaria.com\/index.php?rest_route=%2Fwp%2Fv2%2Fcategories&post=3893"},{"taxonomy":"post_tag","embeddable":true,"href":"http:\/\/delamanodemaria.com\/index.php?rest_route=%2Fwp%2Fv2%2Ftags&post=3893"}],"curies":[{"name":"wp","href":"https:\/\/api.w.org\/{rel}","templated":true}]}}