{"id":3922,"date":"2014-08-03T17:54:03","date_gmt":"2014-08-03T21:54:03","guid":{"rendered":"http:\/\/delamanodemaria.com\/?p=3922"},"modified":"2014-08-03T17:54:03","modified_gmt":"2014-08-03T21:54:03","slug":"reflexion-para-el-lunes-de-la-decimo-octava-semana-del-t-o-04-07-14","status":"publish","type":"post","link":"http:\/\/delamanodemaria.com\/?p=3922","title":{"rendered":"REFLEXI\u00d3N PARA EL LUNES DE LA D\u00c9CIMO OCTAVA SEMANA DEL T.O. 04-07-14"},"content":{"rendered":"<p><a href=\"http:\/\/delamanodemaria.com\/wp-content\/uploads\/2014\/08\/jeremias-yugo.jpg\"><img decoding=\"async\" loading=\"lazy\" class=\"alignnone size-full wp-image-3924\" src=\"http:\/\/delamanodemaria.com\/wp-content\/uploads\/2014\/08\/jeremias-yugo.jpg\" alt=\"jeremias yugo\" width=\"600\" height=\"398\" srcset=\"http:\/\/delamanodemaria.com\/wp-content\/uploads\/2014\/08\/jeremias-yugo.jpg 600w, http:\/\/delamanodemaria.com\/wp-content\/uploads\/2014\/08\/jeremias-yugo-300x199.jpg 300w, http:\/\/delamanodemaria.com\/wp-content\/uploads\/2014\/08\/jeremias-yugo-452x300.jpg 452w\" sizes=\"(max-width: 600px) 100vw, 600px\" \/><\/a><\/p>\n<p>La lectura evang\u00e9lica que nos ofrece la liturgia para hoy (Mt 14,13-21) es la misma que le\u00edmos ayer, d\u00e9cimo octavo domingo del T.O., la versi\u00f3n\u00a0 de Mateo de la \u201cprimera multiplicaci\u00f3n de los panes\u201d, por lo que les referimos a <a href=\"http:\/\/delamanodemaria.com\/?p=3911\" target=\"_blank\">nuestra reflexi\u00f3n para ese d\u00eda<\/a>.<\/p>\n<p>La primera lectura (Jr 28,1-17) nos presenta una situaci\u00f3n que no es ajena a nuestro tiempo: los falsos profetas. Jerem\u00edas ha venido denunciando los pecados del pueblo y anunciando el castigo que habr\u00eda de sobrevenir a manos del rey Nabucodonosor. Como gesto simb\u00f3lico de lo que le esperaba al pueblo, Yahv\u00e9 hab\u00eda ordenado a Jerem\u00edas colocarse un yugo de madera al cuello, y advertirles al rey Jos\u00edas y a los embajadores de los reinos vecinos, que no importaba lo que \u00e9stos hicieran, \u00c9l los iba a someter a todos bajo el yugo de Nabucodonosor (Jr 27).<\/p>\n<p>Dios, conociendo la naturaleza humana, les advirti\u00f3: \u201cVosotros, pues, no oig\u00e1is a vuestros profetas, adivinos, so\u00f1adores, augures ni hechiceros que os hablan diciendo: \u201cNo servir\u00e9is al rey de Babilonia\u201d, porque cosa falsa os profetizan para alejaros de sobre vuestro suelo, de suerte que yo os arroje y perezc\u00e1is\u201d.<\/p>\n<p>A pesar de esas advertencias, en el pasaje de hoy encontramos a Anan\u00edas, profeta de la corte, quien, contrario a lo profetizado por Jerem\u00edas, dice que el Se\u00f1or le revel\u00f3 que Nabucodonosor ser\u00eda derrotado por Sedec\u00edas y sus aliados, devolviendo al templo todos los tesoros, y a Judea aquellos que ya hab\u00eda sido desterrados (para este momento todav\u00eda no se hab\u00eda completado la deportaci\u00f3n a Babilonia, y el Templo no hab\u00eda sido destruido a\u00fan). Y para enfatizar su \u201cprofec\u00eda\u201d, Anan\u00edas le quit\u00f3 el yugo de madera que Jerem\u00edas llevaba al cuello y lo rompi\u00f3, diciendo: \u201cAs\u00ed dice el Se\u00f1or: \u2018As\u00ed es como romper\u00e9 el yugo del rey de Babilonia, que llevan al cuello tantas naciones, antes de dos a\u00f1os\u2019\u201d.<\/p>\n<p>Jerem\u00edas, que hab\u00eda deseado que las palabras de Anan\u00edas fueran ciertas (\u201cAm\u00e9n, as\u00ed lo haga el Se\u00f1or\u201d), no quiso confrontarlo y decidi\u00f3 marcharse. Pero el Se\u00f1or le detuvo y le orden\u00f3 regresar para decirle a Anan\u00edas: \u201cAs\u00ed dice el Se\u00f1or: T\u00fa has roto un yugo de madera, yo\u2026 pondr\u00e9 yugo de hierro al cuello de todas estas naciones, para que sirvan a Nabucodonosor, rey de Babilonia\u201d. De paso, le anunci\u00f3 la muerte de Anan\u00edas antes de un a\u00f1o, lo que, de hecho, ocurri\u00f3.<\/p>\n<p>Anan\u00edas se presenta como el prototipo del profeta que \u201cacomoda\u201d el mensaje de Dios, escogiendo solo aquellas partes que todos queremos escuchar. \u00a1Cu\u00e1ntos de esos \u201cprofetas de la prosperidad\u201d escuchamos a diario! Por el contrario, tendemos a rechazar el mensaje de aquellos que nos predican el verdadero Evangelio, que implica negaciones, sacrificios, \u201ctomar nuestra cruz de cada d\u00eda\u201d y abandonarlo todo para seguir a Jes\u00fas.<\/p>\n<p>Es bien f\u00e1cil anunciar la felicidad (es lo que todos deseamos, \u00bfno?). Por eso cuando escuchamos un mensaje como \u201cPare de sufrir\u201d, todos corren a buscar el aceite, o el pa\u00f1uelo, o la rosa, que les va a traer la felicidad y la prosperidad aqu\u00ed y ahora. Lo cierto es que a quien \u00fanico trae prosperidad ese mensaje es al falso profeta que vende sue\u00f1os a quienes el mensaje de Jes\u00fas les resulta inc\u00f3modo.<\/p>\n<p>\u00a1Ojo!, mantengamos los ojos abiertos para no caer presa de esos embaucadores (<em>Cfr. <\/em>Mt 7,15).<\/p>\n<div style=\"padding-bottom:20px; padding-top:10px;\" class=\"hupso-share-buttons\"><!-- Hupso Share Buttons - https:\/\/www.hupso.com\/share\/ --><a class=\"hupso_toolbar\" href=\"https:\/\/www.hupso.com\/share\/\"><img src=\"http:\/\/static.hupso.com\/share\/buttons\/lang\/es\/share-medium.png\" style=\"border:0px; padding-top: 5px; float:left;\" alt=\"Share Button\"\/><\/a><script type=\"text\/javascript\">var hupso_services_t=new Array(\"Twitter\",\"Facebook\",\"Google Plus\",\"Pinterest\",\"Linkedin\",\"Email\",\"Print\");var hupso_background_t=\"#EAF4FF\";var hupso_border_t=\"#66CCFF\";var hupso_toolbar_size_t=\"medium\";var hupso_image_folder_url = \"\";var hupso_twitter_via=\"hectorops\";var hupso_url_t=\"\";var hupso_title_t=\"REFLEXI%C3%93N%20PARA%20EL%20LUNES%20DE%20LA%20D%C3%89CIMO%20OCTAVA%20SEMANA%20DEL%20T.O.%2004-07-14\";<\/script><script type=\"text\/javascript\" src=\"http:\/\/static.hupso.com\/share\/js\/share_toolbar.js\"><\/script><!-- Hupso Share Buttons --><\/div>","protected":false},"excerpt":{"rendered":"<p>La lectura evang\u00e9lica que nos ofrece la liturgia para hoy (Mt 14,13-21) es la misma que le\u00edmos ayer, d\u00e9cimo octavo domingo del T.O., la versi\u00f3n\u00a0 de Mateo de la \u201cprimera multiplicaci\u00f3n de los panes\u201d, por lo que les referimos a &hellip; <a href=\"http:\/\/delamanodemaria.com\/?p=3922\">Continue reading <span class=\"meta-nav\">&rarr;<\/span><\/a><\/p>\n<div style=\"padding-bottom:20px; padding-top:10px;\" class=\"hupso-share-buttons\"><!-- Hupso Share Buttons - https:\/\/www.hupso.com\/share\/ --><a class=\"hupso_toolbar\" href=\"https:\/\/www.hupso.com\/share\/\"><img src=\"http:\/\/static.hupso.com\/share\/buttons\/lang\/es\/share-medium.png\" style=\"border:0px; padding-top: 5px; float:left;\" alt=\"Share Button\"\/><\/a><script type=\"text\/javascript\">var hupso_services_t=new Array(\"Twitter\",\"Facebook\",\"Google Plus\",\"Pinterest\",\"Linkedin\",\"Email\",\"Print\");var hupso_background_t=\"#EAF4FF\";var hupso_border_t=\"#66CCFF\";var hupso_toolbar_size_t=\"medium\";var hupso_image_folder_url = \"\";var hupso_twitter_via=\"hectorops\";var hupso_url_t=\"\";var hupso_title_t=\"REFLEXI%C3%93N%20PARA%20EL%20LUNES%20DE%20LA%20D%C3%89CIMO%20OCTAVA%20SEMANA%20DEL%20T.O.%2004-07-14\";<\/script><script type=\"text\/javascript\" src=\"http:\/\/static.hupso.com\/share\/js\/share_toolbar.js\"><\/script><!-- Hupso Share Buttons --><\/div>","protected":false},"author":1,"featured_media":0,"comment_status":"open","ping_status":"open","sticky":false,"template":"","format":"standard","meta":{"jetpack_post_was_ever_published":false,"_jetpack_newsletter_access":"","_jetpack_newsletter_tier_id":0,"jetpack_publicize_message":"","jetpack_is_tweetstorm":false,"jetpack_publicize_feature_enabled":true,"jetpack_social_post_already_shared":true,"jetpack_social_options":{"image_generator_settings":{"template":"highway","enabled":false}}},"categories":[1],"tags":[586,595,343,511,164,361,202,2,144],"jetpack_publicize_connections":[],"jetpack_featured_media_url":"","jetpack_shortlink":"https:\/\/wp.me\/p3bBgS-11g","jetpack_sharing_enabled":true,"jetpack_likes_enabled":true,"_links":{"self":[{"href":"http:\/\/delamanodemaria.com\/index.php?rest_route=\/wp\/v2\/posts\/3922"}],"collection":[{"href":"http:\/\/delamanodemaria.com\/index.php?rest_route=\/wp\/v2\/posts"}],"about":[{"href":"http:\/\/delamanodemaria.com\/index.php?rest_route=\/wp\/v2\/types\/post"}],"author":[{"embeddable":true,"href":"http:\/\/delamanodemaria.com\/index.php?rest_route=\/wp\/v2\/users\/1"}],"replies":[{"embeddable":true,"href":"http:\/\/delamanodemaria.com\/index.php?rest_route=%2Fwp%2Fv2%2Fcomments&post=3922"}],"version-history":[{"count":3,"href":"http:\/\/delamanodemaria.com\/index.php?rest_route=\/wp\/v2\/posts\/3922\/revisions"}],"predecessor-version":[{"id":3926,"href":"http:\/\/delamanodemaria.com\/index.php?rest_route=\/wp\/v2\/posts\/3922\/revisions\/3926"}],"wp:attachment":[{"href":"http:\/\/delamanodemaria.com\/index.php?rest_route=%2Fwp%2Fv2%2Fmedia&parent=3922"}],"wp:term":[{"taxonomy":"category","embeddable":true,"href":"http:\/\/delamanodemaria.com\/index.php?rest_route=%2Fwp%2Fv2%2Fcategories&post=3922"},{"taxonomy":"post_tag","embeddable":true,"href":"http:\/\/delamanodemaria.com\/index.php?rest_route=%2Fwp%2Fv2%2Ftags&post=3922"}],"curies":[{"name":"wp","href":"https:\/\/api.w.org\/{rel}","templated":true}]}}