{"id":3946,"date":"2014-08-07T22:41:44","date_gmt":"2014-08-08T02:41:44","guid":{"rendered":"http:\/\/delamanodemaria.com\/?p=3946"},"modified":"2014-08-07T23:10:15","modified_gmt":"2014-08-08T03:10:15","slug":"solemnidad-de-santo-domingo-de-guzman-fundador-de-la-orden-de-predicadores-08-08-14","status":"publish","type":"post","link":"http:\/\/delamanodemaria.com\/?p=3946","title":{"rendered":"SOLEMNIDAD DE SANTO DOMINGO DE GUZM\u00c1N, FUNDADOR DE LA ORDEN DE PREDICADORES 08-08-14"},"content":{"rendered":"<p><span style=\"color: #000000;\"><a href=\"http:\/\/delamanodemaria.com\/wp-content\/uploads\/2014\/08\/Santo-Domingo-nuestro-Padre-VERITAS.jpg\"><span style=\"color: #000000;\"><img decoding=\"async\" loading=\"lazy\" class=\"alignnone size-full wp-image-3947\" src=\"http:\/\/delamanodemaria.com\/wp-content\/uploads\/2014\/08\/Santo-Domingo-nuestro-Padre-VERITAS.jpg\" alt=\"Santo Domingo nuestro Padre VERITAS\" width=\"704\" height=\"704\" srcset=\"http:\/\/delamanodemaria.com\/wp-content\/uploads\/2014\/08\/Santo-Domingo-nuestro-Padre-VERITAS.jpg 704w, http:\/\/delamanodemaria.com\/wp-content\/uploads\/2014\/08\/Santo-Domingo-nuestro-Padre-VERITAS-150x150.jpg 150w, http:\/\/delamanodemaria.com\/wp-content\/uploads\/2014\/08\/Santo-Domingo-nuestro-Padre-VERITAS-300x300.jpg 300w, http:\/\/delamanodemaria.com\/wp-content\/uploads\/2014\/08\/Santo-Domingo-nuestro-Padre-VERITAS-100x100.jpg 100w, http:\/\/delamanodemaria.com\/wp-content\/uploads\/2014\/08\/Santo-Domingo-nuestro-Padre-VERITAS-200x200.jpg 200w\" sizes=\"(max-width: 704px) 100vw, 704px\" \/><\/span><\/a><\/span><\/p>\n<p><span style=\"color: #000000;\">Aunque para nuestra Provincia Eclesi\u00e1stica hoy es &#8220;Memoria&#8221;, la Orden de Predicadores (Dominicos) celebra hoy, 8 de agosto, la Solemnidad de nuestro padre y fundador Santo Domingo de Guzm\u00e1n, por lo que\u00a0en esta fecha celebramos la liturgia propia de la solemnidad, apart\u00e1ndonos de las lecturas correspondientes al tiempo ordinario.<\/span><\/p>\n<p><span style=\"color: #000000;\">El a\u00f1o pasado publicamos una <span style=\"color: #3366ff;\">r<a href=\"http:\/\/delamanodemaria.com\/?p=1651\" target=\"_blank\"><span style=\"color: #3366ff;\">eflexi\u00f3n sobre\u00a0las lecturas propias de la solemnidad<\/span><\/a><\/span>, a la cual les referimos.<\/span><\/p>\n<p><span style=\"color: #000000;\">Santo Domingo de Guzm\u00e1n n<span style=\"font-weight: normal;\">aci\u00f3 en Caleruega (Espa\u00f1a), alrededor del a\u00f1o 1170. Realiz\u00f3 sus estudios teol\u00f3gicos en Palencia y fue nombrado can\u00f3nigo de la Iglesia de Osma. Incansable predicador, con su predicaci\u00f3n y con su vida ejemplar, combati\u00f3 con \u00e9xito la herej\u00eda albigense. Junto a otros que se le unieron en esa empresa, fund\u00f3 la Orden de Predicadores. Muri\u00f3 en Bolonia el d\u00eda 6 de agosto del a\u00f1o 1221. Fue canonizado en el a\u00f1o 1234.<\/span><\/span><\/p>\n<p><span style=\"color: #000000;\">Vivi\u00f3 una vida ejemplar dedicado a la oraci\u00f3n, el estudio, la contemplaci\u00f3n, y la santa predicaci\u00f3n, caracter\u00edsticas que imprimi\u00f3 a la Orden de Predicadores. La Orden se apresta a celebrar el Jubileo de los 800 a\u00f1os de su fundaci\u00f3n en el 2016.<\/span><\/p>\n<p><span style=\"color: #000000;\">Domingo vivi\u00f3 la verdadera pobreza evang\u00e9lica, entreg\u00e1ndose por completo a los pobres y marginados, llegando al extremo de vender su \u00faltima posesi\u00f3n, y la m\u00e1s preciada, sus libros, para repartir el dinero a los pobres.<\/span><\/p>\n<p><span style=\"color: #000000;\">Cuentan que apenas dorm\u00eda, y pasaba la noche en vela orando y llorando por los pecados de la humanidad.<\/span><\/p>\n<p>El papa Gregorio IX, al canonizar a santo Domingo dijo de \u00e9l: &#8220;<span style=\"font-weight: normal;\">De la santidad de este hombre estoy tan seguro, como de la santidad de San Pedro y San Pablo&#8221;.<\/span><\/p>\n<p>Me siento honrado de vestir el h\u00e1bito de la Orden de Predicadores fundada por tan insigne santo, y me esfuerzo cada d\u00eda por hacerme merecedor de esa gracia.<\/p>\n<p>Santo Domingo de Guzm\u00e1n, ruega por nosotros.<\/p>\n<p>&nbsp;<\/p>\n<div style=\"padding-bottom:20px; padding-top:10px;\" class=\"hupso-share-buttons\"><!-- Hupso Share Buttons - https:\/\/www.hupso.com\/share\/ --><a class=\"hupso_toolbar\" href=\"https:\/\/www.hupso.com\/share\/\"><img src=\"http:\/\/static.hupso.com\/share\/buttons\/lang\/es\/share-medium.png\" style=\"border:0px; padding-top: 5px; float:left;\" alt=\"Share Button\"\/><\/a><script type=\"text\/javascript\">var hupso_services_t=new Array(\"Twitter\",\"Facebook\",\"Google Plus\",\"Pinterest\",\"Linkedin\",\"Email\",\"Print\");var hupso_background_t=\"#EAF4FF\";var hupso_border_t=\"#66CCFF\";var hupso_toolbar_size_t=\"medium\";var hupso_image_folder_url = \"\";var hupso_twitter_via=\"hectorops\";var hupso_url_t=\"\";var hupso_title_t=\"SOLEMNIDAD%20DE%20SANTO%20DOMINGO%20DE%20GUZM%C3%81N%2C%20FUNDADOR%20DE%20LA%20ORDEN%20DE%20PREDICADORES%2008-08-14\";<\/script><script type=\"text\/javascript\" src=\"http:\/\/static.hupso.com\/share\/js\/share_toolbar.js\"><\/script><!-- Hupso Share Buttons --><\/div>","protected":false},"excerpt":{"rendered":"<p>Aunque para nuestra Provincia Eclesi\u00e1stica hoy es &#8220;Memoria&#8221;, la Orden de Predicadores (Dominicos) celebra hoy, 8 de agosto, la Solemnidad de nuestro padre y fundador Santo Domingo de Guzm\u00e1n, por lo que\u00a0en esta fecha celebramos la liturgia propia de la &hellip; <a href=\"http:\/\/delamanodemaria.com\/?p=3946\">Continue reading <span class=\"meta-nav\">&rarr;<\/span><\/a><\/p>\n<div style=\"padding-bottom:20px; padding-top:10px;\" class=\"hupso-share-buttons\"><!-- Hupso Share Buttons - https:\/\/www.hupso.com\/share\/ --><a class=\"hupso_toolbar\" href=\"https:\/\/www.hupso.com\/share\/\"><img src=\"http:\/\/static.hupso.com\/share\/buttons\/lang\/es\/share-medium.png\" style=\"border:0px; padding-top: 5px; float:left;\" alt=\"Share Button\"\/><\/a><script type=\"text\/javascript\">var hupso_services_t=new Array(\"Twitter\",\"Facebook\",\"Google Plus\",\"Pinterest\",\"Linkedin\",\"Email\",\"Print\");var hupso_background_t=\"#EAF4FF\";var hupso_border_t=\"#66CCFF\";var hupso_toolbar_size_t=\"medium\";var hupso_image_folder_url = \"\";var hupso_twitter_via=\"hectorops\";var hupso_url_t=\"\";var hupso_title_t=\"SOLEMNIDAD%20DE%20SANTO%20DOMINGO%20DE%20GUZM%C3%81N%2C%20FUNDADOR%20DE%20LA%20ORDEN%20DE%20PREDICADORES%2008-08-14\";<\/script><script type=\"text\/javascript\" src=\"http:\/\/static.hupso.com\/share\/js\/share_toolbar.js\"><\/script><!-- Hupso Share Buttons --><\/div>","protected":false},"author":1,"featured_media":0,"comment_status":"open","ping_status":"open","sticky":false,"template":"","format":"standard","meta":{"jetpack_post_was_ever_published":false,"_jetpack_newsletter_access":"","_jetpack_newsletter_tier_id":0,"jetpack_publicize_message":"","jetpack_is_tweetstorm":false,"jetpack_publicize_feature_enabled":true,"jetpack_social_post_already_shared":true,"jetpack_social_options":{"image_generator_settings":{"template":"highway","enabled":false}}},"categories":[1],"tags":[103,10,118,321],"jetpack_publicize_connections":[],"jetpack_featured_media_url":"","jetpack_shortlink":"https:\/\/wp.me\/p3bBgS-11E","jetpack_sharing_enabled":true,"jetpack_likes_enabled":true,"_links":{"self":[{"href":"http:\/\/delamanodemaria.com\/index.php?rest_route=\/wp\/v2\/posts\/3946"}],"collection":[{"href":"http:\/\/delamanodemaria.com\/index.php?rest_route=\/wp\/v2\/posts"}],"about":[{"href":"http:\/\/delamanodemaria.com\/index.php?rest_route=\/wp\/v2\/types\/post"}],"author":[{"embeddable":true,"href":"http:\/\/delamanodemaria.com\/index.php?rest_route=\/wp\/v2\/users\/1"}],"replies":[{"embeddable":true,"href":"http:\/\/delamanodemaria.com\/index.php?rest_route=%2Fwp%2Fv2%2Fcomments&post=3946"}],"version-history":[{"count":2,"href":"http:\/\/delamanodemaria.com\/index.php?rest_route=\/wp\/v2\/posts\/3946\/revisions"}],"predecessor-version":[{"id":3949,"href":"http:\/\/delamanodemaria.com\/index.php?rest_route=\/wp\/v2\/posts\/3946\/revisions\/3949"}],"wp:attachment":[{"href":"http:\/\/delamanodemaria.com\/index.php?rest_route=%2Fwp%2Fv2%2Fmedia&parent=3946"}],"wp:term":[{"taxonomy":"category","embeddable":true,"href":"http:\/\/delamanodemaria.com\/index.php?rest_route=%2Fwp%2Fv2%2Fcategories&post=3946"},{"taxonomy":"post_tag","embeddable":true,"href":"http:\/\/delamanodemaria.com\/index.php?rest_route=%2Fwp%2Fv2%2Ftags&post=3946"}],"curies":[{"name":"wp","href":"https:\/\/api.w.org\/{rel}","templated":true}]}}