{"id":3951,"date":"2014-08-09T00:20:50","date_gmt":"2014-08-09T04:20:50","guid":{"rendered":"http:\/\/delamanodemaria.com\/?p=3951"},"modified":"2014-08-09T00:21:56","modified_gmt":"2014-08-09T04:21:56","slug":"3951","status":"publish","type":"post","link":"http:\/\/delamanodemaria.com\/?p=3951","title":{"rendered":"REFLEXI\u00d3N PARA EL S\u00c1BADO DE LA DECIMOCTAVA SEMANA DE T.O. (2) 09-08-14"},"content":{"rendered":"<p><a href=\"http:\/\/delamanodemaria.com\/wp-content\/uploads\/2013\/11\/como-un-grano-de-mostaza.jpg\"><img decoding=\"async\" loading=\"lazy\" class=\"alignnone size-full wp-image-2213\" src=\"http:\/\/delamanodemaria.com\/wp-content\/uploads\/2013\/11\/como-un-grano-de-mostaza.jpg\" alt=\"como un grano de mostaza\" width=\"594\" height=\"396\" srcset=\"http:\/\/delamanodemaria.com\/wp-content\/uploads\/2013\/11\/como-un-grano-de-mostaza.jpg 594w, http:\/\/delamanodemaria.com\/wp-content\/uploads\/2013\/11\/como-un-grano-de-mostaza-300x200.jpg 300w, http:\/\/delamanodemaria.com\/wp-content\/uploads\/2013\/11\/como-un-grano-de-mostaza-450x300.jpg 450w\" sizes=\"(max-width: 594px) 100vw, 594px\" \/><\/a><\/p>\n<p>La lectura evang\u00e9lica que nos presenta la liturgia para hoy (Mt 17,14-20) nos relata el episodio del padre que le pide a Jes\u00fas que cure a su hijo epil\u00e9ptico, dici\u00e9ndole que sus disc\u00edpulos no hab\u00edan sido capaces de curarlo. Nos relata el pasaje que luego de haber curado al joven (el relato nos dice que Jes\u00fas ech\u00f3 el \u201cdemonio\u201d que ten\u00eda en joven), los disc\u00edpulos se le acercaron y le preguntaron: \u201c\u00bfY por qu\u00e9 no pudimos echarlo nosotros?\u201d, a lo que Jes\u00fas les contest\u00f3: \u201cPor vuestra poca fe. Os aseguro que si fuera vuestra fe como un grano de mostaza, le dir\u00edais a aquella monta\u00f1a que viniera aqu\u00ed, y vendr\u00eda. Nada os ser\u00eda imposible\u201d.<\/p>\n<p>Si examinamos un grano de mostaza al escuchar esas palabras de Jes\u00fas, nos daremos cuenta de cu\u00e1n peque\u00f1a, cu\u00e1n d\u00e9bil es nuestra fe.<\/p>\n<p>En el relato de Mateo, Jes\u00fas vuelve a insistir en la importancia de la fe como elemento esencial para recibir los milagros (\u201ctu fe te ha curado\u201d) y la falta de fe como impedimento para que se realicen los milagros (\u201chombre de poca fe\u2026\u201d). Y para afirmar su ense\u00f1anza, hace la aseveraci\u00f3n que se resume ese dicho popular que tanto escuchamos: \u201cLa fe mueve monta\u00f1as\u201d.<\/p>\n<p>Como hemos repetido en otras ocasiones, Dios no \u201cnecesita\u201d de nuestra fe para obrar milagros, si as\u00ed lo entiende conveniente. De hecho, a veces la fe surge a consecuencia de un milagro. Pero la fe es un ingrediente importante para poder \u201crecibir\u201d el milagro. La fe es lo que nos hace actuar conforme a lo que creemos. Es decir, la fe es la acci\u00f3n del creer.<\/p>\n<p>Ese fue el problema de los ap\u00f3stoles, cre\u00edan, pero les faltaba fe. Porque creer y tener fe no son sin\u00f3nimos. No se puede tener fe si no se cree, pero se puede creer y no tener fe. Hasta el demonio cree en Dios\u2026.<\/p>\n<p>Siempre me ha llamado la atenci\u00f3n que en el relato paralelo de Marcos (Mc 9,14-29), Jes\u00fas explica la incapacidad de sus disc\u00edpulos para echar el demonio diciendo: \u201cesta clase (de demonio) con nada puede ser arrojada sino con la oraci\u00f3n\u201d (v. 29).<\/p>\n<p>Lejos de ver una discrepancia entre ambas versiones del relato, vemos que se complementan. La eficacia de nuestra oraci\u00f3n va a ser directamente proporcional a nuestra fe. La oraci\u00f3n desprovista de fe no es oraci\u00f3n; es a lo sumo un mon\u00f3logo, es como cuando nos sorprendemos \u201chablando solos\u201d. Si no tenemos la certeza de que Dios existe, que nos ama infinitamente, que nos escucha, que tiene el poder de ayudarnos a resolver nuestros problemas de la manera m\u00e1s conveniente para nosotros (o sea, que creemos en \u00c9l y \u201cle creemos\u201d), las oraciones se convierten en una campana hueca, en palabras que el viento se lleva, no son eficaces.<\/p>\n<p>Se\u00f1or, yo creo; \u00a1aumenta mi fe!<\/p>\n<p>Que pasen todos un hermoso fin de semana, sin olvidar que el Padre les espera en su Casa para darles el abrazo m\u00e1s amoroso y tierno que puedan imaginar. \u00a1Bendiciones!<\/p>\n<div style=\"padding-bottom:20px; padding-top:10px;\" class=\"hupso-share-buttons\"><!-- Hupso Share Buttons - https:\/\/www.hupso.com\/share\/ --><a class=\"hupso_toolbar\" href=\"https:\/\/www.hupso.com\/share\/\"><img src=\"http:\/\/static.hupso.com\/share\/buttons\/lang\/es\/share-medium.png\" style=\"border:0px; padding-top: 5px; float:left;\" alt=\"Share Button\"\/><\/a><script type=\"text\/javascript\">var hupso_services_t=new Array(\"Twitter\",\"Facebook\",\"Google Plus\",\"Pinterest\",\"Linkedin\",\"Email\",\"Print\");var hupso_background_t=\"#EAF4FF\";var hupso_border_t=\"#66CCFF\";var hupso_toolbar_size_t=\"medium\";var hupso_image_folder_url = \"\";var hupso_twitter_via=\"hectorops\";var hupso_url_t=\"\";var hupso_title_t=\"REFLEXI%C3%93N%20PARA%20EL%20S%C3%81BADO%20DE%20LA%20DECIMOCTAVA%20SEMANA%20DE%20T.O.%20%282%29%2009-08-14\";<\/script><script type=\"text\/javascript\" src=\"http:\/\/static.hupso.com\/share\/js\/share_toolbar.js\"><\/script><!-- Hupso Share Buttons --><\/div>","protected":false},"excerpt":{"rendered":"<p>La lectura evang\u00e9lica que nos presenta la liturgia para hoy (Mt 17,14-20) nos relata el episodio del padre que le pide a Jes\u00fas que cure a su hijo epil\u00e9ptico, dici\u00e9ndole que sus disc\u00edpulos no hab\u00edan sido capaces de curarlo. Nos &hellip; <a href=\"http:\/\/delamanodemaria.com\/?p=3951\">Continue reading <span class=\"meta-nav\">&rarr;<\/span><\/a><\/p>\n<div style=\"padding-bottom:20px; padding-top:10px;\" class=\"hupso-share-buttons\"><!-- Hupso Share Buttons - https:\/\/www.hupso.com\/share\/ --><a class=\"hupso_toolbar\" href=\"https:\/\/www.hupso.com\/share\/\"><img src=\"http:\/\/static.hupso.com\/share\/buttons\/lang\/es\/share-medium.png\" style=\"border:0px; padding-top: 5px; float:left;\" alt=\"Share Button\"\/><\/a><script type=\"text\/javascript\">var hupso_services_t=new Array(\"Twitter\",\"Facebook\",\"Google Plus\",\"Pinterest\",\"Linkedin\",\"Email\",\"Print\");var hupso_background_t=\"#EAF4FF\";var hupso_border_t=\"#66CCFF\";var hupso_toolbar_size_t=\"medium\";var hupso_image_folder_url = \"\";var hupso_twitter_via=\"hectorops\";var hupso_url_t=\"\";var hupso_title_t=\"REFLEXI%C3%93N%20PARA%20EL%20S%C3%81BADO%20DE%20LA%20DECIMOCTAVA%20SEMANA%20DE%20T.O.%20%282%29%2009-08-14\";<\/script><script type=\"text\/javascript\" src=\"http:\/\/static.hupso.com\/share\/js\/share_toolbar.js\"><\/script><!-- Hupso Share Buttons --><\/div>","protected":false},"author":1,"featured_media":0,"comment_status":"open","ping_status":"open","sticky":false,"template":"","format":"standard","meta":{"jetpack_post_was_ever_published":false,"_jetpack_newsletter_access":"","_jetpack_newsletter_tier_id":0,"jetpack_publicize_message":"","jetpack_is_tweetstorm":false,"jetpack_publicize_feature_enabled":true,"jetpack_social_post_already_shared":true,"jetpack_social_options":{"image_generator_settings":{"template":"highway","enabled":false}}},"categories":[1],"tags":[534,586,299,22,27,130,2],"jetpack_publicize_connections":[],"jetpack_featured_media_url":"","jetpack_shortlink":"https:\/\/wp.me\/s3bBgS-3951","jetpack_sharing_enabled":true,"jetpack_likes_enabled":true,"_links":{"self":[{"href":"http:\/\/delamanodemaria.com\/index.php?rest_route=\/wp\/v2\/posts\/3951"}],"collection":[{"href":"http:\/\/delamanodemaria.com\/index.php?rest_route=\/wp\/v2\/posts"}],"about":[{"href":"http:\/\/delamanodemaria.com\/index.php?rest_route=\/wp\/v2\/types\/post"}],"author":[{"embeddable":true,"href":"http:\/\/delamanodemaria.com\/index.php?rest_route=\/wp\/v2\/users\/1"}],"replies":[{"embeddable":true,"href":"http:\/\/delamanodemaria.com\/index.php?rest_route=%2Fwp%2Fv2%2Fcomments&post=3951"}],"version-history":[{"count":2,"href":"http:\/\/delamanodemaria.com\/index.php?rest_route=\/wp\/v2\/posts\/3951\/revisions"}],"predecessor-version":[{"id":3953,"href":"http:\/\/delamanodemaria.com\/index.php?rest_route=\/wp\/v2\/posts\/3951\/revisions\/3953"}],"wp:attachment":[{"href":"http:\/\/delamanodemaria.com\/index.php?rest_route=%2Fwp%2Fv2%2Fmedia&parent=3951"}],"wp:term":[{"taxonomy":"category","embeddable":true,"href":"http:\/\/delamanodemaria.com\/index.php?rest_route=%2Fwp%2Fv2%2Fcategories&post=3951"},{"taxonomy":"post_tag","embeddable":true,"href":"http:\/\/delamanodemaria.com\/index.php?rest_route=%2Fwp%2Fv2%2Ftags&post=3951"}],"curies":[{"name":"wp","href":"https:\/\/api.w.org\/{rel}","templated":true}]}}