{"id":4383,"date":"2014-10-31T22:41:13","date_gmt":"2014-11-01T02:41:13","guid":{"rendered":"http:\/\/delamanodemaria.com\/?p=4383"},"modified":"2014-10-31T22:41:13","modified_gmt":"2014-11-01T02:41:13","slug":"reflexion-para-la-solemnidad-de-todos-los-santos-01-11-14","status":"publish","type":"post","link":"http:\/\/delamanodemaria.com\/?p=4383","title":{"rendered":"REFLEXI\u00d3N PARA LA SOLEMNIDAD DE TODOS LOS SANTOS 01-11-14"},"content":{"rendered":"<p><a href=\"http:\/\/delamanodemaria.com\/wp-content\/uploads\/2013\/10\/todos-los-santos.jpg\"><img decoding=\"async\" loading=\"lazy\" class=\"alignnone size-full wp-image-2154\" src=\"http:\/\/delamanodemaria.com\/wp-content\/uploads\/2013\/10\/todos-los-santos.jpg\" alt=\"todos-los-santos\" width=\"650\" height=\"360\" srcset=\"http:\/\/delamanodemaria.com\/wp-content\/uploads\/2013\/10\/todos-los-santos.jpg 650w, http:\/\/delamanodemaria.com\/wp-content\/uploads\/2013\/10\/todos-los-santos-300x166.jpg 300w, http:\/\/delamanodemaria.com\/wp-content\/uploads\/2013\/10\/todos-los-santos-500x276.jpg 500w\" sizes=\"(max-width: 650px) 100vw, 650px\" \/><\/a><\/p>\n<p>\u201cEntonces o\u00ed el n\u00famero de los marcados con el sello: ciento cuarenta y cuatro mil sellados, de todas las tribus de los hijos de Israel. Despu\u00e9s mir\u00e9 y hab\u00eda una muchedumbre inmensa, que nadie podr\u00eda contar, de toda naci\u00f3n, razas, pueblos y lenguas, de pie delante del trono y el Cordero, vestidos con vestiduras blancas y con palmas en sus manos. Y gritan con fuerte voz: \u00abLa salvaci\u00f3n es de nuestro Dios, que est\u00e1 sentado en el trono, y del Cordero\u00bb\u201d (Ap 7,4.9-10). Este pasaje, que forma parte de la primera lectura de hoy, es uno de mis favoritos de toda la Sagrada Escritura. Cada vez que lo leo no puedo evitar hacerme una imagen mental de la escena, con efectos audiovisuales y todo. Y como todo cristiano, mi aspiraci\u00f3n, como debe ser la de todos, es llegar a formar parte de esa muchedumbre inmensa. Se me eriza la piel de tan solo imaginarlo.<\/p>\n<p>Y esa lectura es muy apropiada para la Solemnidad de todos los Santos que celebramos hoy. Porque si bien la Iglesia nos propone como modelos y canoniza a unos que llamamos \u201cSantos\u201d y \u201cSantas\u201d, son cientos de miles los que componen esa multitud, \u201cimposible de contar\u201d que conforma el grupo de los elegidos, de los que han forjado su santidad a base de oraci\u00f3n y amor al pr\u00f3jimo, a base del seguimiento de los pasos de Jes\u00fas.<\/p>\n<p>Y de la misma manera en que la patria honra a los h\u00e9roes an\u00f3nimos de las grandes guerras con un monumento al \u201csoldado desconocido\u201d, as\u00ed la Iglesia honra, mediante esta Solemnidad, la memoria de aquellos que vivieron y murieron en olor de santidad, y cuya obra pas\u00f3 a veces desapercibida para la humanidad, mas no ante los ojos de Dios, quien recibi\u00f3 con agrado la oblaci\u00f3n de sus vidas santas.<\/p>\n<p>\u201cUna sola cosa es necesaria\u201d (Lc 10,42): la santidad personal. La santidad no es algo que est\u00e1 reservado a unas cuantas almas \u201cprivilegiadas\u201d. Todos estamos llamados a ser \u201csantos\u201d. Dios no nos quiere buenos, nos quiere santos. Santa Teresita del Ni\u00f1o Jes\u00fas dec\u00eda que \u201cla santidad consiste en una disposici\u00f3n del coraz\u00f3n que nos hace humildes y peque\u00f1os en los brazos de Dios, y confiados -aun con nuestro cuerpo- en su bondad paternal\u201d. Ya desde el Antiguo Testamento, Yahv\u00e9 Dios dijo a su pueblo: \u201cUstedes ser\u00e1n santos, porque yo, el Se\u00f1or su Dios, soy santo\u201d (Lv 19,2). Pablo llama \u201csantos\u201d a todos los cristianos de esas primeras comunidades; as\u00ed, por ejemplo, le dice a los Corintios \u201cque han sido santificados en Cristo Jes\u00fas y llamados a ser santos, junto con todos aquellos que en cualquier parte invocan el nombre de Jesucristo, nuestro Se\u00f1or, Se\u00f1or de ellos y nuestro\u201d (1 Cor 1,2).<\/p>\n<p>Hoy mi alma reboza de alegr\u00eda, porque la Iglesia universal honra la memoria de mi santa madre y mi padre ejemplar, que estoy seguro se encuentran de pie, ante el trono del Cordero, con sus vestiduras blancas y palmas en las manos, alabando y bendiciendo al Se\u00f1or, intercediendo por m\u00ed y mi familia, mientras gritan con fuerte voz: \u201cLa salvaci\u00f3n es de nuestro Dios, que est\u00e1 sentado en el trono, y del Cordero\u201d. \u00a1Santa Milagros y San Ernesto, rueguen por nosotros!<\/p>\n<div style=\"padding-bottom:20px; padding-top:10px;\" class=\"hupso-share-buttons\"><!-- Hupso Share Buttons - https:\/\/www.hupso.com\/share\/ --><a class=\"hupso_toolbar\" href=\"https:\/\/www.hupso.com\/share\/\"><img src=\"http:\/\/static.hupso.com\/share\/buttons\/lang\/es\/share-medium.png\" style=\"border:0px; padding-top: 5px; float:left;\" alt=\"Share Button\"\/><\/a><script type=\"text\/javascript\">var hupso_services_t=new Array(\"Twitter\",\"Facebook\",\"Google Plus\",\"Pinterest\",\"Linkedin\",\"Email\",\"Print\");var hupso_background_t=\"#EAF4FF\";var hupso_border_t=\"#66CCFF\";var hupso_toolbar_size_t=\"medium\";var hupso_image_folder_url = \"\";var hupso_twitter_via=\"hectorops\";var hupso_url_t=\"\";var hupso_title_t=\"REFLEXI%C3%93N%20PARA%20LA%20SOLEMNIDAD%20DE%20TODOS%20LOS%20SANTOS%2001-11-14\";<\/script><script type=\"text\/javascript\" src=\"http:\/\/static.hupso.com\/share\/js\/share_toolbar.js\"><\/script><!-- Hupso Share Buttons --><\/div>","protected":false},"excerpt":{"rendered":"<p>\u201cEntonces o\u00ed el n\u00famero de los marcados con el sello: ciento cuarenta y cuatro mil sellados, de todas las tribus de los hijos de Israel. Despu\u00e9s mir\u00e9 y hab\u00eda una muchedumbre inmensa, que nadie podr\u00eda contar, de toda naci\u00f3n, razas, &hellip; <a href=\"http:\/\/delamanodemaria.com\/?p=4383\">Continue reading <span class=\"meta-nav\">&rarr;<\/span><\/a><\/p>\n<div style=\"padding-bottom:20px; padding-top:10px;\" class=\"hupso-share-buttons\"><!-- Hupso Share Buttons - https:\/\/www.hupso.com\/share\/ --><a class=\"hupso_toolbar\" href=\"https:\/\/www.hupso.com\/share\/\"><img src=\"http:\/\/static.hupso.com\/share\/buttons\/lang\/es\/share-medium.png\" style=\"border:0px; padding-top: 5px; float:left;\" alt=\"Share Button\"\/><\/a><script type=\"text\/javascript\">var hupso_services_t=new Array(\"Twitter\",\"Facebook\",\"Google Plus\",\"Pinterest\",\"Linkedin\",\"Email\",\"Print\");var hupso_background_t=\"#EAF4FF\";var hupso_border_t=\"#66CCFF\";var hupso_toolbar_size_t=\"medium\";var hupso_image_folder_url = \"\";var hupso_twitter_via=\"hectorops\";var hupso_url_t=\"\";var hupso_title_t=\"REFLEXI%C3%93N%20PARA%20LA%20SOLEMNIDAD%20DE%20TODOS%20LOS%20SANTOS%2001-11-14\";<\/script><script type=\"text\/javascript\" src=\"http:\/\/static.hupso.com\/share\/js\/share_toolbar.js\"><\/script><!-- Hupso Share Buttons --><\/div>","protected":false},"author":1,"featured_media":0,"comment_status":"open","ping_status":"open","sticky":false,"template":"","format":"standard","meta":{"jetpack_post_was_ever_published":false,"_jetpack_newsletter_access":"","_jetpack_newsletter_tier_id":0,"jetpack_publicize_message":"","jetpack_is_tweetstorm":false,"jetpack_publicize_feature_enabled":true,"jetpack_social_post_already_shared":true,"jetpack_social_options":{"image_generator_settings":{"template":"highway","enabled":false}}},"categories":[1],"tags":[30,688,130,2,191,321,323],"jetpack_publicize_connections":[],"jetpack_featured_media_url":"","jetpack_shortlink":"https:\/\/wp.me\/p3bBgS-18H","jetpack_sharing_enabled":true,"jetpack_likes_enabled":true,"_links":{"self":[{"href":"http:\/\/delamanodemaria.com\/index.php?rest_route=\/wp\/v2\/posts\/4383"}],"collection":[{"href":"http:\/\/delamanodemaria.com\/index.php?rest_route=\/wp\/v2\/posts"}],"about":[{"href":"http:\/\/delamanodemaria.com\/index.php?rest_route=\/wp\/v2\/types\/post"}],"author":[{"embeddable":true,"href":"http:\/\/delamanodemaria.com\/index.php?rest_route=\/wp\/v2\/users\/1"}],"replies":[{"embeddable":true,"href":"http:\/\/delamanodemaria.com\/index.php?rest_route=%2Fwp%2Fv2%2Fcomments&post=4383"}],"version-history":[{"count":1,"href":"http:\/\/delamanodemaria.com\/index.php?rest_route=\/wp\/v2\/posts\/4383\/revisions"}],"predecessor-version":[{"id":4384,"href":"http:\/\/delamanodemaria.com\/index.php?rest_route=\/wp\/v2\/posts\/4383\/revisions\/4384"}],"wp:attachment":[{"href":"http:\/\/delamanodemaria.com\/index.php?rest_route=%2Fwp%2Fv2%2Fmedia&parent=4383"}],"wp:term":[{"taxonomy":"category","embeddable":true,"href":"http:\/\/delamanodemaria.com\/index.php?rest_route=%2Fwp%2Fv2%2Fcategories&post=4383"},{"taxonomy":"post_tag","embeddable":true,"href":"http:\/\/delamanodemaria.com\/index.php?rest_route=%2Fwp%2Fv2%2Ftags&post=4383"}],"curies":[{"name":"wp","href":"https:\/\/api.w.org\/{rel}","templated":true}]}}