{"id":4535,"date":"2014-11-29T23:57:11","date_gmt":"2014-11-30T03:57:11","guid":{"rendered":"http:\/\/delamanodemaria.com\/?p=4535"},"modified":"2014-11-30T00:09:26","modified_gmt":"2014-11-30T04:09:26","slug":"reflexion-para-el-primer-domingo-de-adviento-b-30-11-14","status":"publish","type":"post","link":"http:\/\/delamanodemaria.com\/?p=4535","title":{"rendered":"REFLEXI\u00d3N PARA EL PRIMER DOMINGO DE ADVIENTO (B) 30-11-14"},"content":{"rendered":"<p><a href=\"http:\/\/delamanodemaria.com\/wp-content\/uploads\/2014\/11\/adviento-1ra-semana.jpg\"><img decoding=\"async\" loading=\"lazy\" class=\"size-full wp-image-4536 aligncenter\" src=\"http:\/\/delamanodemaria.com\/wp-content\/uploads\/2014\/11\/adviento-1ra-semana.jpg\" alt=\"adviento 1ra semana\" width=\"576\" height=\"384\" srcset=\"http:\/\/delamanodemaria.com\/wp-content\/uploads\/2014\/11\/adviento-1ra-semana.jpg 576w, http:\/\/delamanodemaria.com\/wp-content\/uploads\/2014\/11\/adviento-1ra-semana-300x200.jpg 300w, http:\/\/delamanodemaria.com\/wp-content\/uploads\/2014\/11\/adviento-1ra-semana-450x300.jpg 450w\" sizes=\"(max-width: 576px) 100vw, 576px\" \/><\/a><\/p>\n<p>Recientemente publicamos en este <em>blog<\/em> un corto mensaje sobre la <a href=\"http:\/\/delamanodemaria.com\/?p=2430\" target=\"_blank\">Liturgia del Adviento<\/a>. All\u00ed se\u00f1al\u00e1bamos que las lecturas para el primer domingo de Adviento nos remiten a la espera de segunda venida del Se\u00f1or, la parus\u00eda. Por eso las lecturas nos exhortan a estar vigilantes.<\/p>\n<p>De ah\u00ed que la palabra clave para este primer domingo de Adviento es VIGILANCIA. Por eso, tanto las lecturas como la predicaci\u00f3n son una invitaci\u00f3n que se resume en las palabras con las que comienza el Evangelio para hoy (Mc 13,33-37): \u201cMirad, vigilad: pues no sab\u00e9is cu\u00e1ndo es el momento\u201d. Esta semana encenderemos la primera vela de la corona de Adviento, color morada, como signo de vigilancia.<\/p>\n<p>La primera lectura, tomada del profeta Isa\u00edas (63,16b-17.19b;64,2b-7), llamado el <em>profeta del Adviento<\/em>, nos recuerda que nunca es tarde para comenzar a prepararnos para esa \u201csegunda venida\u201d del Se\u00f1or que se dar\u00e1 en el momento menos pensado (<em>Cfr<\/em>. Mt 24,36). Tan solo tenemos que entregarnos en sus manos: \u201cSe\u00f1or, t\u00fa eres nuestro padre, nosotros la arcilla y t\u00fa el alfarero: somos todos obra de tu mano\u201d.<\/p>\n<p>En la segunda lectura, que contiene el saludo y acci\u00f3n de gracias al comienzo de la primera carta del san Pablo a los Corintios (1,3-9), el ap\u00f3stol nos recuerda que es por la gracia que hemos recibido de Dios que podemos mantenernos vigilantes y firmes hasta esa segunda venida: \u201cPues por \u00e9l hab\u00e9is sido enriquecidos en todo: en el hablar y en el saber; porque en vosotros se ha probado el testimonio de Cristo. De hecho, no carec\u00e9is de ning\u00fan don, vosotros que aguard\u00e1is la manifestaci\u00f3n de nuestro Se\u00f1or Jesucristo. \u00c9l os mantendr\u00e1 firmes hasta el final, para que no tengan de qu\u00e9 acusaros en el d\u00eda de Jesucristo, Se\u00f1or nuestro\u201d.<\/p>\n<p>En el Evangelio Jes\u00fas utiliza la par\u00e1bola del hombre que se fue de viaje (Jes\u00fas hasta su segunda venida) y dej\u00f3 a cada uno de sus criados (nosotros) una tarea (una misi\u00f3n), exhort\u00e1ndonos una vez m\u00e1s a la vigilancia: \u201cVelad entonces, pues no sab\u00e9is cu\u00e1ndo vendr\u00e1 el due\u00f1o de la casa, si al atardecer, o a medianoche, o al canto del gallo, o al amanecer; no sea que venga inesperadamente y os encuentre dormidos\u201d.<\/p>\n<p>Siempre que pensamos en esa \u201csegunda venida\u201d de Jes\u00fas, vienen a nuestras mentes las im\u00e1genes apocal\u00edpticas del fin de mundo, del \u201cfinal de los tiempos\u201d. Pero lo cierto es que ese encuentro definitivo con Jes\u00fas puede ser en cualquier momento para cada uno de nosotros; al final de nuestra vida terrena, cuando enfrentemos nuestro juicio particular.<\/p>\n<p>El Se\u00f1or ha dado a cada uno de nosotros unos dones, unos carismas, y nos ha encomendado una tarea. Si el Se\u00f1or llegara \u201cinesperadamente\u201d esta noche en mi sue\u00f1o (\u00a1cu\u00e1ntos no despertar\u00e1n ma\u00f1ana!), \u00bfqu\u00e9 cuentas voy a darle sobre la \u201ctarea\u201d que me encomend\u00f3? De ah\u00ed la exhortaci\u00f3n a estar vigilantes y con nuestra \u201ctarea\u201d al d\u00eda teniendo presente que, si la encontramos dif\u00edcil, tan solo tenemos que recordar las palabras de Isa\u00edas: \u201cSe\u00f1or, t\u00fa eres nuestro Padre, nosotros la arcilla y t\u00fa el alfarero: somos todos obra de tu mano\u201d.<\/p>\n<p>Estamos comenzando el Adviento. Tiempo de anticipaci\u00f3n, de conversi\u00f3n, de vigilante espera para el nacimiento del Ni\u00f1o Dios en nuestros corazones. Anda, reconc\u00edliate con \u00c9l y con tus hermanos, \u00a1no vaya a ser que llegue y te encuentre dormido!<\/p>\n<div style=\"padding-bottom:20px; padding-top:10px;\" class=\"hupso-share-buttons\"><!-- Hupso Share Buttons - https:\/\/www.hupso.com\/share\/ --><a class=\"hupso_toolbar\" href=\"https:\/\/www.hupso.com\/share\/\"><img src=\"http:\/\/static.hupso.com\/share\/buttons\/lang\/es\/share-medium.png\" style=\"border:0px; padding-top: 5px; float:left;\" alt=\"Share Button\"\/><\/a><script type=\"text\/javascript\">var hupso_services_t=new Array(\"Twitter\",\"Facebook\",\"Google Plus\",\"Pinterest\",\"Linkedin\",\"Email\",\"Print\");var hupso_background_t=\"#EAF4FF\";var hupso_border_t=\"#66CCFF\";var hupso_toolbar_size_t=\"medium\";var hupso_image_folder_url = \"\";var hupso_twitter_via=\"hectorops\";var hupso_url_t=\"\";var hupso_title_t=\"REFLEXI%C3%93N%20PARA%20EL%20PRIMER%20DOMINGO%20DE%20ADVIENTO%20%28B%29%2030-11-14\";<\/script><script type=\"text\/javascript\" src=\"http:\/\/static.hupso.com\/share\/js\/share_toolbar.js\"><\/script><!-- Hupso Share Buttons --><\/div>","protected":false},"excerpt":{"rendered":"<p>Recientemente publicamos en este blog un corto mensaje sobre la Liturgia del Adviento. All\u00ed se\u00f1al\u00e1bamos que las lecturas para el primer domingo de Adviento nos remiten a la espera de segunda venida del Se\u00f1or, la parus\u00eda. Por eso las lecturas &hellip; <a href=\"http:\/\/delamanodemaria.com\/?p=4535\">Continue reading <span class=\"meta-nav\">&rarr;<\/span><\/a><\/p>\n<div style=\"padding-bottom:20px; padding-top:10px;\" class=\"hupso-share-buttons\"><!-- Hupso Share Buttons - https:\/\/www.hupso.com\/share\/ --><a class=\"hupso_toolbar\" href=\"https:\/\/www.hupso.com\/share\/\"><img src=\"http:\/\/static.hupso.com\/share\/buttons\/lang\/es\/share-medium.png\" style=\"border:0px; padding-top: 5px; float:left;\" alt=\"Share Button\"\/><\/a><script type=\"text\/javascript\">var hupso_services_t=new Array(\"Twitter\",\"Facebook\",\"Google Plus\",\"Pinterest\",\"Linkedin\",\"Email\",\"Print\");var hupso_background_t=\"#EAF4FF\";var hupso_border_t=\"#66CCFF\";var hupso_toolbar_size_t=\"medium\";var hupso_image_folder_url = \"\";var hupso_twitter_via=\"hectorops\";var hupso_url_t=\"\";var hupso_title_t=\"REFLEXI%C3%93N%20PARA%20EL%20PRIMER%20DOMINGO%20DE%20ADVIENTO%20%28B%29%2030-11-14\";<\/script><script type=\"text\/javascript\" src=\"http:\/\/static.hupso.com\/share\/js\/share_toolbar.js\"><\/script><!-- Hupso Share Buttons --><\/div>","protected":false},"author":1,"featured_media":0,"comment_status":"open","ping_status":"open","sticky":false,"template":"","format":"standard","meta":{"jetpack_post_was_ever_published":false,"_jetpack_newsletter_access":"","_jetpack_newsletter_tier_id":0,"jetpack_publicize_message":"","jetpack_is_tweetstorm":false,"jetpack_publicize_feature_enabled":true,"jetpack_social_post_already_shared":true,"jetpack_social_options":{"image_generator_settings":{"template":"highway","enabled":false}}},"categories":[1],"tags":[647,322,724,12,726,371,56,271,725,26,2,309,310],"jetpack_publicize_connections":[],"jetpack_featured_media_url":"","jetpack_shortlink":"https:\/\/wp.me\/p3bBgS-1b9","jetpack_sharing_enabled":true,"jetpack_likes_enabled":true,"_links":{"self":[{"href":"http:\/\/delamanodemaria.com\/index.php?rest_route=\/wp\/v2\/posts\/4535"}],"collection":[{"href":"http:\/\/delamanodemaria.com\/index.php?rest_route=\/wp\/v2\/posts"}],"about":[{"href":"http:\/\/delamanodemaria.com\/index.php?rest_route=\/wp\/v2\/types\/post"}],"author":[{"embeddable":true,"href":"http:\/\/delamanodemaria.com\/index.php?rest_route=\/wp\/v2\/users\/1"}],"replies":[{"embeddable":true,"href":"http:\/\/delamanodemaria.com\/index.php?rest_route=%2Fwp%2Fv2%2Fcomments&post=4535"}],"version-history":[{"count":3,"href":"http:\/\/delamanodemaria.com\/index.php?rest_route=\/wp\/v2\/posts\/4535\/revisions"}],"predecessor-version":[{"id":4539,"href":"http:\/\/delamanodemaria.com\/index.php?rest_route=\/wp\/v2\/posts\/4535\/revisions\/4539"}],"wp:attachment":[{"href":"http:\/\/delamanodemaria.com\/index.php?rest_route=%2Fwp%2Fv2%2Fmedia&parent=4535"}],"wp:term":[{"taxonomy":"category","embeddable":true,"href":"http:\/\/delamanodemaria.com\/index.php?rest_route=%2Fwp%2Fv2%2Fcategories&post=4535"},{"taxonomy":"post_tag","embeddable":true,"href":"http:\/\/delamanodemaria.com\/index.php?rest_route=%2Fwp%2Fv2%2Ftags&post=4535"}],"curies":[{"name":"wp","href":"https:\/\/api.w.org\/{rel}","templated":true}]}}